{"id":1003,"date":"2004-06-04T06:17:00","date_gmt":"2004-06-04T06:17:00","guid":{"rendered":"https:\/\/www.oidossucios.com\/site\/2004\/06\/04\/caramelos-de-cianuro-parte-a-mexico\/"},"modified":"2004-06-04T06:17:00","modified_gmt":"2004-06-04T06:17:00","slug":"caramelos-de-cianuro-parte-a-mexico","status":"publish","type":"post","link":"https:\/\/www.oidossucios.com\/site\/caramelos-de-cianuro-parte-a-mexico\/","title":{"rendered":"Caramelos de Cianuro parte a M\u00e9xico"},"content":{"rendered":"<p>Fruto de su \u00e9xito en los \u00faltimos meses con el video de &#8220;El \u00daltimo Polvo&#8221;, el cual rot\u00f3 insistentemente en la cadena televisiva MTV Latino, la agrupaci\u00f3n caraque\u00f1a Caramelos de Cianuro realizar\u00e1 su primera gira por territorio mexicano el pr\u00f3ximo mes de julio.<\/p>\n<p>Adem\u00e1s de realizar la primera toma de contacto con medios del pa\u00eds azteca, la banda estar\u00e1 present\u00e1ndose en 4 ciudades mexicanas, para luego tomar rumbo hacia Estados Unidos donde, por ahora, compartir\u00e1n tarima con Solares (El nuevo proyecto de los hermanos Segura, ex \u0096 Zapato 3) en el XIII Festival de la Independencia de Venezuela, que se llevar\u00e1 a cabo en Miami. La agrupaci\u00f3n espera poder concretar tambi\u00e9n algunas presentaciones en New York, Orlando y Washington.<\/p>\n<p>CDC viene de estrenar un nuevo comercial televisivo para Pepsi, donde compusieron una canci\u00f3n para la selecci\u00f3n nacional de f\u00fatbol. En las pr\u00f3ximas semanas, el video de su nuevo sencillo promocional &#8220;Sanitarios&#8221;, grabado por Pablo Cross\u00e9 recientemente en Caracas, comenzar\u00e1 a rotar en las principales cadenas de videos de Latinoam\u00e9rica. <\/p>\n<p>Hasta los momentos, las fechas confirmadas de Caramelos de Cianuro son las siguientes:<\/p>\n<p><b>2 de julio:<\/b> Roxy (Guadalajara, M\u00e9xico)<br \/><b>3 de julio:<\/b> Cocktiel Bar (Le\u00f3n, M\u00e9xico)<br \/><b>7 de julio:<\/b> Hard Rock Caf\u00e9 (Guadalajara, M\u00e9xico)<br \/><b>8 de julio:<\/b> Lugar por confirmar (Morelia, M\u00e9xico)<br \/><b>9 de julio:<\/b> Bulbo (Ciudad de M\u00e9xico, M\u00e9xico)<br \/><b>11 de julio:<\/b> XIII Festival de la Independencia de Venezuela (Miami, Estados Unidos).<\/p>\n","protected":false},"excerpt":{"rendered":"<p>El pr\u00f3ximo mes, la banda venezolana realizar\u00e1 presentaciones en 4 ciudades mexicanas para luego tomar rumbo hacia Estados Unidos.<\/p>\n","protected":false},"author":4,"featured_media":10000999,"comment_status":"open","ping_status":"open","sticky":false,"template":"","format":"standard","meta":{"_jetpack_memberships_contains_paid_content":false,"footnotes":""},"categories":[250],"tags":[261],"class_list":["post-1003","post","type-post","status-publish","format-standard","has-post-thumbnail","hentry","category-noticias","tag-caramelos-cianuro"],"jetpack_featured_media_url":"https:\/\/www.oidossucios.com\/site\/wp-content\/uploads\/2004\/06\/999.jpg","yoast_head":"<!-- This site is optimized with the Yoast SEO plugin v14.0.4 - https:\/\/yoast.com\/wordpress\/plugins\/seo\/ -->\n<title>Caramelos de Cianuro parte a M\u00e9xico - OidosSucios.Com<\/title>\n<meta name=\"description\" content=\"La banda argentina agrega una fecha m\u00e1s para su gira venezolana. Quedan pocas entradas en preventa y los visitantes de Oidossucios.com pueden concursar por tickets al concierto de Caracas.\" \/>\n<meta name=\"robots\" content=\"index, follow\" \/>\n<meta name=\"googlebot\" content=\"index, follow, max-snippet:-1, max-image-preview:large, max-video-preview:-1\" \/>\n<meta name=\"bingbot\" content=\"index, follow, max-snippet:-1, max-image-preview:large, max-video-preview:-1\" \/>\n<link rel=\"canonical\" href=\"https:\/\/www.oidossucios.com\/site\/caramelos-de-cianuro-parte-a-mexico\/\" \/>\n<meta property=\"og:locale\" content=\"es_ES\" \/>\n<meta property=\"og:type\" content=\"article\" \/>\n<meta property=\"og:title\" content=\"Caramelos de Cianuro parte a M\u00e9xico - OidosSucios.Com\" \/>\n<meta property=\"og:description\" content=\"La banda argentina agrega una fecha m\u00e1s para su gira venezolana. Quedan pocas entradas en preventa y los visitantes de Oidossucios.com pueden concursar por tickets al concierto de Caracas.\" \/>\n<meta property=\"og:url\" content=\"https:\/\/www.oidossucios.com\/site\/caramelos-de-cianuro-parte-a-mexico\/\" \/>\n<meta property=\"og:site_name\" content=\"OidosSucios.Com\" \/>\n<meta property=\"article:published_time\" content=\"2004-06-04T06:17:00+00:00\" \/>\n<meta property=\"og:image\" content=\"https:\/\/www.oidossucios.com\/site\/wp-content\/uploads\/2004\/06\/999.jpg\" \/>\n\t<meta property=\"og:image:width\" content=\"290\" \/>\n\t<meta property=\"og:image:height\" content=\"100\" \/>\n<meta name=\"twitter:card\" content=\"summary_large_image\" \/>\n<meta name=\"twitter:creator\" content=\"@oidossucios\" \/>\n<script type=\"application\/ld+json\" class=\"yoast-schema-graph\">{\"@context\":\"https:\/\/schema.org\",\"@graph\":[{\"@type\":\"WebSite\",\"@id\":\"https:\/\/www.oidossucios.com\/site\/#website\",\"url\":\"https:\/\/www.oidossucios.com\/site\/\",\"name\":\"OidosSucios.Com\",\"description\":\"M\\u00fasica, conciertos, discos\",\"potentialAction\":[{\"@type\":\"SearchAction\",\"target\":\"https:\/\/www.oidossucios.com\/site\/?s={search_term_string}\",\"query-input\":\"required name=search_term_string\"}],\"inLanguage\":\"es\"},{\"@type\":\"ImageObject\",\"@id\":\"https:\/\/www.oidossucios.com\/site\/caramelos-de-cianuro-parte-a-mexico\/#primaryimage\",\"inLanguage\":\"es\",\"url\":\"https:\/\/www.oidossucios.com\/site\/wp-content\/uploads\/2004\/06\/999.jpg\",\"width\":290,\"height\":100},{\"@type\":\"WebPage\",\"@id\":\"https:\/\/www.oidossucios.com\/site\/caramelos-de-cianuro-parte-a-mexico\/#webpage\",\"url\":\"https:\/\/www.oidossucios.com\/site\/caramelos-de-cianuro-parte-a-mexico\/\",\"name\":\"Caramelos de Cianuro parte a M\\u00e9xico - OidosSucios.Com\",\"isPartOf\":{\"@id\":\"https:\/\/www.oidossucios.com\/site\/#website\"},\"primaryImageOfPage\":{\"@id\":\"https:\/\/www.oidossucios.com\/site\/caramelos-de-cianuro-parte-a-mexico\/#primaryimage\"},\"datePublished\":\"2004-06-04T06:17:00+00:00\",\"dateModified\":\"2004-06-04T06:17:00+00:00\",\"author\":{\"@id\":\"https:\/\/www.oidossucios.com\/site\/#\/schema\/person\/24559eeb76bf83a63296fb072393a688\"},\"description\":\"La banda argentina agrega una fecha m\\u00e1s para su gira venezolana. Quedan pocas entradas en preventa y los visitantes de Oidossucios.com pueden concursar por tickets al concierto de Caracas.\",\"inLanguage\":\"es\",\"potentialAction\":[{\"@type\":\"ReadAction\",\"target\":[\"https:\/\/www.oidossucios.com\/site\/caramelos-de-cianuro-parte-a-mexico\/\"]}]},{\"@type\":[\"Person\"],\"@id\":\"https:\/\/www.oidossucios.com\/site\/#\/schema\/person\/24559eeb76bf83a63296fb072393a688\",\"name\":\"Oidossucios\",\"image\":{\"@type\":\"ImageObject\",\"@id\":\"https:\/\/www.oidossucios.com\/site\/#personlogo\",\"inLanguage\":\"es\",\"url\":\"https:\/\/secure.gravatar.com\/avatar\/74fcb480f42f1a33e50a0b6e6369a3f907be2e43dc84fa5f76c66e9c22b4a5ab?s=96&d=mm&r=g\",\"caption\":\"Oidossucios\"},\"sameAs\":[\"https:\/\/twitter.com\/oidossucios\"]}]}<\/script>\n<!-- \/ Yoast SEO plugin. -->","jetpack_sharing_enabled":true,"_links":{"self":[{"href":"https:\/\/www.oidossucios.com\/site\/wp-json\/wp\/v2\/posts\/1003","targetHints":{"allow":["GET"]}}],"collection":[{"href":"https:\/\/www.oidossucios.com\/site\/wp-json\/wp\/v2\/posts"}],"about":[{"href":"https:\/\/www.oidossucios.com\/site\/wp-json\/wp\/v2\/types\/post"}],"author":[{"embeddable":true,"href":"https:\/\/www.oidossucios.com\/site\/wp-json\/wp\/v2\/users\/4"}],"replies":[{"embeddable":true,"href":"https:\/\/www.oidossucios.com\/site\/wp-json\/wp\/v2\/comments?post=1003"}],"version-history":[{"count":0,"href":"https:\/\/www.oidossucios.com\/site\/wp-json\/wp\/v2\/posts\/1003\/revisions"}],"wp:featuredmedia":[{"embeddable":true,"href":"https:\/\/www.oidossucios.com\/site\/wp-json\/wp\/v2\/media\/10000999"}],"wp:attachment":[{"href":"https:\/\/www.oidossucios.com\/site\/wp-json\/wp\/v2\/media?parent=1003"}],"wp:term":[{"taxonomy":"category","embeddable":true,"href":"https:\/\/www.oidossucios.com\/site\/wp-json\/wp\/v2\/categories?post=1003"},{"taxonomy":"post_tag","embeddable":true,"href":"https:\/\/www.oidossucios.com\/site\/wp-json\/wp\/v2\/tags?post=1003"}],"curies":[{"name":"wp","href":"https:\/\/api.w.org\/{rel}","templated":true}]}}