{"id":1007,"date":"2006-08-28T05:39:00","date_gmt":"2006-08-28T05:39:00","guid":{"rendered":"https:\/\/www.oidossucios.com\/site\/2006\/08\/28\/turbostereo-lanza-su-primer-album\/"},"modified":"2006-08-28T05:39:00","modified_gmt":"2006-08-28T05:39:00","slug":"turbostereo-lanza-su-primer-album","status":"publish","type":"post","link":"https:\/\/www.oidossucios.com\/site\/turbostereo-lanza-su-primer-album\/","title":{"rendered":"Turbostereo lanza su primer \u00e1lbum"},"content":{"rendered":"<p>El primer trabajo discogr\u00e1fico de la banda Punk Rock valenciana &#8220;TurboEstereo&#8221; ya esta disponible para llevar. Bajo el nombre &#8220;Despertar&#8221; este naciente disco compacto viene cargado con 12 temas + 2 bonus track, donde se incluyen temas como &#8220;Te encontr\u00e9&#8221; (actualmente en rotaci\u00f3n a nivel nacional), &#8220;Lian&#8221;, &#8220;Ni siquiera algo m\u00e1s, entre otros, como abre boca de lo que esta preparando la agrupaci\u00f3n con miras a su promoci\u00f3n nacional.<\/p>\n<p>Despertar fue grabado en &#8220;Energy studios&#8221; y la manos involucradas en esta obra musical fueron: Ingeniero de grabaci\u00f3n: Cosme Liccardo, Mezclado por: Cosme Liccardo y Ricardo Pontillo, Producido por: Ricardo Pontillo, Asistencia de producci\u00f3n: Cosme Liccardo y TurboEstereo, Letra y m\u00fasica: Ricardo Pontillo, Arreglos: TurboEstereo, Dise\u00f1o y Concepto Gr\u00e1fico: Lu\u00eds Ortega.<\/p>\n<p>El \u00e1lbum se puede adquirir en las tiendas Esperanto de Caracas, en Valencia en el Centro Sambil, Anexo Music shop, Multicentro El Vi\u00f1edo: CD play (planta baja). Adem\u00e1s a trav\u00e9s de internet por la p\u00e1gina http:\/\/www.TiendaRock.com.ve.<\/p>\n<p>El tracklist de &#8220;Despertar&#8221;es el siguiente:<\/p>\n<p>01. Por eso deb\u00ed decir adi\u00f3s<br \/>02. Despertar<br \/>03. Con cada parte<br \/>04. Te encontr\u00e9<br \/>05. L\u00edan<br \/>06. Ni siquiera algo m\u00e1s<br \/>07. Helen<br \/>08. Como olvidar<br \/>09. Se que no esta bien<br \/>10. Mientras veo lo que es<br \/>11. Como nunca debi\u00f3 ser<br \/>12. Vista a mi pensamiento<\/p>\n","protected":false},"excerpt":{"rendered":"<p>El primer trabajo discogr\u00e1fico de la banda Punk Rock valenciana &#8220;TurboEstereo&#8221; ya esta disponible para llevar. Bajo el nombre &#8220;Despertar&#8221; este naciente disco compacto viene cargado con 12 temas + 2 bonus track, donde se incluyen temas como &#8220;Te encontr\u00e9&#8221; (actualmente en rotaci\u00f3n a nivel nacional), &#8220;Lian&#8221;, &#8220;Ni siquiera algo m\u00e1s, entre otros, como abre [&hellip;]<\/p>\n","protected":false},"author":4,"featured_media":100001003,"comment_status":"open","ping_status":"open","sticky":false,"template":"","format":"standard","meta":{"_jetpack_memberships_contains_paid_content":false,"footnotes":""},"categories":[250],"tags":[374],"class_list":["post-1007","post","type-post","status-publish","format-standard","has-post-thumbnail","hentry","category-noticias","tag-turbostereo"],"jetpack_featured_media_url":"https:\/\/www.oidossucios.com\/site\/wp-content\/uploads\/2004\/06\/1003.jpg","yoast_head":"<!-- This site is optimized with the Yoast SEO plugin v14.0.4 - https:\/\/yoast.com\/wordpress\/plugins\/seo\/ -->\n<title>Turbostereo lanza su primer \u00e1lbum - OidosSucios.Com<\/title>\n<meta name=\"description\" content=\"El pr\u00f3ximo mes, la banda venezolana realizar\u00e1 presentaciones en 4 ciudades mexicanas para luego tomar rumbo hacia Estados Unidos.\" \/>\n<meta name=\"robots\" content=\"index, follow\" \/>\n<meta name=\"googlebot\" content=\"index, follow, max-snippet:-1, max-image-preview:large, max-video-preview:-1\" \/>\n<meta name=\"bingbot\" content=\"index, follow, max-snippet:-1, max-image-preview:large, max-video-preview:-1\" \/>\n<link rel=\"canonical\" href=\"https:\/\/www.oidossucios.com\/site\/turbostereo-lanza-su-primer-album\/\" \/>\n<meta property=\"og:locale\" content=\"es_ES\" \/>\n<meta property=\"og:type\" content=\"article\" \/>\n<meta property=\"og:title\" content=\"Turbostereo lanza su primer \u00e1lbum - OidosSucios.Com\" \/>\n<meta property=\"og:description\" content=\"El pr\u00f3ximo mes, la banda venezolana realizar\u00e1 presentaciones en 4 ciudades mexicanas para luego tomar rumbo hacia Estados Unidos.\" \/>\n<meta property=\"og:url\" content=\"https:\/\/www.oidossucios.com\/site\/turbostereo-lanza-su-primer-album\/\" \/>\n<meta property=\"og:site_name\" content=\"OidosSucios.Com\" \/>\n<meta property=\"article:published_time\" content=\"2006-08-28T05:39:00+00:00\" \/>\n<meta property=\"og:image\" content=\"https:\/\/www.oidossucios.com\/site\/wp-content\/uploads\/2004\/06\/1003.jpg\" \/>\n\t<meta property=\"og:image:width\" content=\"290\" \/>\n\t<meta property=\"og:image:height\" content=\"100\" \/>\n<meta name=\"twitter:card\" content=\"summary_large_image\" \/>\n<meta name=\"twitter:creator\" content=\"@oidossucios\" \/>\n<script type=\"application\/ld+json\" class=\"yoast-schema-graph\">{\"@context\":\"https:\/\/schema.org\",\"@graph\":[{\"@type\":\"WebSite\",\"@id\":\"https:\/\/www.oidossucios.com\/site\/#website\",\"url\":\"https:\/\/www.oidossucios.com\/site\/\",\"name\":\"OidosSucios.Com\",\"description\":\"M\\u00fasica, conciertos, discos\",\"potentialAction\":[{\"@type\":\"SearchAction\",\"target\":\"https:\/\/www.oidossucios.com\/site\/?s={search_term_string}\",\"query-input\":\"required name=search_term_string\"}],\"inLanguage\":\"es\"},{\"@type\":\"ImageObject\",\"@id\":\"https:\/\/www.oidossucios.com\/site\/turbostereo-lanza-su-primer-album\/#primaryimage\",\"inLanguage\":\"es\",\"url\":\"https:\/\/www.oidossucios.com\/site\/wp-content\/uploads\/2004\/06\/1003.jpg\",\"width\":290,\"height\":100},{\"@type\":\"WebPage\",\"@id\":\"https:\/\/www.oidossucios.com\/site\/turbostereo-lanza-su-primer-album\/#webpage\",\"url\":\"https:\/\/www.oidossucios.com\/site\/turbostereo-lanza-su-primer-album\/\",\"name\":\"Turbostereo lanza su primer \\u00e1lbum - OidosSucios.Com\",\"isPartOf\":{\"@id\":\"https:\/\/www.oidossucios.com\/site\/#website\"},\"primaryImageOfPage\":{\"@id\":\"https:\/\/www.oidossucios.com\/site\/turbostereo-lanza-su-primer-album\/#primaryimage\"},\"datePublished\":\"2006-08-28T05:39:00+00:00\",\"dateModified\":\"2006-08-28T05:39:00+00:00\",\"author\":{\"@id\":\"https:\/\/www.oidossucios.com\/site\/#\/schema\/person\/24559eeb76bf83a63296fb072393a688\"},\"description\":\"El pr\\u00f3ximo mes, la banda venezolana realizar\\u00e1 presentaciones en 4 ciudades mexicanas para luego tomar rumbo hacia Estados Unidos.\",\"inLanguage\":\"es\",\"potentialAction\":[{\"@type\":\"ReadAction\",\"target\":[\"https:\/\/www.oidossucios.com\/site\/turbostereo-lanza-su-primer-album\/\"]}]},{\"@type\":[\"Person\"],\"@id\":\"https:\/\/www.oidossucios.com\/site\/#\/schema\/person\/24559eeb76bf83a63296fb072393a688\",\"name\":\"Oidossucios\",\"image\":{\"@type\":\"ImageObject\",\"@id\":\"https:\/\/www.oidossucios.com\/site\/#personlogo\",\"inLanguage\":\"es\",\"url\":\"https:\/\/secure.gravatar.com\/avatar\/74fcb480f42f1a33e50a0b6e6369a3f907be2e43dc84fa5f76c66e9c22b4a5ab?s=96&d=mm&r=g\",\"caption\":\"Oidossucios\"},\"sameAs\":[\"https:\/\/twitter.com\/oidossucios\"]}]}<\/script>\n<!-- \/ Yoast SEO plugin. -->","jetpack_sharing_enabled":true,"_links":{"self":[{"href":"https:\/\/www.oidossucios.com\/site\/wp-json\/wp\/v2\/posts\/1007","targetHints":{"allow":["GET"]}}],"collection":[{"href":"https:\/\/www.oidossucios.com\/site\/wp-json\/wp\/v2\/posts"}],"about":[{"href":"https:\/\/www.oidossucios.com\/site\/wp-json\/wp\/v2\/types\/post"}],"author":[{"embeddable":true,"href":"https:\/\/www.oidossucios.com\/site\/wp-json\/wp\/v2\/users\/4"}],"replies":[{"embeddable":true,"href":"https:\/\/www.oidossucios.com\/site\/wp-json\/wp\/v2\/comments?post=1007"}],"version-history":[{"count":0,"href":"https:\/\/www.oidossucios.com\/site\/wp-json\/wp\/v2\/posts\/1007\/revisions"}],"wp:featuredmedia":[{"embeddable":true,"href":"https:\/\/www.oidossucios.com\/site\/wp-json\/wp\/v2\/media\/100001003"}],"wp:attachment":[{"href":"https:\/\/www.oidossucios.com\/site\/wp-json\/wp\/v2\/media?parent=1007"}],"wp:term":[{"taxonomy":"category","embeddable":true,"href":"https:\/\/www.oidossucios.com\/site\/wp-json\/wp\/v2\/categories?post=1007"},{"taxonomy":"post_tag","embeddable":true,"href":"https:\/\/www.oidossucios.com\/site\/wp-json\/wp\/v2\/tags?post=1007"}],"curies":[{"name":"wp","href":"https:\/\/api.w.org\/{rel}","templated":true}]}}