{"id":1013,"date":"2004-07-09T04:01:00","date_gmt":"2004-07-09T04:01:00","guid":{"rendered":"https:\/\/www.oidossucios.com\/site\/2004\/07\/09\/desorden-publico-a-rock-al-parque\/"},"modified":"2004-07-09T04:01:00","modified_gmt":"2004-07-09T04:01:00","slug":"desorden-publico-a-rock-al-parque","status":"publish","type":"post","link":"https:\/\/www.oidossucios.com\/site\/desorden-publico-a-rock-al-parque\/","title":{"rendered":"Desorden P\u00fablico a Rock al Parque"},"content":{"rendered":"<p>La banda caraque\u00f1a Desorden P\u00fablico volver\u00e1 a ser representante nacional en el festival colombiano Rock al Parque, que este a\u00f1o cumple su d\u00e9cimo aniversario y para el cual presentar\u00e1 el cartel m\u00e1s fuerte de toda su historia.<\/p>\n<p>Molotov, Julieta Venegas, Robi Draco, Kinky, Vicentico, Babas\u00f3nicos, Catupecu Machu, Desorden P\u00fablico, Charly Garc\u00eda y Luis Alberto Spinetta son las bandas confirmadas hasta los momentos. <\/p>\n<p>El festival de este a\u00f1o se llevar\u00e1 a cabo entre el 30 de octubre y 1 de noviembre en Bogot\u00e1. Para esta edici\u00f3n, la cual tiene un presupuesto de unos 300 millones de bol\u00edvares, probablemente se solicite una colaboraci\u00f3n de alimentos no perecederos para poder entrar, siendo la primera vez que se exigir\u00eda algo a cambio para poder acceder.<\/p>\n<p>250 bandas colombianas participar\u00e1n en el evento, el cual este a\u00f1o tambi\u00e9n ser\u00e1 auspiciado por la cadena de videos MTV.<\/p>\n","protected":false},"excerpt":{"rendered":"<p>La banda caraque\u00f1a ser\u00e1 la \u00fanica representante nacional en la d\u00e9cima edici\u00f3n del festival m\u00e1s importante de rock en Latinoam\u00e9rica.<\/p>\n","protected":false},"author":4,"featured_media":100001009,"comment_status":"open","ping_status":"open","sticky":false,"template":"","format":"standard","meta":{"_jetpack_memberships_contains_paid_content":false,"footnotes":""},"categories":[250],"tags":[274],"class_list":["post-1013","post","type-post","status-publish","format-standard","has-post-thumbnail","hentry","category-noticias","tag-desorden"],"jetpack_featured_media_url":"https:\/\/www.oidossucios.com\/site\/wp-content\/uploads\/2006\/08\/1009.jpg","yoast_head":"<!-- This site is optimized with the Yoast SEO plugin v14.0.4 - https:\/\/yoast.com\/wordpress\/plugins\/seo\/ -->\n<title>Desorden P\u00fablico a Rock al Parque - OidosSucios.Com<\/title>\n<meta name=\"description\" content=\"La banda caraque\u00f1a ser\u00e1 la \u00fanica representante nacional en la d\u00e9cima edici\u00f3n del festival m\u00e1s importante de rock en Latinoam\u00e9rica.\" \/>\n<meta name=\"robots\" content=\"index, follow\" \/>\n<meta name=\"googlebot\" content=\"index, follow, max-snippet:-1, max-image-preview:large, max-video-preview:-1\" \/>\n<meta name=\"bingbot\" content=\"index, follow, max-snippet:-1, max-image-preview:large, max-video-preview:-1\" \/>\n<link rel=\"canonical\" href=\"https:\/\/www.oidossucios.com\/site\/desorden-publico-a-rock-al-parque\/\" \/>\n<meta property=\"og:locale\" content=\"es_ES\" \/>\n<meta property=\"og:type\" content=\"article\" \/>\n<meta property=\"og:title\" content=\"Desorden P\u00fablico a Rock al Parque - OidosSucios.Com\" \/>\n<meta property=\"og:description\" content=\"La banda caraque\u00f1a ser\u00e1 la \u00fanica representante nacional en la d\u00e9cima edici\u00f3n del festival m\u00e1s importante de rock en Latinoam\u00e9rica.\" \/>\n<meta property=\"og:url\" content=\"https:\/\/www.oidossucios.com\/site\/desorden-publico-a-rock-al-parque\/\" \/>\n<meta property=\"og:site_name\" content=\"OidosSucios.Com\" \/>\n<meta property=\"article:published_time\" content=\"2004-07-09T04:01:00+00:00\" \/>\n<meta property=\"og:image\" content=\"https:\/\/www.oidossucios.com\/site\/wp-content\/uploads\/2006\/08\/1009.jpg\" \/>\n\t<meta property=\"og:image:width\" content=\"290\" \/>\n\t<meta property=\"og:image:height\" content=\"100\" \/>\n<meta name=\"twitter:card\" content=\"summary_large_image\" \/>\n<meta name=\"twitter:creator\" content=\"@oidossucios\" \/>\n<script type=\"application\/ld+json\" class=\"yoast-schema-graph\">{\"@context\":\"https:\/\/schema.org\",\"@graph\":[{\"@type\":\"WebSite\",\"@id\":\"https:\/\/www.oidossucios.com\/site\/#website\",\"url\":\"https:\/\/www.oidossucios.com\/site\/\",\"name\":\"OidosSucios.Com\",\"description\":\"M\\u00fasica, conciertos, discos\",\"potentialAction\":[{\"@type\":\"SearchAction\",\"target\":\"https:\/\/www.oidossucios.com\/site\/?s={search_term_string}\",\"query-input\":\"required name=search_term_string\"}],\"inLanguage\":\"es\"},{\"@type\":\"ImageObject\",\"@id\":\"https:\/\/www.oidossucios.com\/site\/desorden-publico-a-rock-al-parque\/#primaryimage\",\"inLanguage\":\"es\",\"url\":\"https:\/\/www.oidossucios.com\/site\/wp-content\/uploads\/2006\/08\/1009.jpg\",\"width\":290,\"height\":100},{\"@type\":\"WebPage\",\"@id\":\"https:\/\/www.oidossucios.com\/site\/desorden-publico-a-rock-al-parque\/#webpage\",\"url\":\"https:\/\/www.oidossucios.com\/site\/desorden-publico-a-rock-al-parque\/\",\"name\":\"Desorden P\\u00fablico a Rock al Parque - OidosSucios.Com\",\"isPartOf\":{\"@id\":\"https:\/\/www.oidossucios.com\/site\/#website\"},\"primaryImageOfPage\":{\"@id\":\"https:\/\/www.oidossucios.com\/site\/desorden-publico-a-rock-al-parque\/#primaryimage\"},\"datePublished\":\"2004-07-09T04:01:00+00:00\",\"dateModified\":\"2004-07-09T04:01:00+00:00\",\"author\":{\"@id\":\"https:\/\/www.oidossucios.com\/site\/#\/schema\/person\/24559eeb76bf83a63296fb072393a688\"},\"description\":\"La banda caraque\\u00f1a ser\\u00e1 la \\u00fanica representante nacional en la d\\u00e9cima edici\\u00f3n del festival m\\u00e1s importante de rock en Latinoam\\u00e9rica.\",\"inLanguage\":\"es\",\"potentialAction\":[{\"@type\":\"ReadAction\",\"target\":[\"https:\/\/www.oidossucios.com\/site\/desorden-publico-a-rock-al-parque\/\"]}]},{\"@type\":[\"Person\"],\"@id\":\"https:\/\/www.oidossucios.com\/site\/#\/schema\/person\/24559eeb76bf83a63296fb072393a688\",\"name\":\"Oidossucios\",\"image\":{\"@type\":\"ImageObject\",\"@id\":\"https:\/\/www.oidossucios.com\/site\/#personlogo\",\"inLanguage\":\"es\",\"url\":\"https:\/\/secure.gravatar.com\/avatar\/74fcb480f42f1a33e50a0b6e6369a3f907be2e43dc84fa5f76c66e9c22b4a5ab?s=96&d=mm&r=g\",\"caption\":\"Oidossucios\"},\"sameAs\":[\"https:\/\/twitter.com\/oidossucios\"]}]}<\/script>\n<!-- \/ Yoast SEO plugin. -->","jetpack_sharing_enabled":true,"_links":{"self":[{"href":"https:\/\/www.oidossucios.com\/site\/wp-json\/wp\/v2\/posts\/1013","targetHints":{"allow":["GET"]}}],"collection":[{"href":"https:\/\/www.oidossucios.com\/site\/wp-json\/wp\/v2\/posts"}],"about":[{"href":"https:\/\/www.oidossucios.com\/site\/wp-json\/wp\/v2\/types\/post"}],"author":[{"embeddable":true,"href":"https:\/\/www.oidossucios.com\/site\/wp-json\/wp\/v2\/users\/4"}],"replies":[{"embeddable":true,"href":"https:\/\/www.oidossucios.com\/site\/wp-json\/wp\/v2\/comments?post=1013"}],"version-history":[{"count":0,"href":"https:\/\/www.oidossucios.com\/site\/wp-json\/wp\/v2\/posts\/1013\/revisions"}],"wp:featuredmedia":[{"embeddable":true,"href":"https:\/\/www.oidossucios.com\/site\/wp-json\/wp\/v2\/media\/100001009"}],"wp:attachment":[{"href":"https:\/\/www.oidossucios.com\/site\/wp-json\/wp\/v2\/media?parent=1013"}],"wp:term":[{"taxonomy":"category","embeddable":true,"href":"https:\/\/www.oidossucios.com\/site\/wp-json\/wp\/v2\/categories?post=1013"},{"taxonomy":"post_tag","embeddable":true,"href":"https:\/\/www.oidossucios.com\/site\/wp-json\/wp\/v2\/tags?post=1013"}],"curies":[{"name":"wp","href":"https:\/\/api.w.org\/{rel}","templated":true}]}}