{"id":1019,"date":"2004-07-18T14:36:00","date_gmt":"2004-07-18T14:36:00","guid":{"rendered":"https:\/\/www.oidossucios.com\/site\/2004\/07\/18\/cerati-y-shakira-grabaron-juntos\/"},"modified":"2004-07-18T14:36:00","modified_gmt":"2004-07-18T14:36:00","slug":"cerati-y-shakira-grabaron-juntos","status":"publish","type":"post","link":"https:\/\/www.oidossucios.com\/site\/cerati-y-shakira-grabaron-juntos\/","title":{"rendered":"Cerati y Shakira grabaron juntos"},"content":{"rendered":"<p>El ex Soda Stereo Gustavo Cerati se encontr\u00f3 con la cantante colombiana Shakira en Bahamas para grabar un tema a d\u00fao que ser\u00e1 parte del pr\u00f3ximo disco de la diva del pop.<\/p>\n<p>Cerati y Shakira estuvieron durante 4 d\u00edas creando la m\u00fasica y la letra del tema que probablemente sea el primer sencillo en espa\u00f1ol del disco.<\/p>\n<p>Shakira se encuentra grabando su pr\u00f3ximo disco, en espa\u00f1ol e ingl\u00e9s, bajo la producci\u00f3n de The Matrix. Cerati comenzar\u00e1 a darle forma a su cuarta placa como solista durante el \u00faltimo trimestre de este a\u00f1o.<\/p>\n","protected":false},"excerpt":{"rendered":"<p>El ex Soda Stereo particip\u00f3 en un tema a d\u00fao que saldr\u00e1 en el pr\u00f3ximo disco de la cantante colombiana, y el cual, probablemente sea el primer sencillo promocional.<\/p>\n","protected":false},"author":4,"featured_media":100001019,"comment_status":"open","ping_status":"open","sticky":false,"template":"","format":"standard","meta":{"_jetpack_memberships_contains_paid_content":false,"footnotes":""},"categories":[250],"tags":[239],"class_list":["post-1019","post","type-post","status-publish","format-standard","has-post-thumbnail","hentry","category-noticias","tag-cerati"],"jetpack_featured_media_url":"https:\/\/www.oidossucios.com\/site\/wp-content\/uploads\/2004\/07\/1019.jpg","yoast_head":"<!-- This site is optimized with the Yoast SEO plugin v14.0.4 - https:\/\/yoast.com\/wordpress\/plugins\/seo\/ -->\n<title>Cerati y Shakira grabaron juntos - OidosSucios.Com<\/title>\n<meta name=\"description\" content=\"El cubo negro ser\u00e1 el escenario donde se presentar\u00e1n los djs Jax, Rey, Leo y Shawn Rudnick, Julio C\u00e9sar Venegas, Funk-U, Garbanzo y Fruto acompa\u00f1ados de las agrupaciones Electra y Diva Gash.\" \/>\n<meta name=\"robots\" content=\"index, follow\" \/>\n<meta name=\"googlebot\" content=\"index, follow, max-snippet:-1, max-image-preview:large, max-video-preview:-1\" \/>\n<meta name=\"bingbot\" content=\"index, follow, max-snippet:-1, max-image-preview:large, max-video-preview:-1\" \/>\n<link rel=\"canonical\" href=\"https:\/\/www.oidossucios.com\/site\/cerati-y-shakira-grabaron-juntos\/\" \/>\n<meta property=\"og:locale\" content=\"es_ES\" \/>\n<meta property=\"og:type\" content=\"article\" \/>\n<meta property=\"og:title\" content=\"Cerati y Shakira grabaron juntos - OidosSucios.Com\" \/>\n<meta property=\"og:description\" content=\"El cubo negro ser\u00e1 el escenario donde se presentar\u00e1n los djs Jax, Rey, Leo y Shawn Rudnick, Julio C\u00e9sar Venegas, Funk-U, Garbanzo y Fruto acompa\u00f1ados de las agrupaciones Electra y Diva Gash.\" \/>\n<meta property=\"og:url\" content=\"https:\/\/www.oidossucios.com\/site\/cerati-y-shakira-grabaron-juntos\/\" \/>\n<meta property=\"og:site_name\" content=\"OidosSucios.Com\" \/>\n<meta property=\"article:published_time\" content=\"2004-07-18T14:36:00+00:00\" \/>\n<meta property=\"og:image\" content=\"https:\/\/www.oidossucios.com\/site\/wp-content\/uploads\/2004\/07\/1019.jpg\" \/>\n\t<meta property=\"og:image:width\" content=\"290\" \/>\n\t<meta property=\"og:image:height\" content=\"100\" \/>\n<meta name=\"twitter:card\" content=\"summary_large_image\" \/>\n<meta name=\"twitter:creator\" content=\"@oidossucios\" \/>\n<script type=\"application\/ld+json\" class=\"yoast-schema-graph\">{\"@context\":\"https:\/\/schema.org\",\"@graph\":[{\"@type\":\"WebSite\",\"@id\":\"https:\/\/www.oidossucios.com\/site\/#website\",\"url\":\"https:\/\/www.oidossucios.com\/site\/\",\"name\":\"OidosSucios.Com\",\"description\":\"M\\u00fasica, conciertos, discos\",\"potentialAction\":[{\"@type\":\"SearchAction\",\"target\":\"https:\/\/www.oidossucios.com\/site\/?s={search_term_string}\",\"query-input\":\"required name=search_term_string\"}],\"inLanguage\":\"es\"},{\"@type\":\"ImageObject\",\"@id\":\"https:\/\/www.oidossucios.com\/site\/cerati-y-shakira-grabaron-juntos\/#primaryimage\",\"inLanguage\":\"es\",\"url\":\"https:\/\/www.oidossucios.com\/site\/wp-content\/uploads\/2004\/07\/1019.jpg\",\"width\":290,\"height\":100},{\"@type\":\"WebPage\",\"@id\":\"https:\/\/www.oidossucios.com\/site\/cerati-y-shakira-grabaron-juntos\/#webpage\",\"url\":\"https:\/\/www.oidossucios.com\/site\/cerati-y-shakira-grabaron-juntos\/\",\"name\":\"Cerati y Shakira grabaron juntos - OidosSucios.Com\",\"isPartOf\":{\"@id\":\"https:\/\/www.oidossucios.com\/site\/#website\"},\"primaryImageOfPage\":{\"@id\":\"https:\/\/www.oidossucios.com\/site\/cerati-y-shakira-grabaron-juntos\/#primaryimage\"},\"datePublished\":\"2004-07-18T14:36:00+00:00\",\"dateModified\":\"2004-07-18T14:36:00+00:00\",\"author\":{\"@id\":\"https:\/\/www.oidossucios.com\/site\/#\/schema\/person\/24559eeb76bf83a63296fb072393a688\"},\"description\":\"El cubo negro ser\\u00e1 el escenario donde se presentar\\u00e1n los djs Jax, Rey, Leo y Shawn Rudnick, Julio C\\u00e9sar Venegas, Funk-U, Garbanzo y Fruto acompa\\u00f1ados de las agrupaciones Electra y Diva Gash.\",\"inLanguage\":\"es\",\"potentialAction\":[{\"@type\":\"ReadAction\",\"target\":[\"https:\/\/www.oidossucios.com\/site\/cerati-y-shakira-grabaron-juntos\/\"]}]},{\"@type\":[\"Person\"],\"@id\":\"https:\/\/www.oidossucios.com\/site\/#\/schema\/person\/24559eeb76bf83a63296fb072393a688\",\"name\":\"Oidossucios\",\"image\":{\"@type\":\"ImageObject\",\"@id\":\"https:\/\/www.oidossucios.com\/site\/#personlogo\",\"inLanguage\":\"es\",\"url\":\"https:\/\/secure.gravatar.com\/avatar\/74fcb480f42f1a33e50a0b6e6369a3f907be2e43dc84fa5f76c66e9c22b4a5ab?s=96&d=mm&r=g\",\"caption\":\"Oidossucios\"},\"sameAs\":[\"https:\/\/twitter.com\/oidossucios\"]}]}<\/script>\n<!-- \/ Yoast SEO plugin. -->","jetpack_sharing_enabled":true,"_links":{"self":[{"href":"https:\/\/www.oidossucios.com\/site\/wp-json\/wp\/v2\/posts\/1019","targetHints":{"allow":["GET"]}}],"collection":[{"href":"https:\/\/www.oidossucios.com\/site\/wp-json\/wp\/v2\/posts"}],"about":[{"href":"https:\/\/www.oidossucios.com\/site\/wp-json\/wp\/v2\/types\/post"}],"author":[{"embeddable":true,"href":"https:\/\/www.oidossucios.com\/site\/wp-json\/wp\/v2\/users\/4"}],"replies":[{"embeddable":true,"href":"https:\/\/www.oidossucios.com\/site\/wp-json\/wp\/v2\/comments?post=1019"}],"version-history":[{"count":0,"href":"https:\/\/www.oidossucios.com\/site\/wp-json\/wp\/v2\/posts\/1019\/revisions"}],"wp:featuredmedia":[{"embeddable":true,"href":"https:\/\/www.oidossucios.com\/site\/wp-json\/wp\/v2\/media\/100001019"}],"wp:attachment":[{"href":"https:\/\/www.oidossucios.com\/site\/wp-json\/wp\/v2\/media?parent=1019"}],"wp:term":[{"taxonomy":"category","embeddable":true,"href":"https:\/\/www.oidossucios.com\/site\/wp-json\/wp\/v2\/categories?post=1019"},{"taxonomy":"post_tag","embeddable":true,"href":"https:\/\/www.oidossucios.com\/site\/wp-json\/wp\/v2\/tags?post=1019"}],"curies":[{"name":"wp","href":"https:\/\/api.w.org\/{rel}","templated":true}]}}