{"id":1021,"date":"2004-07-25T03:06:00","date_gmt":"2004-07-25T03:06:00","guid":{"rendered":"https:\/\/www.oidossucios.com\/site\/2004\/07\/25\/u2-podria-lanzar-su-disco-esta-semana\/"},"modified":"2004-07-25T03:06:00","modified_gmt":"2004-07-25T03:06:00","slug":"u2-podria-lanzar-su-disco-esta-semana","status":"publish","type":"post","link":"https:\/\/www.oidossucios.com\/site\/u2-podria-lanzar-su-disco-esta-semana\/","title":{"rendered":"U2 podr\u00eda lanzar su disco esta semana"},"content":{"rendered":"<p>El lanzamiento de &#8220;Vertigo&#8221;, nuevo disco de la banda irlandesa U2, podr\u00eda adelantarse para esta semana, seg\u00fan anuncian medios brit\u00e1nicos.<\/p>\n<p>El \u00e1lbum, que inicialmente saldr\u00eda al mercado el pr\u00f3ximo mes de noviembre, podr\u00eda estar esta semana disponible para descargas legales en iTunes, &#8220;y lo publicaremos en las tiendas a finales de mes&#8221; seg\u00fan coment\u00f3 el cantante Bono al Daily Telegraph.<\/p>\n<p>La raz\u00f3n del inesperado adelanto del lanzamiento ser\u00eda la seria sospecha que existe sobre que la grabaci\u00f3n estar\u00e1 disponible para bajarse en Internet esta semana. D\u00edas atr\u00e1s, mientras los integrantes de U2 pasaban el tiempo en una piscina francesa, le fue sustra\u00eddo a The Edge un bolso con varias cosas dentro, entre ellas, versiones preliminares de &#8220;Vertigo&#8221;, primer disco de estudio luego de 4 a\u00f1os que edita la agrupaci\u00f3n.<\/p>\n<p>Aunque la casa discogr\u00e1fica de U2, Interscope Records, neg\u00f3 tajantemente la posibilidad del adelanto del lanzamiento, las fuentes consultadas por los medios brit\u00e1nicos, entre ellos, allegados a la agrupaci\u00f3n, comentaron que es un camino bastante viable que se podr\u00eda dilucidar esta semana.<\/p>\n","protected":false},"excerpt":{"rendered":"<p>El lanzamiento de &#8220;Vertigo&#8221; podr\u00eda ser adelantado si la copia robada del disco llega a estar disponible en Internet esta semana.<\/p>\n","protected":false},"author":4,"featured_media":100001021,"comment_status":"open","ping_status":"open","sticky":false,"template":"","format":"standard","meta":{"_jetpack_memberships_contains_paid_content":false,"footnotes":""},"categories":[250],"tags":[378],"class_list":["post-1021","post","type-post","status-publish","format-standard","has-post-thumbnail","hentry","category-noticias","tag-u2"],"jetpack_featured_media_url":"https:\/\/www.oidossucios.com\/site\/wp-content\/uploads\/2004\/07\/1021.jpg","yoast_head":"<!-- This site is optimized with the Yoast SEO plugin v14.0.4 - https:\/\/yoast.com\/wordpress\/plugins\/seo\/ -->\n<title>U2 podr\u00eda lanzar su disco esta semana - OidosSucios.Com<\/title>\n<meta name=\"description\" content=\"Torkhe, Derna, Billy Se Fue, Drogui 65, Leech y Skin ser\u00e1n las agrupaciones participantes en el Festival Nuevas Bandas de este a\u00f1o, que se llevar\u00e1 a cabo los pr\u00f3ximos 24 y 25 julio en el estacionamiento del CCCT con entrada por invitaci\u00f3n.\" \/>\n<meta name=\"robots\" content=\"index, follow\" \/>\n<meta name=\"googlebot\" content=\"index, follow, max-snippet:-1, max-image-preview:large, max-video-preview:-1\" \/>\n<meta name=\"bingbot\" content=\"index, follow, max-snippet:-1, max-image-preview:large, max-video-preview:-1\" \/>\n<link rel=\"canonical\" href=\"https:\/\/www.oidossucios.com\/site\/u2-podria-lanzar-su-disco-esta-semana\/\" \/>\n<meta property=\"og:locale\" content=\"es_ES\" \/>\n<meta property=\"og:type\" content=\"article\" \/>\n<meta property=\"og:title\" content=\"U2 podr\u00eda lanzar su disco esta semana - OidosSucios.Com\" \/>\n<meta property=\"og:description\" content=\"Torkhe, Derna, Billy Se Fue, Drogui 65, Leech y Skin ser\u00e1n las agrupaciones participantes en el Festival Nuevas Bandas de este a\u00f1o, que se llevar\u00e1 a cabo los pr\u00f3ximos 24 y 25 julio en el estacionamiento del CCCT con entrada por invitaci\u00f3n.\" \/>\n<meta property=\"og:url\" content=\"https:\/\/www.oidossucios.com\/site\/u2-podria-lanzar-su-disco-esta-semana\/\" \/>\n<meta property=\"og:site_name\" content=\"OidosSucios.Com\" \/>\n<meta property=\"article:published_time\" content=\"2004-07-25T03:06:00+00:00\" \/>\n<meta property=\"og:image\" content=\"https:\/\/www.oidossucios.com\/site\/wp-content\/uploads\/2004\/07\/1021.jpg\" \/>\n\t<meta property=\"og:image:width\" content=\"290\" \/>\n\t<meta property=\"og:image:height\" content=\"100\" \/>\n<meta name=\"twitter:card\" content=\"summary_large_image\" \/>\n<meta name=\"twitter:creator\" content=\"@oidossucios\" \/>\n<script type=\"application\/ld+json\" class=\"yoast-schema-graph\">{\"@context\":\"https:\/\/schema.org\",\"@graph\":[{\"@type\":\"WebSite\",\"@id\":\"https:\/\/www.oidossucios.com\/site\/#website\",\"url\":\"https:\/\/www.oidossucios.com\/site\/\",\"name\":\"OidosSucios.Com\",\"description\":\"M\\u00fasica, conciertos, discos\",\"potentialAction\":[{\"@type\":\"SearchAction\",\"target\":\"https:\/\/www.oidossucios.com\/site\/?s={search_term_string}\",\"query-input\":\"required name=search_term_string\"}],\"inLanguage\":\"es\"},{\"@type\":\"ImageObject\",\"@id\":\"https:\/\/www.oidossucios.com\/site\/u2-podria-lanzar-su-disco-esta-semana\/#primaryimage\",\"inLanguage\":\"es\",\"url\":\"https:\/\/www.oidossucios.com\/site\/wp-content\/uploads\/2004\/07\/1021.jpg\",\"width\":290,\"height\":100},{\"@type\":\"WebPage\",\"@id\":\"https:\/\/www.oidossucios.com\/site\/u2-podria-lanzar-su-disco-esta-semana\/#webpage\",\"url\":\"https:\/\/www.oidossucios.com\/site\/u2-podria-lanzar-su-disco-esta-semana\/\",\"name\":\"U2 podr\\u00eda lanzar su disco esta semana - OidosSucios.Com\",\"isPartOf\":{\"@id\":\"https:\/\/www.oidossucios.com\/site\/#website\"},\"primaryImageOfPage\":{\"@id\":\"https:\/\/www.oidossucios.com\/site\/u2-podria-lanzar-su-disco-esta-semana\/#primaryimage\"},\"datePublished\":\"2004-07-25T03:06:00+00:00\",\"dateModified\":\"2004-07-25T03:06:00+00:00\",\"author\":{\"@id\":\"https:\/\/www.oidossucios.com\/site\/#\/schema\/person\/24559eeb76bf83a63296fb072393a688\"},\"description\":\"Torkhe, Derna, Billy Se Fue, Drogui 65, Leech y Skin ser\\u00e1n las agrupaciones participantes en el Festival Nuevas Bandas de este a\\u00f1o, que se llevar\\u00e1 a cabo los pr\\u00f3ximos 24 y 25 julio en el estacionamiento del CCCT con entrada por invitaci\\u00f3n.\",\"inLanguage\":\"es\",\"potentialAction\":[{\"@type\":\"ReadAction\",\"target\":[\"https:\/\/www.oidossucios.com\/site\/u2-podria-lanzar-su-disco-esta-semana\/\"]}]},{\"@type\":[\"Person\"],\"@id\":\"https:\/\/www.oidossucios.com\/site\/#\/schema\/person\/24559eeb76bf83a63296fb072393a688\",\"name\":\"Oidossucios\",\"image\":{\"@type\":\"ImageObject\",\"@id\":\"https:\/\/www.oidossucios.com\/site\/#personlogo\",\"inLanguage\":\"es\",\"url\":\"https:\/\/secure.gravatar.com\/avatar\/74fcb480f42f1a33e50a0b6e6369a3f907be2e43dc84fa5f76c66e9c22b4a5ab?s=96&d=mm&r=g\",\"caption\":\"Oidossucios\"},\"sameAs\":[\"https:\/\/twitter.com\/oidossucios\"]}]}<\/script>\n<!-- \/ Yoast SEO plugin. -->","jetpack_sharing_enabled":true,"_links":{"self":[{"href":"https:\/\/www.oidossucios.com\/site\/wp-json\/wp\/v2\/posts\/1021","targetHints":{"allow":["GET"]}}],"collection":[{"href":"https:\/\/www.oidossucios.com\/site\/wp-json\/wp\/v2\/posts"}],"about":[{"href":"https:\/\/www.oidossucios.com\/site\/wp-json\/wp\/v2\/types\/post"}],"author":[{"embeddable":true,"href":"https:\/\/www.oidossucios.com\/site\/wp-json\/wp\/v2\/users\/4"}],"replies":[{"embeddable":true,"href":"https:\/\/www.oidossucios.com\/site\/wp-json\/wp\/v2\/comments?post=1021"}],"version-history":[{"count":0,"href":"https:\/\/www.oidossucios.com\/site\/wp-json\/wp\/v2\/posts\/1021\/revisions"}],"wp:featuredmedia":[{"embeddable":true,"href":"https:\/\/www.oidossucios.com\/site\/wp-json\/wp\/v2\/media\/100001021"}],"wp:attachment":[{"href":"https:\/\/www.oidossucios.com\/site\/wp-json\/wp\/v2\/media?parent=1021"}],"wp:term":[{"taxonomy":"category","embeddable":true,"href":"https:\/\/www.oidossucios.com\/site\/wp-json\/wp\/v2\/categories?post=1021"},{"taxonomy":"post_tag","embeddable":true,"href":"https:\/\/www.oidossucios.com\/site\/wp-json\/wp\/v2\/tags?post=1021"}],"curies":[{"name":"wp","href":"https:\/\/api.w.org\/{rel}","templated":true}]}}