{"id":1027,"date":"2004-08-05T20:08:00","date_gmt":"2004-08-05T20:08:00","guid":{"rendered":"https:\/\/www.oidossucios.com\/site\/2004\/08\/05\/tego-calderon-hector-y-tito-por-primera-vez-en-venezuela\/"},"modified":"2004-08-05T20:08:00","modified_gmt":"2004-08-05T20:08:00","slug":"tego-calderon-hector-y-tito-por-primera-vez-en-venezuela","status":"publish","type":"post","link":"https:\/\/www.oidossucios.com\/site\/tego-calderon-hector-y-tito-por-primera-vez-en-venezuela\/","title":{"rendered":"Tego Calder\u00f3n, H\u00e9ctor y Tito por primera vez en Venezuela"},"content":{"rendered":"<p>El pr\u00f3ximo 29 de agosto, el estadio de f\u00fatbol de la UCV ser\u00e1 escenario de &#8220;La Vibra Coca Cola&#8221;, la reedici\u00f3n de los eventos masivos que la marca de refrescos realiz\u00f3 en Caracas en los a\u00f1os 97 y 98.<\/p>\n<p>El show presentar\u00e1 por primera vez en nuestro pa\u00eds a las estrellas del reggaeton Tego Calder\u00f3n, Hector y Tito, quienes llevan meses en los primeros lugares de la cartelera radial venezolana. Adem\u00e1s, repetir\u00e1n visita a Caracas artistas internaciones de la talla de Molotov, Rabanes, Bacilos y Andrea Echeverri, cantante de los Aterciopelados, quien estar\u00e1 presentado el material de su primer disco como solista.<\/p>\n<p>La representaci\u00f3n nacional estar\u00e1 conformada por Los Amigos Invisibles, Desorden P\u00fablico, Los Adolescentes, Guaco, 4to Poder, Negus-Nagast y Doble Impakto. El evento, que comenzar\u00e1 a las 10 am, tendr\u00e1 una duraci\u00f3n de 12 horas.<\/p>\n<p>Las entradas saldr\u00e1n a la venta ma\u00f1ana a un costo de Bs. 15.000 para el acceso general y a Bs. 50.000 para la secci\u00f3n VIP. Los puntos donde podr\u00e1n adquirirse son los siguientes:<\/p>\n<p>* Yamin Family Center de Altamira, Caurimare, El Recreo y Sambil<br \/>* Block Buster de Las Mercedes, El Marques, Santa Fe y La Cascada<br \/>* Town Records de San Ignacio, Sambil Caracas y Valencia y La Candelaria<br \/>* PPM Records  Concresa<br \/>* En Maracay la tienda Artegio.<\/p>\n","protected":false},"excerpt":{"rendered":"<p>La reedici\u00f3n de los eventos masivos de Coca Cola se llevar\u00e1 a cabo este 29 de agosto en el estadio de f\u00fatbol de la UCV, donde adem\u00e1s de las estrellas del reggaeton se estar\u00e1n presentando Molotov, Andrea Echeverri, Rabanes y Bacilos.<\/p>\n","protected":false},"author":4,"featured_media":100001023,"comment_status":"open","ping_status":"open","sticky":false,"template":"","format":"standard","meta":{"_jetpack_memberships_contains_paid_content":false,"footnotes":""},"categories":[250],"tags":[381],"class_list":["post-1027","post","type-post","status-publish","format-standard","has-post-thumbnail","hentry","category-noticias","tag-coca-cola"],"jetpack_featured_media_url":"https:\/\/www.oidossucios.com\/site\/wp-content\/uploads\/2004\/07\/1023.jpg","yoast_head":"<!-- This site is optimized with the Yoast SEO plugin v14.0.4 - https:\/\/yoast.com\/wordpress\/plugins\/seo\/ -->\n<title>Tego Calder\u00f3n, H\u00e9ctor y Tito por primera vez en Venezuela - OidosSucios.Com<\/title>\n<meta name=\"description\" content=\"Las 30 agrupaciones que competir\u00e1n en el tradicional evento valenciano han sido anunciadas el d\u00eda de hoy.\" \/>\n<meta name=\"robots\" content=\"index, follow\" \/>\n<meta name=\"googlebot\" content=\"index, follow, max-snippet:-1, max-image-preview:large, max-video-preview:-1\" \/>\n<meta name=\"bingbot\" content=\"index, follow, max-snippet:-1, max-image-preview:large, max-video-preview:-1\" \/>\n<link rel=\"canonical\" href=\"https:\/\/www.oidossucios.com\/site\/tego-calderon-hector-y-tito-por-primera-vez-en-venezuela\/\" \/>\n<meta property=\"og:locale\" content=\"es_ES\" \/>\n<meta property=\"og:type\" content=\"article\" \/>\n<meta property=\"og:title\" content=\"Tego Calder\u00f3n, H\u00e9ctor y Tito por primera vez en Venezuela - OidosSucios.Com\" \/>\n<meta property=\"og:description\" content=\"Las 30 agrupaciones que competir\u00e1n en el tradicional evento valenciano han sido anunciadas el d\u00eda de hoy.\" \/>\n<meta property=\"og:url\" content=\"https:\/\/www.oidossucios.com\/site\/tego-calderon-hector-y-tito-por-primera-vez-en-venezuela\/\" \/>\n<meta property=\"og:site_name\" content=\"OidosSucios.Com\" \/>\n<meta property=\"article:published_time\" content=\"2004-08-05T20:08:00+00:00\" \/>\n<meta property=\"og:image\" content=\"https:\/\/www.oidossucios.com\/site\/wp-content\/uploads\/2004\/07\/1023.jpg\" \/>\n\t<meta property=\"og:image:width\" content=\"290\" \/>\n\t<meta property=\"og:image:height\" content=\"100\" \/>\n<meta name=\"twitter:card\" content=\"summary_large_image\" \/>\n<meta name=\"twitter:creator\" content=\"@oidossucios\" \/>\n<script type=\"application\/ld+json\" class=\"yoast-schema-graph\">{\"@context\":\"https:\/\/schema.org\",\"@graph\":[{\"@type\":\"WebSite\",\"@id\":\"https:\/\/www.oidossucios.com\/site\/#website\",\"url\":\"https:\/\/www.oidossucios.com\/site\/\",\"name\":\"OidosSucios.Com\",\"description\":\"M\\u00fasica, conciertos, discos\",\"potentialAction\":[{\"@type\":\"SearchAction\",\"target\":\"https:\/\/www.oidossucios.com\/site\/?s={search_term_string}\",\"query-input\":\"required name=search_term_string\"}],\"inLanguage\":\"es\"},{\"@type\":\"ImageObject\",\"@id\":\"https:\/\/www.oidossucios.com\/site\/tego-calderon-hector-y-tito-por-primera-vez-en-venezuela\/#primaryimage\",\"inLanguage\":\"es\",\"url\":\"https:\/\/www.oidossucios.com\/site\/wp-content\/uploads\/2004\/07\/1023.jpg\",\"width\":290,\"height\":100},{\"@type\":\"WebPage\",\"@id\":\"https:\/\/www.oidossucios.com\/site\/tego-calderon-hector-y-tito-por-primera-vez-en-venezuela\/#webpage\",\"url\":\"https:\/\/www.oidossucios.com\/site\/tego-calderon-hector-y-tito-por-primera-vez-en-venezuela\/\",\"name\":\"Tego Calder\\u00f3n, H\\u00e9ctor y Tito por primera vez en Venezuela - OidosSucios.Com\",\"isPartOf\":{\"@id\":\"https:\/\/www.oidossucios.com\/site\/#website\"},\"primaryImageOfPage\":{\"@id\":\"https:\/\/www.oidossucios.com\/site\/tego-calderon-hector-y-tito-por-primera-vez-en-venezuela\/#primaryimage\"},\"datePublished\":\"2004-08-05T20:08:00+00:00\",\"dateModified\":\"2004-08-05T20:08:00+00:00\",\"author\":{\"@id\":\"https:\/\/www.oidossucios.com\/site\/#\/schema\/person\/24559eeb76bf83a63296fb072393a688\"},\"description\":\"Las 30 agrupaciones que competir\\u00e1n en el tradicional evento valenciano han sido anunciadas el d\\u00eda de hoy.\",\"inLanguage\":\"es\",\"potentialAction\":[{\"@type\":\"ReadAction\",\"target\":[\"https:\/\/www.oidossucios.com\/site\/tego-calderon-hector-y-tito-por-primera-vez-en-venezuela\/\"]}]},{\"@type\":[\"Person\"],\"@id\":\"https:\/\/www.oidossucios.com\/site\/#\/schema\/person\/24559eeb76bf83a63296fb072393a688\",\"name\":\"Oidossucios\",\"image\":{\"@type\":\"ImageObject\",\"@id\":\"https:\/\/www.oidossucios.com\/site\/#personlogo\",\"inLanguage\":\"es\",\"url\":\"https:\/\/secure.gravatar.com\/avatar\/74fcb480f42f1a33e50a0b6e6369a3f907be2e43dc84fa5f76c66e9c22b4a5ab?s=96&d=mm&r=g\",\"caption\":\"Oidossucios\"},\"sameAs\":[\"https:\/\/twitter.com\/oidossucios\"]}]}<\/script>\n<!-- \/ Yoast SEO plugin. -->","jetpack_sharing_enabled":true,"_links":{"self":[{"href":"https:\/\/www.oidossucios.com\/site\/wp-json\/wp\/v2\/posts\/1027","targetHints":{"allow":["GET"]}}],"collection":[{"href":"https:\/\/www.oidossucios.com\/site\/wp-json\/wp\/v2\/posts"}],"about":[{"href":"https:\/\/www.oidossucios.com\/site\/wp-json\/wp\/v2\/types\/post"}],"author":[{"embeddable":true,"href":"https:\/\/www.oidossucios.com\/site\/wp-json\/wp\/v2\/users\/4"}],"replies":[{"embeddable":true,"href":"https:\/\/www.oidossucios.com\/site\/wp-json\/wp\/v2\/comments?post=1027"}],"version-history":[{"count":0,"href":"https:\/\/www.oidossucios.com\/site\/wp-json\/wp\/v2\/posts\/1027\/revisions"}],"wp:featuredmedia":[{"embeddable":true,"href":"https:\/\/www.oidossucios.com\/site\/wp-json\/wp\/v2\/media\/100001023"}],"wp:attachment":[{"href":"https:\/\/www.oidossucios.com\/site\/wp-json\/wp\/v2\/media?parent=1027"}],"wp:term":[{"taxonomy":"category","embeddable":true,"href":"https:\/\/www.oidossucios.com\/site\/wp-json\/wp\/v2\/categories?post=1027"},{"taxonomy":"post_tag","embeddable":true,"href":"https:\/\/www.oidossucios.com\/site\/wp-json\/wp\/v2\/tags?post=1027"}],"curies":[{"name":"wp","href":"https:\/\/api.w.org\/{rel}","templated":true}]}}