{"id":1028,"date":"2004-08-10T03:08:00","date_gmt":"2004-08-10T03:08:00","guid":{"rendered":"https:\/\/www.oidossucios.com\/site\/2004\/08\/10\/musica-com-ve-celebra-su-segundo-aniversario\/"},"modified":"2004-08-10T03:08:00","modified_gmt":"2004-08-10T03:08:00","slug":"musica-com-ve-celebra-su-segundo-aniversario","status":"publish","type":"post","link":"https:\/\/www.oidossucios.com\/site\/musica-com-ve-celebra-su-segundo-aniversario\/","title":{"rendered":"Musica.Com.Ve celebra su segundo aniversario"},"content":{"rendered":"<p>El portal venezolano Musica.Com.Ve celebrar\u00e1 este fin de semana su segundo a\u00f1o al aire, con una presentaci\u00f3n musical que ser\u00e1 de las pocas que se podr\u00e1 apreciar en el pa\u00eds durante estos d\u00edas de elecciones.<\/p>\n<p>Musica.Com.Ve, que emergi\u00f3 de Okradioweb, uno de las primeras radios online de Latinoam\u00e9rica, se ha consolidado como uno de las comunidades musicales m\u00e1s importantes del continente.<\/p>\n<p>La presentaci\u00f3n de aniversario contar\u00e1 con la participaci\u00f3n de Candy 66, Sun\u00fa, Mancebia, Ricochet, Mermelada Maker, Teterocabilla, Emptiness y Naci\u00f3n Prozak llev\u00e1ndose a cabo el s\u00e1bado 14 de agosto en la Hacienda El Arroyo de La Guairita (Caracas), Sector El Arroyito.  El evento comenzar\u00e1 a las 2pm y tendr\u00e1 transporte gratuito desde el C.C. Plaza Las Am\u00e9ricas. <\/p>\n<p>Las entradas tienen un costo de Bs. 10.000 en preventa y se pueden adquirir en Audioline (6ta. Transversal de Los Palos Grandes), Ummano Tattoo (C.C. La Villa en Montalb\u00e1n), RM Studios (CCCT) y Rockadicto (C.C. City Market en Sabana Grande). El d\u00eda del evento, tendr\u00e1 un coste de Bs. 15.000.<\/p>\n","protected":false},"excerpt":{"rendered":"<p>El portal venezolano celebrar\u00e1 este fin de semana su segundo a\u00f1o al aire con la presentaci\u00f3n de Candy 66, Sun\u00fa, Mancebia, Ricochet, Mermelada Maker, Teterocabilla, Emptiness y Naci\u00f3n Prozak.<\/p>\n","protected":false},"author":4,"featured_media":100001024,"comment_status":"open","ping_status":"open","sticky":false,"template":"","format":"standard","meta":{"_jetpack_memberships_contains_paid_content":false,"footnotes":""},"categories":[250],"tags":[382],"class_list":["post-1028","post","type-post","status-publish","format-standard","has-post-thumbnail","hentry","category-noticias","tag-musica"],"jetpack_featured_media_url":"https:\/\/www.oidossucios.com\/site\/wp-content\/uploads\/2004\/07\/1024.jpg","yoast_head":"<!-- This site is optimized with the Yoast SEO plugin v14.0.4 - https:\/\/yoast.com\/wordpress\/plugins\/seo\/ -->\n<title>Musica.Com.Ve celebra su segundo aniversario - OidosSucios.Com<\/title>\n<meta name=\"description\" content=\"En una carta abierta para todos los venezolanos, el cantante hispanofranc\u00e9s Manu Chao y su agrupaci\u00f3n Radio Bemba recomiendan apoyar al presidente Hugo Ch\u00e1vez en el refer\u00e9ndum revocatorio del pr\u00f3ximo 15 de agosto.\" \/>\n<meta name=\"robots\" content=\"index, follow\" \/>\n<meta name=\"googlebot\" content=\"index, follow, max-snippet:-1, max-image-preview:large, max-video-preview:-1\" \/>\n<meta name=\"bingbot\" content=\"index, follow, max-snippet:-1, max-image-preview:large, max-video-preview:-1\" \/>\n<link rel=\"canonical\" href=\"https:\/\/www.oidossucios.com\/site\/musica-com-ve-celebra-su-segundo-aniversario\/\" \/>\n<meta property=\"og:locale\" content=\"es_ES\" \/>\n<meta property=\"og:type\" content=\"article\" \/>\n<meta property=\"og:title\" content=\"Musica.Com.Ve celebra su segundo aniversario - OidosSucios.Com\" \/>\n<meta property=\"og:description\" content=\"En una carta abierta para todos los venezolanos, el cantante hispanofranc\u00e9s Manu Chao y su agrupaci\u00f3n Radio Bemba recomiendan apoyar al presidente Hugo Ch\u00e1vez en el refer\u00e9ndum revocatorio del pr\u00f3ximo 15 de agosto.\" \/>\n<meta property=\"og:url\" content=\"https:\/\/www.oidossucios.com\/site\/musica-com-ve-celebra-su-segundo-aniversario\/\" \/>\n<meta property=\"og:site_name\" content=\"OidosSucios.Com\" \/>\n<meta property=\"article:published_time\" content=\"2004-08-10T03:08:00+00:00\" \/>\n<meta property=\"og:image\" content=\"https:\/\/www.oidossucios.com\/site\/wp-content\/uploads\/2004\/07\/1024.jpg\" \/>\n\t<meta property=\"og:image:width\" content=\"290\" \/>\n\t<meta property=\"og:image:height\" content=\"100\" \/>\n<meta name=\"twitter:card\" content=\"summary_large_image\" \/>\n<meta name=\"twitter:creator\" content=\"@oidossucios\" \/>\n<script type=\"application\/ld+json\" class=\"yoast-schema-graph\">{\"@context\":\"https:\/\/schema.org\",\"@graph\":[{\"@type\":\"WebSite\",\"@id\":\"https:\/\/www.oidossucios.com\/site\/#website\",\"url\":\"https:\/\/www.oidossucios.com\/site\/\",\"name\":\"OidosSucios.Com\",\"description\":\"M\\u00fasica, conciertos, discos\",\"potentialAction\":[{\"@type\":\"SearchAction\",\"target\":\"https:\/\/www.oidossucios.com\/site\/?s={search_term_string}\",\"query-input\":\"required name=search_term_string\"}],\"inLanguage\":\"es\"},{\"@type\":\"ImageObject\",\"@id\":\"https:\/\/www.oidossucios.com\/site\/musica-com-ve-celebra-su-segundo-aniversario\/#primaryimage\",\"inLanguage\":\"es\",\"url\":\"https:\/\/www.oidossucios.com\/site\/wp-content\/uploads\/2004\/07\/1024.jpg\",\"width\":290,\"height\":100},{\"@type\":\"WebPage\",\"@id\":\"https:\/\/www.oidossucios.com\/site\/musica-com-ve-celebra-su-segundo-aniversario\/#webpage\",\"url\":\"https:\/\/www.oidossucios.com\/site\/musica-com-ve-celebra-su-segundo-aniversario\/\",\"name\":\"Musica.Com.Ve celebra su segundo aniversario - OidosSucios.Com\",\"isPartOf\":{\"@id\":\"https:\/\/www.oidossucios.com\/site\/#website\"},\"primaryImageOfPage\":{\"@id\":\"https:\/\/www.oidossucios.com\/site\/musica-com-ve-celebra-su-segundo-aniversario\/#primaryimage\"},\"datePublished\":\"2004-08-10T03:08:00+00:00\",\"dateModified\":\"2004-08-10T03:08:00+00:00\",\"author\":{\"@id\":\"https:\/\/www.oidossucios.com\/site\/#\/schema\/person\/24559eeb76bf83a63296fb072393a688\"},\"description\":\"En una carta abierta para todos los venezolanos, el cantante hispanofranc\\u00e9s Manu Chao y su agrupaci\\u00f3n Radio Bemba recomiendan apoyar al presidente Hugo Ch\\u00e1vez en el refer\\u00e9ndum revocatorio del pr\\u00f3ximo 15 de agosto.\",\"inLanguage\":\"es\",\"potentialAction\":[{\"@type\":\"ReadAction\",\"target\":[\"https:\/\/www.oidossucios.com\/site\/musica-com-ve-celebra-su-segundo-aniversario\/\"]}]},{\"@type\":[\"Person\"],\"@id\":\"https:\/\/www.oidossucios.com\/site\/#\/schema\/person\/24559eeb76bf83a63296fb072393a688\",\"name\":\"Oidossucios\",\"image\":{\"@type\":\"ImageObject\",\"@id\":\"https:\/\/www.oidossucios.com\/site\/#personlogo\",\"inLanguage\":\"es\",\"url\":\"https:\/\/secure.gravatar.com\/avatar\/74fcb480f42f1a33e50a0b6e6369a3f907be2e43dc84fa5f76c66e9c22b4a5ab?s=96&d=mm&r=g\",\"caption\":\"Oidossucios\"},\"sameAs\":[\"https:\/\/twitter.com\/oidossucios\"]}]}<\/script>\n<!-- \/ Yoast SEO plugin. -->","jetpack_sharing_enabled":true,"_links":{"self":[{"href":"https:\/\/www.oidossucios.com\/site\/wp-json\/wp\/v2\/posts\/1028","targetHints":{"allow":["GET"]}}],"collection":[{"href":"https:\/\/www.oidossucios.com\/site\/wp-json\/wp\/v2\/posts"}],"about":[{"href":"https:\/\/www.oidossucios.com\/site\/wp-json\/wp\/v2\/types\/post"}],"author":[{"embeddable":true,"href":"https:\/\/www.oidossucios.com\/site\/wp-json\/wp\/v2\/users\/4"}],"replies":[{"embeddable":true,"href":"https:\/\/www.oidossucios.com\/site\/wp-json\/wp\/v2\/comments?post=1028"}],"version-history":[{"count":0,"href":"https:\/\/www.oidossucios.com\/site\/wp-json\/wp\/v2\/posts\/1028\/revisions"}],"wp:featuredmedia":[{"embeddable":true,"href":"https:\/\/www.oidossucios.com\/site\/wp-json\/wp\/v2\/media\/100001024"}],"wp:attachment":[{"href":"https:\/\/www.oidossucios.com\/site\/wp-json\/wp\/v2\/media?parent=1028"}],"wp:term":[{"taxonomy":"category","embeddable":true,"href":"https:\/\/www.oidossucios.com\/site\/wp-json\/wp\/v2\/categories?post=1028"},{"taxonomy":"post_tag","embeddable":true,"href":"https:\/\/www.oidossucios.com\/site\/wp-json\/wp\/v2\/tags?post=1028"}],"curies":[{"name":"wp","href":"https:\/\/api.w.org\/{rel}","templated":true}]}}