{"id":1031,"date":"2004-08-21T03:58:00","date_gmt":"2004-08-21T03:58:00","guid":{"rendered":"https:\/\/www.oidossucios.com\/site\/2004\/08\/21\/u2-vuelve-a-la-carga\/"},"modified":"2004-08-21T03:58:00","modified_gmt":"2004-08-21T03:58:00","slug":"u2-vuelve-a-la-carga","status":"publish","type":"post","link":"https:\/\/www.oidossucios.com\/site\/u2-vuelve-a-la-carga\/","title":{"rendered":"U2 vuelve a la carga"},"content":{"rendered":"<p>Las dudas se van despejando para el lanzamiento del pr\u00f3ximo disco de U2, primero en estudio luego de 4 a\u00f1os. Si bien todas las noticias que ha generado \u00faltimamente, entre ellos el robo del disco y la posible publicaci\u00f3n en iTunes tienen todos los visos de ser una elaborada campa\u00f1a de marketing en vez de temores reales, el lanzamiento del primer single se ha visto adelantado y ser\u00e1 el pr\u00f3ximo 24 de septiembre cuando se pueda o\u00edr en las radios &#8220;Vertigo&#8221;.<\/p>\n<p>&#8220;Vertigo&#8221; ser\u00e1 el nombre del primer promocional nada m\u00e1s y no del disco, como se hab\u00eda especulado. Seg\u00fan medios europeos, el \u00e1lbum llevar\u00e1 por nombre &#8220;Solaris&#8221;, el cual fue el primero que se supuso que llevar\u00eda la placa hace un a\u00f1o ya. Algunos blogs en internet informan que el disco podr\u00eda llevar por nombre tambi\u00e9n &#8220;How To Dismantle An Atomic Bomb&#8221;.<\/p>\n<p>Sea cual sea el nombre que lleve, la und\u00e9cima producci\u00f3n de la banda irlandesa, grabada en el propio estudio de la agrupaci\u00f3n y producido por Steve Lillywhite, Daniel Lanois y Chris Thomas, estar\u00e1 desde el 22 de noviembre en las tiendas. La gira mundial de promoci\u00f3n dar\u00e1 inicio en marzo del 2005.<\/p>\n","protected":false},"excerpt":{"rendered":"<p>Finalmente, el pr\u00f3ximo 24 de septiembre se podr\u00e1 o\u00edr en las radios &#8220;Vertigo&#8221;, que finalmente no ser\u00e1 el nombre del disco sino del primer single de U2.<\/p>\n","protected":false},"author":4,"featured_media":100001027,"comment_status":"open","ping_status":"open","sticky":false,"template":"","format":"standard","meta":{"_jetpack_memberships_contains_paid_content":false,"footnotes":""},"categories":[250],"tags":[378],"class_list":["post-1031","post","type-post","status-publish","format-standard","has-post-thumbnail","hentry","category-noticias","tag-u2"],"jetpack_featured_media_url":"https:\/\/www.oidossucios.com\/site\/wp-content\/uploads\/2004\/08\/1027.jpg","yoast_head":"<!-- This site is optimized with the Yoast SEO plugin v14.0.4 - https:\/\/yoast.com\/wordpress\/plugins\/seo\/ -->\n<title>U2 vuelve a la carga - OidosSucios.Com<\/title>\n<meta name=\"description\" content=\"La reedici\u00f3n de los eventos masivos de Coca Cola se llevar\u00e1 a cabo este 29 de agosto en el estadio de f\u00fatbol de la UCV, donde adem\u00e1s de las estrellas del reggaeton se estar\u00e1n presentando Molotov, Andrea Echeverri, Rabanes y Bacilos.\" \/>\n<meta name=\"robots\" content=\"index, follow\" \/>\n<meta name=\"googlebot\" content=\"index, follow, max-snippet:-1, max-image-preview:large, max-video-preview:-1\" \/>\n<meta name=\"bingbot\" content=\"index, follow, max-snippet:-1, max-image-preview:large, max-video-preview:-1\" \/>\n<link rel=\"canonical\" href=\"https:\/\/www.oidossucios.com\/site\/u2-vuelve-a-la-carga\/\" \/>\n<meta property=\"og:locale\" content=\"es_ES\" \/>\n<meta property=\"og:type\" content=\"article\" \/>\n<meta property=\"og:title\" content=\"U2 vuelve a la carga - OidosSucios.Com\" \/>\n<meta property=\"og:description\" content=\"La reedici\u00f3n de los eventos masivos de Coca Cola se llevar\u00e1 a cabo este 29 de agosto en el estadio de f\u00fatbol de la UCV, donde adem\u00e1s de las estrellas del reggaeton se estar\u00e1n presentando Molotov, Andrea Echeverri, Rabanes y Bacilos.\" \/>\n<meta property=\"og:url\" content=\"https:\/\/www.oidossucios.com\/site\/u2-vuelve-a-la-carga\/\" \/>\n<meta property=\"og:site_name\" content=\"OidosSucios.Com\" \/>\n<meta property=\"article:published_time\" content=\"2004-08-21T03:58:00+00:00\" \/>\n<meta property=\"og:image\" content=\"https:\/\/www.oidossucios.com\/site\/wp-content\/uploads\/2004\/08\/1027.jpg\" \/>\n\t<meta property=\"og:image:width\" content=\"290\" \/>\n\t<meta property=\"og:image:height\" content=\"100\" \/>\n<meta name=\"twitter:card\" content=\"summary_large_image\" \/>\n<meta name=\"twitter:creator\" content=\"@oidossucios\" \/>\n<script type=\"application\/ld+json\" class=\"yoast-schema-graph\">{\"@context\":\"https:\/\/schema.org\",\"@graph\":[{\"@type\":\"WebSite\",\"@id\":\"https:\/\/www.oidossucios.com\/site\/#website\",\"url\":\"https:\/\/www.oidossucios.com\/site\/\",\"name\":\"OidosSucios.Com\",\"description\":\"M\\u00fasica, conciertos, discos\",\"potentialAction\":[{\"@type\":\"SearchAction\",\"target\":\"https:\/\/www.oidossucios.com\/site\/?s={search_term_string}\",\"query-input\":\"required name=search_term_string\"}],\"inLanguage\":\"es\"},{\"@type\":\"ImageObject\",\"@id\":\"https:\/\/www.oidossucios.com\/site\/u2-vuelve-a-la-carga\/#primaryimage\",\"inLanguage\":\"es\",\"url\":\"https:\/\/www.oidossucios.com\/site\/wp-content\/uploads\/2004\/08\/1027.jpg\",\"width\":290,\"height\":100},{\"@type\":\"WebPage\",\"@id\":\"https:\/\/www.oidossucios.com\/site\/u2-vuelve-a-la-carga\/#webpage\",\"url\":\"https:\/\/www.oidossucios.com\/site\/u2-vuelve-a-la-carga\/\",\"name\":\"U2 vuelve a la carga - OidosSucios.Com\",\"isPartOf\":{\"@id\":\"https:\/\/www.oidossucios.com\/site\/#website\"},\"primaryImageOfPage\":{\"@id\":\"https:\/\/www.oidossucios.com\/site\/u2-vuelve-a-la-carga\/#primaryimage\"},\"datePublished\":\"2004-08-21T03:58:00+00:00\",\"dateModified\":\"2004-08-21T03:58:00+00:00\",\"author\":{\"@id\":\"https:\/\/www.oidossucios.com\/site\/#\/schema\/person\/24559eeb76bf83a63296fb072393a688\"},\"description\":\"La reedici\\u00f3n de los eventos masivos de Coca Cola se llevar\\u00e1 a cabo este 29 de agosto en el estadio de f\\u00fatbol de la UCV, donde adem\\u00e1s de las estrellas del reggaeton se estar\\u00e1n presentando Molotov, Andrea Echeverri, Rabanes y Bacilos.\",\"inLanguage\":\"es\",\"potentialAction\":[{\"@type\":\"ReadAction\",\"target\":[\"https:\/\/www.oidossucios.com\/site\/u2-vuelve-a-la-carga\/\"]}]},{\"@type\":[\"Person\"],\"@id\":\"https:\/\/www.oidossucios.com\/site\/#\/schema\/person\/24559eeb76bf83a63296fb072393a688\",\"name\":\"Oidossucios\",\"image\":{\"@type\":\"ImageObject\",\"@id\":\"https:\/\/www.oidossucios.com\/site\/#personlogo\",\"inLanguage\":\"es\",\"url\":\"https:\/\/secure.gravatar.com\/avatar\/74fcb480f42f1a33e50a0b6e6369a3f907be2e43dc84fa5f76c66e9c22b4a5ab?s=96&d=mm&r=g\",\"caption\":\"Oidossucios\"},\"sameAs\":[\"https:\/\/twitter.com\/oidossucios\"]}]}<\/script>\n<!-- \/ Yoast SEO plugin. -->","jetpack_sharing_enabled":true,"_links":{"self":[{"href":"https:\/\/www.oidossucios.com\/site\/wp-json\/wp\/v2\/posts\/1031","targetHints":{"allow":["GET"]}}],"collection":[{"href":"https:\/\/www.oidossucios.com\/site\/wp-json\/wp\/v2\/posts"}],"about":[{"href":"https:\/\/www.oidossucios.com\/site\/wp-json\/wp\/v2\/types\/post"}],"author":[{"embeddable":true,"href":"https:\/\/www.oidossucios.com\/site\/wp-json\/wp\/v2\/users\/4"}],"replies":[{"embeddable":true,"href":"https:\/\/www.oidossucios.com\/site\/wp-json\/wp\/v2\/comments?post=1031"}],"version-history":[{"count":0,"href":"https:\/\/www.oidossucios.com\/site\/wp-json\/wp\/v2\/posts\/1031\/revisions"}],"wp:featuredmedia":[{"embeddable":true,"href":"https:\/\/www.oidossucios.com\/site\/wp-json\/wp\/v2\/media\/100001027"}],"wp:attachment":[{"href":"https:\/\/www.oidossucios.com\/site\/wp-json\/wp\/v2\/media?parent=1031"}],"wp:term":[{"taxonomy":"category","embeddable":true,"href":"https:\/\/www.oidossucios.com\/site\/wp-json\/wp\/v2\/categories?post=1031"},{"taxonomy":"post_tag","embeddable":true,"href":"https:\/\/www.oidossucios.com\/site\/wp-json\/wp\/v2\/tags?post=1031"}],"curies":[{"name":"wp","href":"https:\/\/api.w.org\/{rel}","templated":true}]}}