{"id":1033,"date":"2004-08-26T14:47:00","date_gmt":"2004-08-26T14:47:00","guid":{"rendered":"https:\/\/www.oidossucios.com\/site\/2004\/08\/26\/mtv-comienza-la-celebracion-de-sus-premios\/"},"modified":"2004-08-26T14:47:00","modified_gmt":"2004-08-26T14:47:00","slug":"mtv-comienza-la-celebracion-de-sus-premios","status":"publish","type":"post","link":"https:\/\/www.oidossucios.com\/site\/mtv-comienza-la-celebracion-de-sus-premios\/","title":{"rendered":"MTV comienza la celebraci\u00f3n de sus premios"},"content":{"rendered":"<p>La fiesta previa a los MTV Video Music Awards de este fin de semana se llevar\u00e1 a cabo esta noche en Caracas, en un evento patrocinado por Polar Ice y que recrear\u00e1 las discotecas de South Beach en los espacios abiertos del Cubo Negro.<\/p>\n<p>El espect\u00e1culo contar\u00e1 con la participaci\u00f3n de Dj Cue (Miami) y la venezolana Eglantina Zingg, Vj de MTV Latinoam\u00e9rica.<\/p>\n<p>El acceso ser\u00e1 \u00fanicamente por invitaci\u00f3n y tambi\u00e9n tendr\u00e1n acceso 200 ganadores del concurso realizado a trav\u00e9s de la se\u00f1al del canal de videos; esta noche adem\u00e1s, uno de ellos ser\u00e1 vencedor en el sorteo de un viaje a Miami para presenciar este domingo los MTV Video Music Awards, que contar\u00e1n este a\u00f1o con la presencia de Usher, Jet, Hoobastank, Jessica Simpson, Nelly, Christina Aguilera, Alicia Keys, Jennifer Lopez, Hilary Duff, Gwyneth Paltrow, Jimmy Fallon, Will Smith, P. Diddy, Paris Hilton, Lenny Kravitz y Tony Hawk.<\/p>\n","protected":false},"excerpt":{"rendered":"<p>Hoy se llevar\u00e1 a cabo en Caracas la fiesta previa a los MTV Video Music Awards de este fin de semana. El evento contar\u00e1 con la participaci\u00f3n de Dj Cue y la VJ Eglantina Zingg.<\/p>\n","protected":false},"author":4,"featured_media":100001029,"comment_status":"open","ping_status":"open","sticky":false,"template":"","format":"standard","meta":{"_jetpack_memberships_contains_paid_content":false,"footnotes":""},"categories":[250],"tags":[275],"class_list":["post-1033","post","type-post","status-publish","format-standard","has-post-thumbnail","hentry","category-noticias","tag-mtv"],"jetpack_featured_media_url":"https:\/\/www.oidossucios.com\/site\/wp-content\/uploads\/2004\/08\/1029.jpg","yoast_head":"<!-- This site is optimized with the Yoast SEO plugin v14.0.4 - https:\/\/yoast.com\/wordpress\/plugins\/seo\/ -->\n<title>MTV comienza la celebraci\u00f3n de sus premios - OidosSucios.Com<\/title>\n<meta name=\"description\" content=\"La banda de reggae caraque\u00f1a regresar\u00e1 al ruedo este mes, coincidiendo con la salida de su segundo disco al mercado.\" \/>\n<meta name=\"robots\" content=\"index, follow\" \/>\n<meta name=\"googlebot\" content=\"index, follow, max-snippet:-1, max-image-preview:large, max-video-preview:-1\" \/>\n<meta name=\"bingbot\" content=\"index, follow, max-snippet:-1, max-image-preview:large, max-video-preview:-1\" \/>\n<link rel=\"canonical\" href=\"https:\/\/www.oidossucios.com\/site\/mtv-comienza-la-celebracion-de-sus-premios\/\" \/>\n<meta property=\"og:locale\" content=\"es_ES\" \/>\n<meta property=\"og:type\" content=\"article\" \/>\n<meta property=\"og:title\" content=\"MTV comienza la celebraci\u00f3n de sus premios - OidosSucios.Com\" \/>\n<meta property=\"og:description\" content=\"La banda de reggae caraque\u00f1a regresar\u00e1 al ruedo este mes, coincidiendo con la salida de su segundo disco al mercado.\" \/>\n<meta property=\"og:url\" content=\"https:\/\/www.oidossucios.com\/site\/mtv-comienza-la-celebracion-de-sus-premios\/\" \/>\n<meta property=\"og:site_name\" content=\"OidosSucios.Com\" \/>\n<meta property=\"article:published_time\" content=\"2004-08-26T14:47:00+00:00\" \/>\n<meta property=\"og:image\" content=\"https:\/\/www.oidossucios.com\/site\/wp-content\/uploads\/2004\/08\/1029.jpg\" \/>\n\t<meta property=\"og:image:width\" content=\"290\" \/>\n\t<meta property=\"og:image:height\" content=\"100\" \/>\n<meta name=\"twitter:card\" content=\"summary_large_image\" \/>\n<meta name=\"twitter:creator\" content=\"@oidossucios\" \/>\n<script type=\"application\/ld+json\" class=\"yoast-schema-graph\">{\"@context\":\"https:\/\/schema.org\",\"@graph\":[{\"@type\":\"WebSite\",\"@id\":\"https:\/\/www.oidossucios.com\/site\/#website\",\"url\":\"https:\/\/www.oidossucios.com\/site\/\",\"name\":\"OidosSucios.Com\",\"description\":\"M\\u00fasica, conciertos, discos\",\"potentialAction\":[{\"@type\":\"SearchAction\",\"target\":\"https:\/\/www.oidossucios.com\/site\/?s={search_term_string}\",\"query-input\":\"required name=search_term_string\"}],\"inLanguage\":\"es\"},{\"@type\":\"ImageObject\",\"@id\":\"https:\/\/www.oidossucios.com\/site\/mtv-comienza-la-celebracion-de-sus-premios\/#primaryimage\",\"inLanguage\":\"es\",\"url\":\"https:\/\/www.oidossucios.com\/site\/wp-content\/uploads\/2004\/08\/1029.jpg\",\"width\":290,\"height\":100},{\"@type\":\"WebPage\",\"@id\":\"https:\/\/www.oidossucios.com\/site\/mtv-comienza-la-celebracion-de-sus-premios\/#webpage\",\"url\":\"https:\/\/www.oidossucios.com\/site\/mtv-comienza-la-celebracion-de-sus-premios\/\",\"name\":\"MTV comienza la celebraci\\u00f3n de sus premios - OidosSucios.Com\",\"isPartOf\":{\"@id\":\"https:\/\/www.oidossucios.com\/site\/#website\"},\"primaryImageOfPage\":{\"@id\":\"https:\/\/www.oidossucios.com\/site\/mtv-comienza-la-celebracion-de-sus-premios\/#primaryimage\"},\"datePublished\":\"2004-08-26T14:47:00+00:00\",\"dateModified\":\"2004-08-26T14:47:00+00:00\",\"author\":{\"@id\":\"https:\/\/www.oidossucios.com\/site\/#\/schema\/person\/24559eeb76bf83a63296fb072393a688\"},\"description\":\"La banda de reggae caraque\\u00f1a regresar\\u00e1 al ruedo este mes, coincidiendo con la salida de su segundo disco al mercado.\",\"inLanguage\":\"es\",\"potentialAction\":[{\"@type\":\"ReadAction\",\"target\":[\"https:\/\/www.oidossucios.com\/site\/mtv-comienza-la-celebracion-de-sus-premios\/\"]}]},{\"@type\":[\"Person\"],\"@id\":\"https:\/\/www.oidossucios.com\/site\/#\/schema\/person\/24559eeb76bf83a63296fb072393a688\",\"name\":\"Oidossucios\",\"image\":{\"@type\":\"ImageObject\",\"@id\":\"https:\/\/www.oidossucios.com\/site\/#personlogo\",\"inLanguage\":\"es\",\"url\":\"https:\/\/secure.gravatar.com\/avatar\/74fcb480f42f1a33e50a0b6e6369a3f907be2e43dc84fa5f76c66e9c22b4a5ab?s=96&d=mm&r=g\",\"caption\":\"Oidossucios\"},\"sameAs\":[\"https:\/\/twitter.com\/oidossucios\"]}]}<\/script>\n<!-- \/ Yoast SEO plugin. -->","jetpack_sharing_enabled":true,"_links":{"self":[{"href":"https:\/\/www.oidossucios.com\/site\/wp-json\/wp\/v2\/posts\/1033","targetHints":{"allow":["GET"]}}],"collection":[{"href":"https:\/\/www.oidossucios.com\/site\/wp-json\/wp\/v2\/posts"}],"about":[{"href":"https:\/\/www.oidossucios.com\/site\/wp-json\/wp\/v2\/types\/post"}],"author":[{"embeddable":true,"href":"https:\/\/www.oidossucios.com\/site\/wp-json\/wp\/v2\/users\/4"}],"replies":[{"embeddable":true,"href":"https:\/\/www.oidossucios.com\/site\/wp-json\/wp\/v2\/comments?post=1033"}],"version-history":[{"count":0,"href":"https:\/\/www.oidossucios.com\/site\/wp-json\/wp\/v2\/posts\/1033\/revisions"}],"wp:featuredmedia":[{"embeddable":true,"href":"https:\/\/www.oidossucios.com\/site\/wp-json\/wp\/v2\/media\/100001029"}],"wp:attachment":[{"href":"https:\/\/www.oidossucios.com\/site\/wp-json\/wp\/v2\/media?parent=1033"}],"wp:term":[{"taxonomy":"category","embeddable":true,"href":"https:\/\/www.oidossucios.com\/site\/wp-json\/wp\/v2\/categories?post=1033"},{"taxonomy":"post_tag","embeddable":true,"href":"https:\/\/www.oidossucios.com\/site\/wp-json\/wp\/v2\/tags?post=1033"}],"curies":[{"name":"wp","href":"https:\/\/api.w.org\/{rel}","templated":true}]}}