{"id":1034,"date":"2004-08-28T18:28:00","date_gmt":"2004-08-28T18:28:00","guid":{"rendered":"https:\/\/www.oidossucios.com\/site\/2004\/08\/28\/charly-garcia-se-radicara-en-usa\/"},"modified":"2004-08-28T18:28:00","modified_gmt":"2004-08-28T18:28:00","slug":"charly-garcia-se-radicara-en-usa","status":"publish","type":"post","link":"https:\/\/www.oidossucios.com\/site\/charly-garcia-se-radicara-en-usa\/","title":{"rendered":"Charly Garc\u00eda se radicar\u00e1 en USA"},"content":{"rendered":"<p>V\u00edctima de un susto de 6 horas, &#8220;las peores de mi vida&#8221; seg\u00fan coment\u00f3 en la edici\u00f3n de hoy del diario Clar\u00edn, el m\u00fasico argentino Charly Garc\u00eda abandonar\u00e1 territorio argentino la pr\u00f3xima semana para radicarse en USA.<\/p>\n<p>&#8220;Ac\u00e1 no puedo m\u00e1s. Necesito vacaciones de la Argentina. Ya me hice cargo del pa\u00eds, del rock nacional. Ya cant\u00e9 el Himno. Me voy el martes a los Grammy latinos, que es un premio que detesto, y me quedo en Hollywood. Quiero filmar una pel\u00edcula con Liv Tyler que se va a llamar Kill Gil en homenaje a Tarantini. Y quiero tocar. \u00a1Quiero tocar con los Rolling Stones, con Joni Mitchell! Quiero formar una banda con Ringo Starr. Quiero ver tambi\u00e9n a estos que hacen rock lati-no, algo que inventamos Spinetta y yo hace mil a\u00f1os. Y quiero ir a Hollywood, no Palermo Hollywood (en referencia a Palermo, el barrio argentino donde vive), que tiene m\u00e1s de Palermo Bagdad que otra cosa&#8221; fueron parte de las palabras del astro del rock argentino.<\/p>\n<p>El jueves pasado, Garc\u00eda fue v\u00edctima de un &#8220;secuestro virtual&#8221;, una modalidad en auge en el pa\u00eds sure\u00f1o, que consiste en realizar llamadas telef\u00f3nicas al azar y advertirle del secuestro de un familiar a la persona que conteste, quienes desesperados comienzan a suministrar informaci\u00f3n sin quererlo haciendo m\u00e1s f\u00e1cil el trabajo de los &#8220;secuestradores&#8221;. El rockero argentino atendi\u00f3 la llamada donde se le advert\u00eda que su hijo estaba secuestrado y deb\u00eda cancelar 10.000 pesos a un &#8220;contacto&#8221; para liberarlo. 6 horas despu\u00e9s, su hijo Miguel, que no tiene tel\u00e9fono celular y no hab\u00eda podido ser localizado, lleg\u00f3 a su casa luego de una visita al odont\u00f3logo. Aunque al principio dudo, Garc\u00eda termin\u00f3 por asustarse y caer presionado por los nervios. Las investigaciones de la polic\u00eda dicen que la llamada se origin\u00f3 desde el interior de una c\u00e1rcel argentina.<\/p>\n<p>Aunque se pudiese tratar de una de las m\u00faltiples promesas incumplidas del rockero argentino, en la entrevista se le not\u00f3 bastante convencido y no aclar\u00f3 sobre la fecha deun posible regreso &#8220;Voy a ver hasta d\u00f3nde llego. Algo se me va a ocurrir. Lo que tengo claro es una cosa: se acabo el dulce de leche.&#8221;.<\/p>\n","protected":false},"excerpt":{"rendered":"<p>Harto de la inseguridad en su pa\u00eds, el m\u00fasico argentino se radicar\u00e1 desde el martes en territorio norteamericano, seg\u00fan una entrevista publicada hoy por el diario Clar\u00edn.<\/p>\n","protected":false},"author":4,"featured_media":100001030,"comment_status":"open","ping_status":"open","sticky":false,"template":"","format":"standard","meta":{"_jetpack_memberships_contains_paid_content":false,"footnotes":""},"categories":[250],"tags":[290],"class_list":["post-1034","post","type-post","status-publish","format-standard","has-post-thumbnail","hentry","category-noticias","tag-charly-garcia"],"jetpack_featured_media_url":"https:\/\/www.oidossucios.com\/site\/wp-content\/uploads\/2004\/08\/1030.jpg","yoast_head":"<!-- This site is optimized with the Yoast SEO plugin v14.0.4 - https:\/\/yoast.com\/wordpress\/plugins\/seo\/ -->\n<title>Charly Garc\u00eda se radicar\u00e1 en USA - OidosSucios.Com<\/title>\n<meta name=\"description\" content=\"El guitarrista regres\u00f3 a la agrupaci\u00f3n que dej\u00f3 hace 3 a\u00f1os, luego de haber trabajado con poco \u00e9xito en algunos proyectos musicales y de haber rechazado en p\u00fablico a Fred Durst cuando este le pidi\u00f3 reintegrarse a la banda.\" \/>\n<meta name=\"robots\" content=\"index, follow\" \/>\n<meta name=\"googlebot\" content=\"index, follow, max-snippet:-1, max-image-preview:large, max-video-preview:-1\" \/>\n<meta name=\"bingbot\" content=\"index, follow, max-snippet:-1, max-image-preview:large, max-video-preview:-1\" \/>\n<link rel=\"canonical\" href=\"https:\/\/www.oidossucios.com\/site\/charly-garcia-se-radicara-en-usa\/\" \/>\n<meta property=\"og:locale\" content=\"es_ES\" \/>\n<meta property=\"og:type\" content=\"article\" \/>\n<meta property=\"og:title\" content=\"Charly Garc\u00eda se radicar\u00e1 en USA - OidosSucios.Com\" \/>\n<meta property=\"og:description\" content=\"El guitarrista regres\u00f3 a la agrupaci\u00f3n que dej\u00f3 hace 3 a\u00f1os, luego de haber trabajado con poco \u00e9xito en algunos proyectos musicales y de haber rechazado en p\u00fablico a Fred Durst cuando este le pidi\u00f3 reintegrarse a la banda.\" \/>\n<meta property=\"og:url\" content=\"https:\/\/www.oidossucios.com\/site\/charly-garcia-se-radicara-en-usa\/\" \/>\n<meta property=\"og:site_name\" content=\"OidosSucios.Com\" \/>\n<meta property=\"article:published_time\" content=\"2004-08-28T18:28:00+00:00\" \/>\n<meta property=\"og:image\" content=\"https:\/\/www.oidossucios.com\/site\/wp-content\/uploads\/2004\/08\/1030.jpg\" \/>\n\t<meta property=\"og:image:width\" content=\"290\" \/>\n\t<meta property=\"og:image:height\" content=\"100\" \/>\n<meta name=\"twitter:card\" content=\"summary_large_image\" \/>\n<meta name=\"twitter:creator\" content=\"@oidossucios\" \/>\n<script type=\"application\/ld+json\" class=\"yoast-schema-graph\">{\"@context\":\"https:\/\/schema.org\",\"@graph\":[{\"@type\":\"WebSite\",\"@id\":\"https:\/\/www.oidossucios.com\/site\/#website\",\"url\":\"https:\/\/www.oidossucios.com\/site\/\",\"name\":\"OidosSucios.Com\",\"description\":\"M\\u00fasica, conciertos, discos\",\"potentialAction\":[{\"@type\":\"SearchAction\",\"target\":\"https:\/\/www.oidossucios.com\/site\/?s={search_term_string}\",\"query-input\":\"required name=search_term_string\"}],\"inLanguage\":\"es\"},{\"@type\":\"ImageObject\",\"@id\":\"https:\/\/www.oidossucios.com\/site\/charly-garcia-se-radicara-en-usa\/#primaryimage\",\"inLanguage\":\"es\",\"url\":\"https:\/\/www.oidossucios.com\/site\/wp-content\/uploads\/2004\/08\/1030.jpg\",\"width\":290,\"height\":100},{\"@type\":\"WebPage\",\"@id\":\"https:\/\/www.oidossucios.com\/site\/charly-garcia-se-radicara-en-usa\/#webpage\",\"url\":\"https:\/\/www.oidossucios.com\/site\/charly-garcia-se-radicara-en-usa\/\",\"name\":\"Charly Garc\\u00eda se radicar\\u00e1 en USA - OidosSucios.Com\",\"isPartOf\":{\"@id\":\"https:\/\/www.oidossucios.com\/site\/#website\"},\"primaryImageOfPage\":{\"@id\":\"https:\/\/www.oidossucios.com\/site\/charly-garcia-se-radicara-en-usa\/#primaryimage\"},\"datePublished\":\"2004-08-28T18:28:00+00:00\",\"dateModified\":\"2004-08-28T18:28:00+00:00\",\"author\":{\"@id\":\"https:\/\/www.oidossucios.com\/site\/#\/schema\/person\/24559eeb76bf83a63296fb072393a688\"},\"description\":\"El guitarrista regres\\u00f3 a la agrupaci\\u00f3n que dej\\u00f3 hace 3 a\\u00f1os, luego de haber trabajado con poco \\u00e9xito en algunos proyectos musicales y de haber rechazado en p\\u00fablico a Fred Durst cuando este le pidi\\u00f3 reintegrarse a la banda.\",\"inLanguage\":\"es\",\"potentialAction\":[{\"@type\":\"ReadAction\",\"target\":[\"https:\/\/www.oidossucios.com\/site\/charly-garcia-se-radicara-en-usa\/\"]}]},{\"@type\":[\"Person\"],\"@id\":\"https:\/\/www.oidossucios.com\/site\/#\/schema\/person\/24559eeb76bf83a63296fb072393a688\",\"name\":\"Oidossucios\",\"image\":{\"@type\":\"ImageObject\",\"@id\":\"https:\/\/www.oidossucios.com\/site\/#personlogo\",\"inLanguage\":\"es\",\"url\":\"https:\/\/secure.gravatar.com\/avatar\/74fcb480f42f1a33e50a0b6e6369a3f907be2e43dc84fa5f76c66e9c22b4a5ab?s=96&d=mm&r=g\",\"caption\":\"Oidossucios\"},\"sameAs\":[\"https:\/\/twitter.com\/oidossucios\"]}]}<\/script>\n<!-- \/ Yoast SEO plugin. -->","jetpack_sharing_enabled":true,"_links":{"self":[{"href":"https:\/\/www.oidossucios.com\/site\/wp-json\/wp\/v2\/posts\/1034","targetHints":{"allow":["GET"]}}],"collection":[{"href":"https:\/\/www.oidossucios.com\/site\/wp-json\/wp\/v2\/posts"}],"about":[{"href":"https:\/\/www.oidossucios.com\/site\/wp-json\/wp\/v2\/types\/post"}],"author":[{"embeddable":true,"href":"https:\/\/www.oidossucios.com\/site\/wp-json\/wp\/v2\/users\/4"}],"replies":[{"embeddable":true,"href":"https:\/\/www.oidossucios.com\/site\/wp-json\/wp\/v2\/comments?post=1034"}],"version-history":[{"count":0,"href":"https:\/\/www.oidossucios.com\/site\/wp-json\/wp\/v2\/posts\/1034\/revisions"}],"wp:featuredmedia":[{"embeddable":true,"href":"https:\/\/www.oidossucios.com\/site\/wp-json\/wp\/v2\/media\/100001030"}],"wp:attachment":[{"href":"https:\/\/www.oidossucios.com\/site\/wp-json\/wp\/v2\/media?parent=1034"}],"wp:term":[{"taxonomy":"category","embeddable":true,"href":"https:\/\/www.oidossucios.com\/site\/wp-json\/wp\/v2\/categories?post=1034"},{"taxonomy":"post_tag","embeddable":true,"href":"https:\/\/www.oidossucios.com\/site\/wp-json\/wp\/v2\/tags?post=1034"}],"curies":[{"name":"wp","href":"https:\/\/api.w.org\/{rel}","templated":true}]}}