{"id":1035,"date":"2004-08-29T14:52:00","date_gmt":"2004-08-29T14:52:00","guid":{"rendered":"https:\/\/www.oidossucios.com\/site\/2004\/08\/29\/puma-tv-podria-dejar-de-ser-un-canal-musical\/"},"modified":"2020-05-22T06:12:51","modified_gmt":"2020-05-22T10:12:51","slug":"puma-tv-podria-dejar-de-ser-un-canal-musical","status":"publish","type":"post","link":"https:\/\/www.oidossucios.com\/site\/puma-tv-podria-dejar-de-ser-un-canal-musical\/","title":{"rendered":"Puma TV podr\u00eda dejar de ser un canal musical"},"content":{"rendered":"<p>En su edici\u00f3n electr\u00f3nica, la revista Producto public\u00f3 esta semana la confirmaci\u00f3n del rumor que desde hace meses ven\u00eda rondando: Puma TV se encuentra en venta.<\/p>\n<p>Sergio G\u00f3mez, presidente del canal, afirm\u00f3 a Producto que actualmente maneja 3 ofertas para hacerse con la se\u00f1al: una empresa editorial que espera convertirlo en un canal deportivo, un grupo &#8220;amigo&#8221; que pondr\u00eda mucha programaci\u00f3n musical juvenil, y un tercer comprador, an\u00f3nimo, cuya oferta se est\u00e1 negociando por un broker venezolano con sede en Miami. <\/p>\n<p>El 50% de las acciones de Puma TV pertenecen al cantante venezolano Jos\u00e9 Luis Rodr\u00edguez y el otro 50% pertenece a TVU, los hermanos Cusc\u00f3 y Sergio G\u00f3mez. <\/p>\n<p>Aunque el rumor de las dos \u00faltimas semanas es que el canal ya hab\u00eda sido vendido, G\u00f3mez afirma que las negociaciones no han concluido, y aunque se venda la planta total o parcialmente, el espera que el nuevo socio invierta en m\u00e1s programaci\u00f3n. <\/p>\n<p>Seg\u00fan diversas informaciones que hemos podido conocer, el grupo editorial que pretender\u00eda comprar el canal y convertir su programaci\u00f3n en deportiva ser\u00eda la Cadena Capriles, que prepara para el pr\u00f3ximo mes de octubre el lanzamiento de un diario deportivo. El grupo &#8220;an\u00f3nimo&#8221; al que hace referencia G\u00f3mez, podr\u00eda tratarse de unos venezolanos residenciados en USA interesados en convertir a Puma TV en un canal de noticias.<\/p>\n","protected":false},"excerpt":{"rendered":"<p>El popular canal venezolano de m\u00fasica se encuentra en venta y seg\u00fan declaraciones de su presidente, podr\u00eda convertirse en un canal deportivo.<\/p>\n","protected":false},"author":4,"featured_media":100001031,"comment_status":"open","ping_status":"open","sticky":false,"template":"","format":"standard","meta":{"_jetpack_memberships_contains_paid_content":false,"footnotes":""},"categories":[250],"tags":[263,649],"class_list":["post-1035","post","type-post","status-publish","format-standard","has-post-thumbnail","hentry","category-noticias","tag-puma","tag-puma-tv"],"jetpack_featured_media_url":"https:\/\/www.oidossucios.com\/site\/wp-content\/uploads\/2004\/08\/1031.jpg","yoast_head":"<!-- This site is optimized with the Yoast SEO plugin v14.0.4 - https:\/\/yoast.com\/wordpress\/plugins\/seo\/ -->\n<title>Puma TV podr\u00eda dejar de ser un canal musical - OidosSucios.Com<\/title>\n<meta name=\"description\" content=\"Finalmente, el pr\u00f3ximo 24 de septiembre se podr\u00e1 o\u00edr en las radios &quot;Vertigo&quot;, que finalmente no ser\u00e1 el nombre del disco sino del primer single de U2.\" \/>\n<meta name=\"robots\" content=\"index, follow\" \/>\n<meta name=\"googlebot\" content=\"index, follow, max-snippet:-1, max-image-preview:large, max-video-preview:-1\" \/>\n<meta name=\"bingbot\" content=\"index, follow, max-snippet:-1, max-image-preview:large, max-video-preview:-1\" \/>\n<link rel=\"canonical\" href=\"https:\/\/www.oidossucios.com\/site\/puma-tv-podria-dejar-de-ser-un-canal-musical\/\" \/>\n<meta property=\"og:locale\" content=\"es_ES\" \/>\n<meta property=\"og:type\" content=\"article\" \/>\n<meta property=\"og:title\" content=\"Puma TV podr\u00eda dejar de ser un canal musical - OidosSucios.Com\" \/>\n<meta property=\"og:description\" content=\"Finalmente, el pr\u00f3ximo 24 de septiembre se podr\u00e1 o\u00edr en las radios &quot;Vertigo&quot;, que finalmente no ser\u00e1 el nombre del disco sino del primer single de U2.\" \/>\n<meta property=\"og:url\" content=\"https:\/\/www.oidossucios.com\/site\/puma-tv-podria-dejar-de-ser-un-canal-musical\/\" \/>\n<meta property=\"og:site_name\" content=\"OidosSucios.Com\" \/>\n<meta property=\"article:published_time\" content=\"2004-08-29T14:52:00+00:00\" \/>\n<meta property=\"article:modified_time\" content=\"2020-05-22T10:12:51+00:00\" \/>\n<meta property=\"og:image\" content=\"https:\/\/www.oidossucios.com\/site\/wp-content\/uploads\/2004\/08\/1031.jpg\" \/>\n\t<meta property=\"og:image:width\" content=\"290\" \/>\n\t<meta property=\"og:image:height\" content=\"100\" \/>\n<meta name=\"twitter:card\" content=\"summary_large_image\" \/>\n<meta name=\"twitter:creator\" content=\"@oidossucios\" \/>\n<script type=\"application\/ld+json\" class=\"yoast-schema-graph\">{\"@context\":\"https:\/\/schema.org\",\"@graph\":[{\"@type\":\"WebSite\",\"@id\":\"https:\/\/www.oidossucios.com\/site\/#website\",\"url\":\"https:\/\/www.oidossucios.com\/site\/\",\"name\":\"OidosSucios.Com\",\"description\":\"M\\u00fasica, conciertos, discos\",\"potentialAction\":[{\"@type\":\"SearchAction\",\"target\":\"https:\/\/www.oidossucios.com\/site\/?s={search_term_string}\",\"query-input\":\"required name=search_term_string\"}],\"inLanguage\":\"es\"},{\"@type\":\"ImageObject\",\"@id\":\"https:\/\/www.oidossucios.com\/site\/puma-tv-podria-dejar-de-ser-un-canal-musical\/#primaryimage\",\"inLanguage\":\"es\",\"url\":\"https:\/\/www.oidossucios.com\/site\/wp-content\/uploads\/2004\/08\/1031.jpg\",\"width\":290,\"height\":100},{\"@type\":\"WebPage\",\"@id\":\"https:\/\/www.oidossucios.com\/site\/puma-tv-podria-dejar-de-ser-un-canal-musical\/#webpage\",\"url\":\"https:\/\/www.oidossucios.com\/site\/puma-tv-podria-dejar-de-ser-un-canal-musical\/\",\"name\":\"Puma TV podr\\u00eda dejar de ser un canal musical - OidosSucios.Com\",\"isPartOf\":{\"@id\":\"https:\/\/www.oidossucios.com\/site\/#website\"},\"primaryImageOfPage\":{\"@id\":\"https:\/\/www.oidossucios.com\/site\/puma-tv-podria-dejar-de-ser-un-canal-musical\/#primaryimage\"},\"datePublished\":\"2004-08-29T14:52:00+00:00\",\"dateModified\":\"2020-05-22T10:12:51+00:00\",\"author\":{\"@id\":\"https:\/\/www.oidossucios.com\/site\/#\/schema\/person\/24559eeb76bf83a63296fb072393a688\"},\"description\":\"Finalmente, el pr\\u00f3ximo 24 de septiembre se podr\\u00e1 o\\u00edr en las radios \\\"Vertigo\\\", que finalmente no ser\\u00e1 el nombre del disco sino del primer single de U2.\",\"inLanguage\":\"es\",\"potentialAction\":[{\"@type\":\"ReadAction\",\"target\":[\"https:\/\/www.oidossucios.com\/site\/puma-tv-podria-dejar-de-ser-un-canal-musical\/\"]}]},{\"@type\":[\"Person\"],\"@id\":\"https:\/\/www.oidossucios.com\/site\/#\/schema\/person\/24559eeb76bf83a63296fb072393a688\",\"name\":\"Oidossucios\",\"image\":{\"@type\":\"ImageObject\",\"@id\":\"https:\/\/www.oidossucios.com\/site\/#personlogo\",\"inLanguage\":\"es\",\"url\":\"https:\/\/secure.gravatar.com\/avatar\/74fcb480f42f1a33e50a0b6e6369a3f907be2e43dc84fa5f76c66e9c22b4a5ab?s=96&d=mm&r=g\",\"caption\":\"Oidossucios\"},\"sameAs\":[\"https:\/\/twitter.com\/oidossucios\"]}]}<\/script>\n<!-- \/ Yoast SEO plugin. -->","jetpack_sharing_enabled":true,"_links":{"self":[{"href":"https:\/\/www.oidossucios.com\/site\/wp-json\/wp\/v2\/posts\/1035","targetHints":{"allow":["GET"]}}],"collection":[{"href":"https:\/\/www.oidossucios.com\/site\/wp-json\/wp\/v2\/posts"}],"about":[{"href":"https:\/\/www.oidossucios.com\/site\/wp-json\/wp\/v2\/types\/post"}],"author":[{"embeddable":true,"href":"https:\/\/www.oidossucios.com\/site\/wp-json\/wp\/v2\/users\/4"}],"replies":[{"embeddable":true,"href":"https:\/\/www.oidossucios.com\/site\/wp-json\/wp\/v2\/comments?post=1035"}],"version-history":[{"count":1,"href":"https:\/\/www.oidossucios.com\/site\/wp-json\/wp\/v2\/posts\/1035\/revisions"}],"predecessor-version":[{"id":111116917,"href":"https:\/\/www.oidossucios.com\/site\/wp-json\/wp\/v2\/posts\/1035\/revisions\/111116917"}],"wp:featuredmedia":[{"embeddable":true,"href":"https:\/\/www.oidossucios.com\/site\/wp-json\/wp\/v2\/media\/100001031"}],"wp:attachment":[{"href":"https:\/\/www.oidossucios.com\/site\/wp-json\/wp\/v2\/media?parent=1035"}],"wp:term":[{"taxonomy":"category","embeddable":true,"href":"https:\/\/www.oidossucios.com\/site\/wp-json\/wp\/v2\/categories?post=1035"},{"taxonomy":"post_tag","embeddable":true,"href":"https:\/\/www.oidossucios.com\/site\/wp-json\/wp\/v2\/tags?post=1035"}],"curies":[{"name":"wp","href":"https:\/\/api.w.org\/{rel}","templated":true}]}}