{"id":1038,"date":"2004-09-02T11:31:00","date_gmt":"2004-09-02T11:31:00","guid":{"rendered":"https:\/\/www.oidossucios.com\/site\/2004\/09\/02\/cafe-tacvba-se-lleva-dos-grammys-latinos\/"},"modified":"2004-09-02T11:31:00","modified_gmt":"2004-09-02T11:31:00","slug":"cafe-tacvba-se-lleva-dos-grammys-latinos","status":"publish","type":"post","link":"https:\/\/www.oidossucios.com\/site\/cafe-tacvba-se-lleva-dos-grammys-latinos\/","title":{"rendered":"Caf\u00e9 Tacvba se lleva dos Grammys Latinos"},"content":{"rendered":"<p>La edici\u00f3n de anoche de los Grammy Latinos coron\u00f3 a Caf\u00e9 Tacvba como el m\u00e1ximo ganador rockero al imponerse en dos categor\u00edas: Mejor Album de M\u00fasica Alternativa  (por Cuatro Caminos) y Mejor Canci\u00f3n de Rock (por Eres). En la versi\u00f3n anglosajona de los Grammys, llevada a cabo en febrero de este a\u00f1o, Cuatro Camino tambi\u00e9n se llev\u00f3 el premio a  &#8220;Mejor Album de Rock Latino&#8221;.<\/p>\n<p>Su compatriota Julieta Venegas se alz\u00f3 en la categor\u00eda de Mejor Album de Rock Vocal (por S\u00ed), mientras que la banda chilena La Ley conquist\u00f3 el premio al Mejor Album de Rock de un grupo (por Libertad).<\/p>\n<p>El compositor venezolano Fernado Osorio obtuvo el premio a Mejor Canci\u00f3n Tropical por el tema &#8220;R\u00ede y Llora&#8221; que interpret\u00f3 la fallecida Celia Cruz.<\/p>\n<p>La ceremon\u00eda se transmiti\u00f3 una vez m\u00e1s en ingl\u00e9s, desde el Shrine Auditorium en Los Angeles, colocando como m\u00e1ximo ganador de la edici\u00f3n al espa\u00f1ol Alejandro Sanz, quien se llev\u00f3 5 estatuillas. El guitarrista mexicano Carlos Santana fue nombrado personaje del a\u00f1o.<\/p>\n","protected":false},"excerpt":{"rendered":"<p>La banda mexicana se alzo, en dos ocasiones, con las estatuillas de los Grammys Latinos en la edici\u00f3n de anoche. Su compatriota Julieta Vengas y la agrupaci\u00f3n chilena La Ley completaron el regl\u00f3n rockero.<\/p>\n","protected":false},"author":4,"featured_media":100001034,"comment_status":"open","ping_status":"open","sticky":false,"template":"","format":"standard","meta":{"_jetpack_memberships_contains_paid_content":false,"footnotes":""},"categories":[250],"tags":[384],"class_list":["post-1038","post","type-post","status-publish","format-standard","has-post-thumbnail","hentry","category-noticias","tag-cafe-tacvba"],"jetpack_featured_media_url":"https:\/\/www.oidossucios.com\/site\/wp-content\/uploads\/2004\/08\/1034.jpg","yoast_head":"<!-- This site is optimized with the Yoast SEO plugin v14.0.4 - https:\/\/yoast.com\/wordpress\/plugins\/seo\/ -->\n<title>Caf\u00e9 Tacvba se lleva dos Grammys Latinos - OidosSucios.Com<\/title>\n<meta name=\"description\" content=\"Harto de la inseguridad en su pa\u00eds, el m\u00fasico argentino se radicar\u00e1 desde el martes en territorio norteamericano, seg\u00fan una entrevista publicada hoy por el diario Clar\u00edn.\" \/>\n<meta name=\"robots\" content=\"index, follow\" \/>\n<meta name=\"googlebot\" content=\"index, follow, max-snippet:-1, max-image-preview:large, max-video-preview:-1\" \/>\n<meta name=\"bingbot\" content=\"index, follow, max-snippet:-1, max-image-preview:large, max-video-preview:-1\" \/>\n<link rel=\"canonical\" href=\"https:\/\/www.oidossucios.com\/site\/cafe-tacvba-se-lleva-dos-grammys-latinos\/\" \/>\n<meta property=\"og:locale\" content=\"es_ES\" \/>\n<meta property=\"og:type\" content=\"article\" \/>\n<meta property=\"og:title\" content=\"Caf\u00e9 Tacvba se lleva dos Grammys Latinos - OidosSucios.Com\" \/>\n<meta property=\"og:description\" content=\"Harto de la inseguridad en su pa\u00eds, el m\u00fasico argentino se radicar\u00e1 desde el martes en territorio norteamericano, seg\u00fan una entrevista publicada hoy por el diario Clar\u00edn.\" \/>\n<meta property=\"og:url\" content=\"https:\/\/www.oidossucios.com\/site\/cafe-tacvba-se-lleva-dos-grammys-latinos\/\" \/>\n<meta property=\"og:site_name\" content=\"OidosSucios.Com\" \/>\n<meta property=\"article:published_time\" content=\"2004-09-02T11:31:00+00:00\" \/>\n<meta property=\"og:image\" content=\"https:\/\/www.oidossucios.com\/site\/wp-content\/uploads\/2004\/08\/1034.jpg\" \/>\n\t<meta property=\"og:image:width\" content=\"290\" \/>\n\t<meta property=\"og:image:height\" content=\"100\" \/>\n<meta name=\"twitter:card\" content=\"summary_large_image\" \/>\n<meta name=\"twitter:creator\" content=\"@oidossucios\" \/>\n<script type=\"application\/ld+json\" class=\"yoast-schema-graph\">{\"@context\":\"https:\/\/schema.org\",\"@graph\":[{\"@type\":\"WebSite\",\"@id\":\"https:\/\/www.oidossucios.com\/site\/#website\",\"url\":\"https:\/\/www.oidossucios.com\/site\/\",\"name\":\"OidosSucios.Com\",\"description\":\"M\\u00fasica, conciertos, discos\",\"potentialAction\":[{\"@type\":\"SearchAction\",\"target\":\"https:\/\/www.oidossucios.com\/site\/?s={search_term_string}\",\"query-input\":\"required name=search_term_string\"}],\"inLanguage\":\"es\"},{\"@type\":\"ImageObject\",\"@id\":\"https:\/\/www.oidossucios.com\/site\/cafe-tacvba-se-lleva-dos-grammys-latinos\/#primaryimage\",\"inLanguage\":\"es\",\"url\":\"https:\/\/www.oidossucios.com\/site\/wp-content\/uploads\/2004\/08\/1034.jpg\",\"width\":290,\"height\":100},{\"@type\":\"WebPage\",\"@id\":\"https:\/\/www.oidossucios.com\/site\/cafe-tacvba-se-lleva-dos-grammys-latinos\/#webpage\",\"url\":\"https:\/\/www.oidossucios.com\/site\/cafe-tacvba-se-lleva-dos-grammys-latinos\/\",\"name\":\"Caf\\u00e9 Tacvba se lleva dos Grammys Latinos - OidosSucios.Com\",\"isPartOf\":{\"@id\":\"https:\/\/www.oidossucios.com\/site\/#website\"},\"primaryImageOfPage\":{\"@id\":\"https:\/\/www.oidossucios.com\/site\/cafe-tacvba-se-lleva-dos-grammys-latinos\/#primaryimage\"},\"datePublished\":\"2004-09-02T11:31:00+00:00\",\"dateModified\":\"2004-09-02T11:31:00+00:00\",\"author\":{\"@id\":\"https:\/\/www.oidossucios.com\/site\/#\/schema\/person\/24559eeb76bf83a63296fb072393a688\"},\"description\":\"Harto de la inseguridad en su pa\\u00eds, el m\\u00fasico argentino se radicar\\u00e1 desde el martes en territorio norteamericano, seg\\u00fan una entrevista publicada hoy por el diario Clar\\u00edn.\",\"inLanguage\":\"es\",\"potentialAction\":[{\"@type\":\"ReadAction\",\"target\":[\"https:\/\/www.oidossucios.com\/site\/cafe-tacvba-se-lleva-dos-grammys-latinos\/\"]}]},{\"@type\":[\"Person\"],\"@id\":\"https:\/\/www.oidossucios.com\/site\/#\/schema\/person\/24559eeb76bf83a63296fb072393a688\",\"name\":\"Oidossucios\",\"image\":{\"@type\":\"ImageObject\",\"@id\":\"https:\/\/www.oidossucios.com\/site\/#personlogo\",\"inLanguage\":\"es\",\"url\":\"https:\/\/secure.gravatar.com\/avatar\/74fcb480f42f1a33e50a0b6e6369a3f907be2e43dc84fa5f76c66e9c22b4a5ab?s=96&d=mm&r=g\",\"caption\":\"Oidossucios\"},\"sameAs\":[\"https:\/\/twitter.com\/oidossucios\"]}]}<\/script>\n<!-- \/ Yoast SEO plugin. -->","jetpack_sharing_enabled":true,"_links":{"self":[{"href":"https:\/\/www.oidossucios.com\/site\/wp-json\/wp\/v2\/posts\/1038","targetHints":{"allow":["GET"]}}],"collection":[{"href":"https:\/\/www.oidossucios.com\/site\/wp-json\/wp\/v2\/posts"}],"about":[{"href":"https:\/\/www.oidossucios.com\/site\/wp-json\/wp\/v2\/types\/post"}],"author":[{"embeddable":true,"href":"https:\/\/www.oidossucios.com\/site\/wp-json\/wp\/v2\/users\/4"}],"replies":[{"embeddable":true,"href":"https:\/\/www.oidossucios.com\/site\/wp-json\/wp\/v2\/comments?post=1038"}],"version-history":[{"count":0,"href":"https:\/\/www.oidossucios.com\/site\/wp-json\/wp\/v2\/posts\/1038\/revisions"}],"wp:featuredmedia":[{"embeddable":true,"href":"https:\/\/www.oidossucios.com\/site\/wp-json\/wp\/v2\/media\/100001034"}],"wp:attachment":[{"href":"https:\/\/www.oidossucios.com\/site\/wp-json\/wp\/v2\/media?parent=1038"}],"wp:term":[{"taxonomy":"category","embeddable":true,"href":"https:\/\/www.oidossucios.com\/site\/wp-json\/wp\/v2\/categories?post=1038"},{"taxonomy":"post_tag","embeddable":true,"href":"https:\/\/www.oidossucios.com\/site\/wp-json\/wp\/v2\/tags?post=1038"}],"curies":[{"name":"wp","href":"https:\/\/api.w.org\/{rel}","templated":true}]}}