{"id":1048,"date":"2004-09-17T16:49:00","date_gmt":"2004-09-17T16:49:00","guid":{"rendered":"https:\/\/www.oidossucios.com\/site\/2004\/09\/17\/el-anfiteatro-del-sambil-sera-el-nuevo-hard-rock-live\/"},"modified":"2004-09-17T16:49:00","modified_gmt":"2004-09-17T16:49:00","slug":"el-anfiteatro-del-sambil-sera-el-nuevo-hard-rock-live","status":"publish","type":"post","link":"https:\/\/www.oidossucios.com\/site\/el-anfiteatro-del-sambil-sera-el-nuevo-hard-rock-live\/","title":{"rendered":"El anfiteatro del Sambil ser\u00e1 el nuevo Hard Rock Live"},"content":{"rendered":"<p>La revista Producto, a trav\u00e9s de su servicio Producto Express, public\u00f3 los detalles sobre la pr\u00f3xima apertura del Hard Rock Cafe Caracas, siendo Venezuela el quinto pa\u00eds de Latinoam\u00e9rica donde abrir\u00e1 sus puertas la m\u00e1s grande cadena de restaurantes tem\u00e1ticos dedicados a la m\u00fasica del mundo.<\/p>\n<p>Luis Eloy A\u00f1ez, director del Grupo Top\u0092s, compa\u00f1\u00eda que operar\u00e1 la franquicia del Hard Rock Caracas, coment\u00f3 a Producto que el Restaurant Top\u0092s del Sambil cerrar\u00e1 sus puertas este fin de semana para dar inicio a los trabajos de remodelaci\u00f3n, pues ser\u00e1 este el sitio donde se instalar\u00e1 el Hard Rock Cafe. La inversi\u00f3n para la operatividad del restaurant en Venezuela es de alrededor de 1.5 millones de d\u00f3lares.<\/p>\n<p>Adem\u00e1s del restaurant, tambi\u00e9n abrir\u00e1 sus puertas la tienda Hard Rock Shop y el local de eventos Hard Rock Live, que ser\u00e1 el nombre que cobrar\u00e1 la versi\u00f3n remodelada del anfiteatro del Sambil.<\/p>\n<p>El personal gerencial de la franquicia est\u00e1 siendo entrenado en estos momentos en Barcelona (Espa\u00f1a), esperando a una delegaci\u00f3n del Hard Rock Cafe Bogot\u00e1 que pronto arribar\u00e1 al pa\u00eds para entrenar al personal operativo. El local espera abrir sus puertas a mediados del mes de diciembre.<\/p>\n","protected":false},"excerpt":{"rendered":"<p>La revista Producto public\u00f3 detalles sobre la pr\u00f3xima apertura del Hard Rock Cafe. Los trabajos de remodelaci\u00f3n comienzan el lunes para abrir a mediados de diciembre.<\/p>\n","protected":false},"author":4,"featured_media":100001044,"comment_status":"open","ping_status":"open","sticky":false,"template":"","format":"standard","meta":{"_jetpack_memberships_contains_paid_content":false,"footnotes":""},"categories":[250],"tags":[385],"class_list":["post-1048","post","type-post","status-publish","format-standard","has-post-thumbnail","hentry","category-noticias","tag-hard-rock"],"jetpack_featured_media_url":"https:\/\/www.oidossucios.com\/site\/wp-content\/uploads\/2004\/09\/1044.jpg","yoast_head":"<!-- This site is optimized with the Yoast SEO plugin v14.0.4 - https:\/\/yoast.com\/wordpress\/plugins\/seo\/ -->\n<title>El anfiteatro del Sambil ser\u00e1 el nuevo Hard Rock Live - OidosSucios.Com<\/title>\n<meta name=\"description\" content=\"Como parte de la promoci\u00f3n de su cuarta placa discogr\u00e1fica, la banda caraque\u00f1a tocar\u00e1 esta semana junto a The Pixies, Franz Ferdinand y The Roots en el Festival de la m\u00fasica de Austin, para luego realizar diversa s presentaciones en USA e Inglaterra.\" \/>\n<meta name=\"robots\" content=\"index, follow\" \/>\n<meta name=\"googlebot\" content=\"index, follow, max-snippet:-1, max-image-preview:large, max-video-preview:-1\" \/>\n<meta name=\"bingbot\" content=\"index, follow, max-snippet:-1, max-image-preview:large, max-video-preview:-1\" \/>\n<link rel=\"canonical\" href=\"https:\/\/www.oidossucios.com\/site\/el-anfiteatro-del-sambil-sera-el-nuevo-hard-rock-live\/\" \/>\n<meta property=\"og:locale\" content=\"es_ES\" \/>\n<meta property=\"og:type\" content=\"article\" \/>\n<meta property=\"og:title\" content=\"El anfiteatro del Sambil ser\u00e1 el nuevo Hard Rock Live - OidosSucios.Com\" \/>\n<meta property=\"og:description\" content=\"Como parte de la promoci\u00f3n de su cuarta placa discogr\u00e1fica, la banda caraque\u00f1a tocar\u00e1 esta semana junto a The Pixies, Franz Ferdinand y The Roots en el Festival de la m\u00fasica de Austin, para luego realizar diversa s presentaciones en USA e Inglaterra.\" \/>\n<meta property=\"og:url\" content=\"https:\/\/www.oidossucios.com\/site\/el-anfiteatro-del-sambil-sera-el-nuevo-hard-rock-live\/\" \/>\n<meta property=\"og:site_name\" content=\"OidosSucios.Com\" \/>\n<meta property=\"article:published_time\" content=\"2004-09-17T16:49:00+00:00\" \/>\n<meta property=\"og:image\" content=\"https:\/\/www.oidossucios.com\/site\/wp-content\/uploads\/2004\/09\/1044.jpg\" \/>\n\t<meta property=\"og:image:width\" content=\"290\" \/>\n\t<meta property=\"og:image:height\" content=\"100\" \/>\n<meta name=\"twitter:card\" content=\"summary_large_image\" \/>\n<meta name=\"twitter:creator\" content=\"@oidossucios\" \/>\n<script type=\"application\/ld+json\" class=\"yoast-schema-graph\">{\"@context\":\"https:\/\/schema.org\",\"@graph\":[{\"@type\":\"WebSite\",\"@id\":\"https:\/\/www.oidossucios.com\/site\/#website\",\"url\":\"https:\/\/www.oidossucios.com\/site\/\",\"name\":\"OidosSucios.Com\",\"description\":\"M\\u00fasica, conciertos, discos\",\"potentialAction\":[{\"@type\":\"SearchAction\",\"target\":\"https:\/\/www.oidossucios.com\/site\/?s={search_term_string}\",\"query-input\":\"required name=search_term_string\"}],\"inLanguage\":\"es\"},{\"@type\":\"ImageObject\",\"@id\":\"https:\/\/www.oidossucios.com\/site\/el-anfiteatro-del-sambil-sera-el-nuevo-hard-rock-live\/#primaryimage\",\"inLanguage\":\"es\",\"url\":\"https:\/\/www.oidossucios.com\/site\/wp-content\/uploads\/2004\/09\/1044.jpg\",\"width\":290,\"height\":100},{\"@type\":\"WebPage\",\"@id\":\"https:\/\/www.oidossucios.com\/site\/el-anfiteatro-del-sambil-sera-el-nuevo-hard-rock-live\/#webpage\",\"url\":\"https:\/\/www.oidossucios.com\/site\/el-anfiteatro-del-sambil-sera-el-nuevo-hard-rock-live\/\",\"name\":\"El anfiteatro del Sambil ser\\u00e1 el nuevo Hard Rock Live - OidosSucios.Com\",\"isPartOf\":{\"@id\":\"https:\/\/www.oidossucios.com\/site\/#website\"},\"primaryImageOfPage\":{\"@id\":\"https:\/\/www.oidossucios.com\/site\/el-anfiteatro-del-sambil-sera-el-nuevo-hard-rock-live\/#primaryimage\"},\"datePublished\":\"2004-09-17T16:49:00+00:00\",\"dateModified\":\"2004-09-17T16:49:00+00:00\",\"author\":{\"@id\":\"https:\/\/www.oidossucios.com\/site\/#\/schema\/person\/24559eeb76bf83a63296fb072393a688\"},\"description\":\"Como parte de la promoci\\u00f3n de su cuarta placa discogr\\u00e1fica, la banda caraque\\u00f1a tocar\\u00e1 esta semana junto a The Pixies, Franz Ferdinand y The Roots en el Festival de la m\\u00fasica de Austin, para luego realizar diversa s presentaciones en USA e Inglaterra.\",\"inLanguage\":\"es\",\"potentialAction\":[{\"@type\":\"ReadAction\",\"target\":[\"https:\/\/www.oidossucios.com\/site\/el-anfiteatro-del-sambil-sera-el-nuevo-hard-rock-live\/\"]}]},{\"@type\":[\"Person\"],\"@id\":\"https:\/\/www.oidossucios.com\/site\/#\/schema\/person\/24559eeb76bf83a63296fb072393a688\",\"name\":\"Oidossucios\",\"image\":{\"@type\":\"ImageObject\",\"@id\":\"https:\/\/www.oidossucios.com\/site\/#personlogo\",\"inLanguage\":\"es\",\"url\":\"https:\/\/secure.gravatar.com\/avatar\/74fcb480f42f1a33e50a0b6e6369a3f907be2e43dc84fa5f76c66e9c22b4a5ab?s=96&d=mm&r=g\",\"caption\":\"Oidossucios\"},\"sameAs\":[\"https:\/\/twitter.com\/oidossucios\"]}]}<\/script>\n<!-- \/ Yoast SEO plugin. -->","jetpack_sharing_enabled":true,"_links":{"self":[{"href":"https:\/\/www.oidossucios.com\/site\/wp-json\/wp\/v2\/posts\/1048","targetHints":{"allow":["GET"]}}],"collection":[{"href":"https:\/\/www.oidossucios.com\/site\/wp-json\/wp\/v2\/posts"}],"about":[{"href":"https:\/\/www.oidossucios.com\/site\/wp-json\/wp\/v2\/types\/post"}],"author":[{"embeddable":true,"href":"https:\/\/www.oidossucios.com\/site\/wp-json\/wp\/v2\/users\/4"}],"replies":[{"embeddable":true,"href":"https:\/\/www.oidossucios.com\/site\/wp-json\/wp\/v2\/comments?post=1048"}],"version-history":[{"count":0,"href":"https:\/\/www.oidossucios.com\/site\/wp-json\/wp\/v2\/posts\/1048\/revisions"}],"wp:featuredmedia":[{"embeddable":true,"href":"https:\/\/www.oidossucios.com\/site\/wp-json\/wp\/v2\/media\/100001044"}],"wp:attachment":[{"href":"https:\/\/www.oidossucios.com\/site\/wp-json\/wp\/v2\/media?parent=1048"}],"wp:term":[{"taxonomy":"category","embeddable":true,"href":"https:\/\/www.oidossucios.com\/site\/wp-json\/wp\/v2\/categories?post=1048"},{"taxonomy":"post_tag","embeddable":true,"href":"https:\/\/www.oidossucios.com\/site\/wp-json\/wp\/v2\/tags?post=1048"}],"curies":[{"name":"wp","href":"https:\/\/api.w.org\/{rel}","templated":true}]}}