{"id":1050,"date":"2004-09-21T00:43:00","date_gmt":"2004-09-21T00:43:00","guid":{"rendered":"https:\/\/www.oidossucios.com\/site\/2004\/09\/21\/offspring-anuncia-oficialmente-su-gira-sudamericana\/"},"modified":"2004-09-21T00:43:00","modified_gmt":"2004-09-21T00:43:00","slug":"offspring-anuncia-oficialmente-su-gira-sudamericana","status":"publish","type":"post","link":"https:\/\/www.oidossucios.com\/site\/offspring-anuncia-oficialmente-su-gira-sudamericana\/","title":{"rendered":"Offspring anuncia oficialmente su gira sudamericana"},"content":{"rendered":"<p>La banda californiana Offspring ha anunciado hoy oficialmente las fechas de su gira sudamericana, noticia que hab\u00edamos adelantado hace algunas semanas en nuestra secci\u00f3n de rumores.<\/p>\n<p>Offspring, luego de una intensa gira por Asia y Europa, regresa a la parte sur del continente para promocionar su m\u00e1s reciente \u00e1lbum, Splinter, el cual ha sonado insistentemente con el single &#8220;Hit that&#8221;. <\/p>\n<p>La agrupaci\u00f3n se presentar\u00e1 el pr\u00f3ximo 27 de octubre en el estacionamiento del Poliedro de Caracas. La empresa encargada de producir el espect\u00e1culo ser\u00e1 Solid Show, aunque por los momentos han declinado realizar un anuncio oficial esperando finiquitar unos \u00faltimos detalles respecto al evento.<\/p>\n<p><b>Octubre 16:<\/b> Buenos Aires, Argentina \u0096 Ferrocarril Oeste Stadium<br \/><b>Octubre 18:<\/b> Porto Alegre, Brazil \u0096 Gigantinho<br \/><b>Octubre 20:<\/b> Sao Paulo, Brazil \u0096 Credicard Hall <br \/><b>Octubre 21:<\/b> Sao Paulo, Brazil \u0096 Credicard Hall<br \/><b>Octubre 22:<\/b> Rio de Janeiro, Brazil \u0096 Claro Hall<br \/><b>Octubre 24:<\/b> Recife, Brazil \u0096 Chevrolet Hall<br \/><b>Octubre 27:<\/b> Caracas, Venezuela &#8211; Poliedro Parking Lot<br \/><b>Octubre 29:<\/b> Bogota, Colombia &#8211; Estadio El Campin<br \/><b>Octubre 31:<\/b> Panam\u00e1 City, Panam\u00e1 &#8211; Figali Convention Center<\/p>\n","protected":false},"excerpt":{"rendered":"<p>La banda californiana ha anunciado hoy oficialmente las fechas de su gira sudamericana. El 27 de octubre se presentar\u00e1n en el estacionamiento del Poliedro de Caracas.<\/p>\n","protected":false},"author":4,"featured_media":100001046,"comment_status":"open","ping_status":"open","sticky":false,"template":"","format":"standard","meta":{"_jetpack_memberships_contains_paid_content":false,"footnotes":""},"categories":[250],"tags":[389],"class_list":["post-1050","post","type-post","status-publish","format-standard","has-post-thumbnail","hentry","category-noticias","tag-offspring"],"jetpack_featured_media_url":"https:\/\/www.oidossucios.com\/site\/wp-content\/uploads\/2004\/09\/1046.jpg","yoast_head":"<!-- This site is optimized with the Yoast SEO plugin v14.0.4 - https:\/\/yoast.com\/wordpress\/plugins\/seo\/ -->\n<title>Offspring anuncia oficialmente su gira sudamericana - OidosSucios.Com<\/title>\n<meta name=\"description\" content=\"Desde la primera semana de octubre se transmitir\u00e1 por la se\u00f1al de VTV un nuevo programa televisivo del rockero Paul Gillman, seg\u00fan coment\u00f3 en una entrevista en el canal. Adem\u00e1s anunci\u00f3 la creaci\u00f3n de 103.9 FM, Radio Nacional Juvenil, una cadena nacional de radio musical dedicada al segmento juvenil.\" \/>\n<meta name=\"robots\" content=\"index, follow\" \/>\n<meta name=\"googlebot\" content=\"index, follow, max-snippet:-1, max-image-preview:large, max-video-preview:-1\" \/>\n<meta name=\"bingbot\" content=\"index, follow, max-snippet:-1, max-image-preview:large, max-video-preview:-1\" \/>\n<link rel=\"canonical\" href=\"https:\/\/www.oidossucios.com\/site\/offspring-anuncia-oficialmente-su-gira-sudamericana\/\" \/>\n<meta property=\"og:locale\" content=\"es_ES\" \/>\n<meta property=\"og:type\" content=\"article\" \/>\n<meta property=\"og:title\" content=\"Offspring anuncia oficialmente su gira sudamericana - OidosSucios.Com\" \/>\n<meta property=\"og:description\" content=\"Desde la primera semana de octubre se transmitir\u00e1 por la se\u00f1al de VTV un nuevo programa televisivo del rockero Paul Gillman, seg\u00fan coment\u00f3 en una entrevista en el canal. Adem\u00e1s anunci\u00f3 la creaci\u00f3n de 103.9 FM, Radio Nacional Juvenil, una cadena nacional de radio musical dedicada al segmento juvenil.\" \/>\n<meta property=\"og:url\" content=\"https:\/\/www.oidossucios.com\/site\/offspring-anuncia-oficialmente-su-gira-sudamericana\/\" \/>\n<meta property=\"og:site_name\" content=\"OidosSucios.Com\" \/>\n<meta property=\"article:published_time\" content=\"2004-09-21T00:43:00+00:00\" \/>\n<meta property=\"og:image\" content=\"https:\/\/www.oidossucios.com\/site\/wp-content\/uploads\/2004\/09\/1046.jpg\" \/>\n\t<meta property=\"og:image:width\" content=\"290\" \/>\n\t<meta property=\"og:image:height\" content=\"100\" \/>\n<meta name=\"twitter:card\" content=\"summary_large_image\" \/>\n<meta name=\"twitter:creator\" content=\"@oidossucios\" \/>\n<script type=\"application\/ld+json\" class=\"yoast-schema-graph\">{\"@context\":\"https:\/\/schema.org\",\"@graph\":[{\"@type\":\"WebSite\",\"@id\":\"https:\/\/www.oidossucios.com\/site\/#website\",\"url\":\"https:\/\/www.oidossucios.com\/site\/\",\"name\":\"OidosSucios.Com\",\"description\":\"M\\u00fasica, conciertos, discos\",\"potentialAction\":[{\"@type\":\"SearchAction\",\"target\":\"https:\/\/www.oidossucios.com\/site\/?s={search_term_string}\",\"query-input\":\"required name=search_term_string\"}],\"inLanguage\":\"es\"},{\"@type\":\"ImageObject\",\"@id\":\"https:\/\/www.oidossucios.com\/site\/offspring-anuncia-oficialmente-su-gira-sudamericana\/#primaryimage\",\"inLanguage\":\"es\",\"url\":\"https:\/\/www.oidossucios.com\/site\/wp-content\/uploads\/2004\/09\/1046.jpg\",\"width\":290,\"height\":100},{\"@type\":\"WebPage\",\"@id\":\"https:\/\/www.oidossucios.com\/site\/offspring-anuncia-oficialmente-su-gira-sudamericana\/#webpage\",\"url\":\"https:\/\/www.oidossucios.com\/site\/offspring-anuncia-oficialmente-su-gira-sudamericana\/\",\"name\":\"Offspring anuncia oficialmente su gira sudamericana - OidosSucios.Com\",\"isPartOf\":{\"@id\":\"https:\/\/www.oidossucios.com\/site\/#website\"},\"primaryImageOfPage\":{\"@id\":\"https:\/\/www.oidossucios.com\/site\/offspring-anuncia-oficialmente-su-gira-sudamericana\/#primaryimage\"},\"datePublished\":\"2004-09-21T00:43:00+00:00\",\"dateModified\":\"2004-09-21T00:43:00+00:00\",\"author\":{\"@id\":\"https:\/\/www.oidossucios.com\/site\/#\/schema\/person\/24559eeb76bf83a63296fb072393a688\"},\"description\":\"Desde la primera semana de octubre se transmitir\\u00e1 por la se\\u00f1al de VTV un nuevo programa televisivo del rockero Paul Gillman, seg\\u00fan coment\\u00f3 en una entrevista en el canal. Adem\\u00e1s anunci\\u00f3 la creaci\\u00f3n de 103.9 FM, Radio Nacional Juvenil, una cadena nacional de radio musical dedicada al segmento juvenil.\",\"inLanguage\":\"es\",\"potentialAction\":[{\"@type\":\"ReadAction\",\"target\":[\"https:\/\/www.oidossucios.com\/site\/offspring-anuncia-oficialmente-su-gira-sudamericana\/\"]}]},{\"@type\":[\"Person\"],\"@id\":\"https:\/\/www.oidossucios.com\/site\/#\/schema\/person\/24559eeb76bf83a63296fb072393a688\",\"name\":\"Oidossucios\",\"image\":{\"@type\":\"ImageObject\",\"@id\":\"https:\/\/www.oidossucios.com\/site\/#personlogo\",\"inLanguage\":\"es\",\"url\":\"https:\/\/secure.gravatar.com\/avatar\/74fcb480f42f1a33e50a0b6e6369a3f907be2e43dc84fa5f76c66e9c22b4a5ab?s=96&d=mm&r=g\",\"caption\":\"Oidossucios\"},\"sameAs\":[\"https:\/\/twitter.com\/oidossucios\"]}]}<\/script>\n<!-- \/ Yoast SEO plugin. -->","jetpack_sharing_enabled":true,"_links":{"self":[{"href":"https:\/\/www.oidossucios.com\/site\/wp-json\/wp\/v2\/posts\/1050","targetHints":{"allow":["GET"]}}],"collection":[{"href":"https:\/\/www.oidossucios.com\/site\/wp-json\/wp\/v2\/posts"}],"about":[{"href":"https:\/\/www.oidossucios.com\/site\/wp-json\/wp\/v2\/types\/post"}],"author":[{"embeddable":true,"href":"https:\/\/www.oidossucios.com\/site\/wp-json\/wp\/v2\/users\/4"}],"replies":[{"embeddable":true,"href":"https:\/\/www.oidossucios.com\/site\/wp-json\/wp\/v2\/comments?post=1050"}],"version-history":[{"count":0,"href":"https:\/\/www.oidossucios.com\/site\/wp-json\/wp\/v2\/posts\/1050\/revisions"}],"wp:featuredmedia":[{"embeddable":true,"href":"https:\/\/www.oidossucios.com\/site\/wp-json\/wp\/v2\/media\/100001046"}],"wp:attachment":[{"href":"https:\/\/www.oidossucios.com\/site\/wp-json\/wp\/v2\/media?parent=1050"}],"wp:term":[{"taxonomy":"category","embeddable":true,"href":"https:\/\/www.oidossucios.com\/site\/wp-json\/wp\/v2\/categories?post=1050"},{"taxonomy":"post_tag","embeddable":true,"href":"https:\/\/www.oidossucios.com\/site\/wp-json\/wp\/v2\/tags?post=1050"}],"curies":[{"name":"wp","href":"https:\/\/api.w.org\/{rel}","templated":true}]}}