{"id":1051,"date":"2004-09-23T01:58:00","date_gmt":"2004-09-23T01:58:00","guid":{"rendered":"https:\/\/www.oidossucios.com\/site\/2004\/09\/23\/x%c2%96rated-comienza-la-grabacion-de-su-album-debut\/"},"modified":"2004-09-23T01:58:00","modified_gmt":"2004-09-23T01:58:00","slug":"x%c2%96rated-comienza-la-grabacion-de-su-album-debut","status":"publish","type":"post","link":"https:\/\/www.oidossucios.com\/site\/x%c2%96rated-comienza-la-grabacion-de-su-album-debut\/","title":{"rendered":"X\u0096Rated comienza la grabaci\u00f3n de su \u00e1lbum debut"},"content":{"rendered":"<p>Una de las promesas m\u00e1s firmes del metal nacional, X-Rated, se encuentra en los estudios de grabaci\u00f3n trabajando en lo que ser\u00e1 su primera producci\u00f3n discogr\u00e1fica, la cual saldr\u00e1 a fin de a\u00f1o de manera independiente.<\/p>\n<p>La agrupaci\u00f3n nativa de Punto Fijo ha dejado grata impresi\u00f3n en el p\u00fablico y la cr\u00edtica en sus presentaciones alrededor del pa\u00eds a pesar de su corta carrera y juventud de sus integrantes: Mario Prati (16), Ricardo Prati (13), Javier Jurado (16) y Gerrit Verbotes (13).<\/p>\n<p>Bajo la producci\u00f3n de Paul Jatem, la banda se encuentra en los estudios Silver Avenue Record&#8217;s de su ciudad desde el pasado 6 de septiembre grabando los 12 temas que pertenecer\u00e1n a su opera prima, entre los que destacan: Dolor interno, Sentimiento al olvido, Raz\u00f3n, Catarsis, Enfermedad, Venganza, Causa p\u00e9rdida y Transparente.<\/p>\n<p>X-Rated ser\u00e1 una de las agrupaciones participantes en el pr\u00f3ximo V Festival de Rock 100% Venezolano, a llevarse a cabo el pr\u00f3ximo mes de octubre en la ciudad de Valencia. Adem\u00e1s, han publicado un diario con fotos sobre la grabaci\u00f3n de su disco en http:\/\/www.xratedband.tk.<\/p>\n","protected":false},"excerpt":{"rendered":"<p>Una de las promesas m\u00e1s firmes del metal nacional se encuentra en los estudios grabando su primera producci\u00f3n discogr\u00e1fica que saldr\u00e1 a fin de a\u00f1o.<\/p>\n","protected":false},"author":4,"featured_media":100001051,"comment_status":"open","ping_status":"open","sticky":false,"template":"","format":"standard","meta":{"_jetpack_memberships_contains_paid_content":false,"footnotes":""},"categories":[250],"tags":[390],"class_list":["post-1051","post","type-post","status-publish","format-standard","has-post-thumbnail","hentry","category-noticias","tag-x-rated"],"jetpack_featured_media_url":"https:\/\/www.oidossucios.com\/site\/wp-content\/uploads\/2004\/09\/1051.jpg","yoast_head":"<!-- This site is optimized with the Yoast SEO plugin v14.0.4 - https:\/\/yoast.com\/wordpress\/plugins\/seo\/ -->\n<title>X\u0096Rated comienza la grabaci\u00f3n de su \u00e1lbum debut - OidosSucios.Com<\/title>\n<meta name=\"description\" content=\"El guitarrista y fundador de los Ramones muri\u00f3 ayer v\u00edctima del c\u00e1ncer de pr\u00f3stata que sufr\u00eda desde hace 5 a\u00f1os.\" \/>\n<meta name=\"robots\" content=\"index, follow\" \/>\n<meta name=\"googlebot\" content=\"index, follow, max-snippet:-1, max-image-preview:large, max-video-preview:-1\" \/>\n<meta name=\"bingbot\" content=\"index, follow, max-snippet:-1, max-image-preview:large, max-video-preview:-1\" \/>\n<link rel=\"canonical\" href=\"https:\/\/www.oidossucios.com\/site\/x\u0096rated-comienza-la-grabacion-de-su-album-debut\/\" \/>\n<meta property=\"og:locale\" content=\"es_ES\" \/>\n<meta property=\"og:type\" content=\"article\" \/>\n<meta property=\"og:title\" content=\"X\u0096Rated comienza la grabaci\u00f3n de su \u00e1lbum debut - OidosSucios.Com\" \/>\n<meta property=\"og:description\" content=\"El guitarrista y fundador de los Ramones muri\u00f3 ayer v\u00edctima del c\u00e1ncer de pr\u00f3stata que sufr\u00eda desde hace 5 a\u00f1os.\" \/>\n<meta property=\"og:url\" content=\"https:\/\/www.oidossucios.com\/site\/x\u0096rated-comienza-la-grabacion-de-su-album-debut\/\" \/>\n<meta property=\"og:site_name\" content=\"OidosSucios.Com\" \/>\n<meta property=\"article:published_time\" content=\"2004-09-23T01:58:00+00:00\" \/>\n<meta property=\"og:image\" content=\"https:\/\/www.oidossucios.com\/site\/wp-content\/uploads\/2004\/09\/1051.jpg\" \/>\n\t<meta property=\"og:image:width\" content=\"290\" \/>\n\t<meta property=\"og:image:height\" content=\"100\" \/>\n<meta name=\"twitter:card\" content=\"summary_large_image\" \/>\n<meta name=\"twitter:creator\" content=\"@oidossucios\" \/>\n<script type=\"application\/ld+json\" class=\"yoast-schema-graph\">{\"@context\":\"https:\/\/schema.org\",\"@graph\":[{\"@type\":\"WebSite\",\"@id\":\"https:\/\/www.oidossucios.com\/site\/#website\",\"url\":\"https:\/\/www.oidossucios.com\/site\/\",\"name\":\"OidosSucios.Com\",\"description\":\"M\\u00fasica, conciertos, discos\",\"potentialAction\":[{\"@type\":\"SearchAction\",\"target\":\"https:\/\/www.oidossucios.com\/site\/?s={search_term_string}\",\"query-input\":\"required name=search_term_string\"}],\"inLanguage\":\"es\"},{\"@type\":\"ImageObject\",\"@id\":\"https:\/\/www.oidossucios.com\/site\/x%c2%96rated-comienza-la-grabacion-de-su-album-debut\/#primaryimage\",\"inLanguage\":\"es\",\"url\":\"https:\/\/www.oidossucios.com\/site\/wp-content\/uploads\/2004\/09\/1051.jpg\",\"width\":290,\"height\":100},{\"@type\":\"WebPage\",\"@id\":\"https:\/\/www.oidossucios.com\/site\/x%c2%96rated-comienza-la-grabacion-de-su-album-debut\/#webpage\",\"url\":\"https:\/\/www.oidossucios.com\/site\/x%c2%96rated-comienza-la-grabacion-de-su-album-debut\/\",\"name\":\"X\\u0096Rated comienza la grabaci\\u00f3n de su \\u00e1lbum debut - OidosSucios.Com\",\"isPartOf\":{\"@id\":\"https:\/\/www.oidossucios.com\/site\/#website\"},\"primaryImageOfPage\":{\"@id\":\"https:\/\/www.oidossucios.com\/site\/x%c2%96rated-comienza-la-grabacion-de-su-album-debut\/#primaryimage\"},\"datePublished\":\"2004-09-23T01:58:00+00:00\",\"dateModified\":\"2004-09-23T01:58:00+00:00\",\"author\":{\"@id\":\"https:\/\/www.oidossucios.com\/site\/#\/schema\/person\/24559eeb76bf83a63296fb072393a688\"},\"description\":\"El guitarrista y fundador de los Ramones muri\\u00f3 ayer v\\u00edctima del c\\u00e1ncer de pr\\u00f3stata que sufr\\u00eda desde hace 5 a\\u00f1os.\",\"inLanguage\":\"es\",\"potentialAction\":[{\"@type\":\"ReadAction\",\"target\":[\"https:\/\/www.oidossucios.com\/site\/x%c2%96rated-comienza-la-grabacion-de-su-album-debut\/\"]}]},{\"@type\":[\"Person\"],\"@id\":\"https:\/\/www.oidossucios.com\/site\/#\/schema\/person\/24559eeb76bf83a63296fb072393a688\",\"name\":\"Oidossucios\",\"image\":{\"@type\":\"ImageObject\",\"@id\":\"https:\/\/www.oidossucios.com\/site\/#personlogo\",\"inLanguage\":\"es\",\"url\":\"https:\/\/secure.gravatar.com\/avatar\/74fcb480f42f1a33e50a0b6e6369a3f907be2e43dc84fa5f76c66e9c22b4a5ab?s=96&d=mm&r=g\",\"caption\":\"Oidossucios\"},\"sameAs\":[\"https:\/\/twitter.com\/oidossucios\"]}]}<\/script>\n<!-- \/ Yoast SEO plugin. -->","jetpack_sharing_enabled":true,"_links":{"self":[{"href":"https:\/\/www.oidossucios.com\/site\/wp-json\/wp\/v2\/posts\/1051","targetHints":{"allow":["GET"]}}],"collection":[{"href":"https:\/\/www.oidossucios.com\/site\/wp-json\/wp\/v2\/posts"}],"about":[{"href":"https:\/\/www.oidossucios.com\/site\/wp-json\/wp\/v2\/types\/post"}],"author":[{"embeddable":true,"href":"https:\/\/www.oidossucios.com\/site\/wp-json\/wp\/v2\/users\/4"}],"replies":[{"embeddable":true,"href":"https:\/\/www.oidossucios.com\/site\/wp-json\/wp\/v2\/comments?post=1051"}],"version-history":[{"count":0,"href":"https:\/\/www.oidossucios.com\/site\/wp-json\/wp\/v2\/posts\/1051\/revisions"}],"wp:featuredmedia":[{"embeddable":true,"href":"https:\/\/www.oidossucios.com\/site\/wp-json\/wp\/v2\/media\/100001051"}],"wp:attachment":[{"href":"https:\/\/www.oidossucios.com\/site\/wp-json\/wp\/v2\/media?parent=1051"}],"wp:term":[{"taxonomy":"category","embeddable":true,"href":"https:\/\/www.oidossucios.com\/site\/wp-json\/wp\/v2\/categories?post=1051"},{"taxonomy":"post_tag","embeddable":true,"href":"https:\/\/www.oidossucios.com\/site\/wp-json\/wp\/v2\/tags?post=1051"}],"curies":[{"name":"wp","href":"https:\/\/api.w.org\/{rel}","templated":true}]}}