{"id":1083,"date":"2004-11-16T20:44:00","date_gmt":"2004-11-16T20:44:00","guid":{"rendered":"https:\/\/www.oidossucios.com\/site\/2004\/11\/16\/el-rock-invade-el-avila\/"},"modified":"2004-11-16T20:44:00","modified_gmt":"2004-11-16T20:44:00","slug":"el-rock-invade-el-avila","status":"publish","type":"post","link":"https:\/\/www.oidossucios.com\/site\/el-rock-invade-el-avila\/","title":{"rendered":"El rock invade el \u00c1vila"},"content":{"rendered":"<p>Los pr\u00f3ximos 18 y 19 de noviembre, el reci\u00e9n inaugurado Machine Bar del parque \u00c1vila M\u00e1gica ser\u00e1 escenario del evento &#8220;Rock en el \u00c1vila&#8221;, en el cual, 8 bandas nacionales estar\u00e1n realizando presentaciones en vivo.<\/p>\n<p>Liq\u00fcet, Billy se fue, Verona, Subsonus, Systaltic, Bioss, Smallpox y Dues Irae ser\u00e1n las agrupaciones que estrenen este ciclo de conciertos, que espera presentar uno de mayor duraci\u00f3n a principios del a\u00f1o pr\u00f3ximo.<\/p>\n<p>Cada concierto comenzar\u00e1 a las 8 de la noche, presentando a 4 bandas por d\u00eda. La entrada ser\u00e1 gratuita, cancelando \u00fanicamente el costo de acceso a telef\u00e9rico: Bs. 20.000 por persona y Bs. 12.000 presentando carnet estudiantil.<\/p>\n","protected":false},"excerpt":{"rendered":"<p>Durante el 18 y 19 de noviembre, 8 bandas nacionales se estar\u00e1n presentando en el parque \u00c1vila M\u00e1gica.<\/p>\n","protected":false},"author":4,"featured_media":100001079,"comment_status":"open","ping_status":"open","sticky":false,"template":"","format":"standard","meta":{"_jetpack_memberships_contains_paid_content":false,"footnotes":""},"categories":[250],"tags":[378],"class_list":["post-1083","post","type-post","status-publish","format-standard","has-post-thumbnail","hentry","category-noticias","tag-u2"],"jetpack_featured_media_url":"https:\/\/www.oidossucios.com\/site\/wp-content\/uploads\/2004\/11\/1079.jpg","yoast_head":"<!-- This site is optimized with the Yoast SEO plugin v14.0.4 - https:\/\/yoast.com\/wordpress\/plugins\/seo\/ -->\n<title>El rock invade el \u00c1vila - OidosSucios.Com<\/title>\n<meta name=\"description\" content=\"Dos de los \u00e1lbumes m\u00e1s esperados de fin de a\u00f1o han llegado esta semana a internet. Aunque el de Eminem saldr\u00e1 oficialmente al mercado el viernes, el lanzamiento del \u00faltimo trabajo de la banda irlandesa quiz\u00e1s se adelante algunos d\u00edas.\" \/>\n<meta name=\"robots\" content=\"index, follow\" \/>\n<meta name=\"googlebot\" content=\"index, follow, max-snippet:-1, max-image-preview:large, max-video-preview:-1\" \/>\n<meta name=\"bingbot\" content=\"index, follow, max-snippet:-1, max-image-preview:large, max-video-preview:-1\" \/>\n<link rel=\"canonical\" href=\"https:\/\/www.oidossucios.com\/site\/el-rock-invade-el-avila\/\" \/>\n<meta property=\"og:locale\" content=\"es_ES\" \/>\n<meta property=\"og:type\" content=\"article\" \/>\n<meta property=\"og:title\" content=\"El rock invade el \u00c1vila - OidosSucios.Com\" \/>\n<meta property=\"og:description\" content=\"Dos de los \u00e1lbumes m\u00e1s esperados de fin de a\u00f1o han llegado esta semana a internet. Aunque el de Eminem saldr\u00e1 oficialmente al mercado el viernes, el lanzamiento del \u00faltimo trabajo de la banda irlandesa quiz\u00e1s se adelante algunos d\u00edas.\" \/>\n<meta property=\"og:url\" content=\"https:\/\/www.oidossucios.com\/site\/el-rock-invade-el-avila\/\" \/>\n<meta property=\"og:site_name\" content=\"OidosSucios.Com\" \/>\n<meta property=\"article:published_time\" content=\"2004-11-16T20:44:00+00:00\" \/>\n<meta property=\"og:image\" content=\"https:\/\/www.oidossucios.com\/site\/wp-content\/uploads\/2004\/11\/1079.jpg\" \/>\n\t<meta property=\"og:image:width\" content=\"290\" \/>\n\t<meta property=\"og:image:height\" content=\"100\" \/>\n<meta name=\"twitter:card\" content=\"summary_large_image\" \/>\n<meta name=\"twitter:creator\" content=\"@oidossucios\" \/>\n<script type=\"application\/ld+json\" class=\"yoast-schema-graph\">{\"@context\":\"https:\/\/schema.org\",\"@graph\":[{\"@type\":\"WebSite\",\"@id\":\"https:\/\/www.oidossucios.com\/site\/#website\",\"url\":\"https:\/\/www.oidossucios.com\/site\/\",\"name\":\"OidosSucios.Com\",\"description\":\"M\\u00fasica, conciertos, discos\",\"potentialAction\":[{\"@type\":\"SearchAction\",\"target\":\"https:\/\/www.oidossucios.com\/site\/?s={search_term_string}\",\"query-input\":\"required name=search_term_string\"}],\"inLanguage\":\"es\"},{\"@type\":\"ImageObject\",\"@id\":\"https:\/\/www.oidossucios.com\/site\/el-rock-invade-el-avila\/#primaryimage\",\"inLanguage\":\"es\",\"url\":\"https:\/\/www.oidossucios.com\/site\/wp-content\/uploads\/2004\/11\/1079.jpg\",\"width\":290,\"height\":100},{\"@type\":\"WebPage\",\"@id\":\"https:\/\/www.oidossucios.com\/site\/el-rock-invade-el-avila\/#webpage\",\"url\":\"https:\/\/www.oidossucios.com\/site\/el-rock-invade-el-avila\/\",\"name\":\"El rock invade el \\u00c1vila - OidosSucios.Com\",\"isPartOf\":{\"@id\":\"https:\/\/www.oidossucios.com\/site\/#website\"},\"primaryImageOfPage\":{\"@id\":\"https:\/\/www.oidossucios.com\/site\/el-rock-invade-el-avila\/#primaryimage\"},\"datePublished\":\"2004-11-16T20:44:00+00:00\",\"dateModified\":\"2004-11-16T20:44:00+00:00\",\"author\":{\"@id\":\"https:\/\/www.oidossucios.com\/site\/#\/schema\/person\/24559eeb76bf83a63296fb072393a688\"},\"description\":\"Dos de los \\u00e1lbumes m\\u00e1s esperados de fin de a\\u00f1o han llegado esta semana a internet. Aunque el de Eminem saldr\\u00e1 oficialmente al mercado el viernes, el lanzamiento del \\u00faltimo trabajo de la banda irlandesa quiz\\u00e1s se adelante algunos d\\u00edas.\",\"inLanguage\":\"es\",\"potentialAction\":[{\"@type\":\"ReadAction\",\"target\":[\"https:\/\/www.oidossucios.com\/site\/el-rock-invade-el-avila\/\"]}]},{\"@type\":[\"Person\"],\"@id\":\"https:\/\/www.oidossucios.com\/site\/#\/schema\/person\/24559eeb76bf83a63296fb072393a688\",\"name\":\"Oidossucios\",\"image\":{\"@type\":\"ImageObject\",\"@id\":\"https:\/\/www.oidossucios.com\/site\/#personlogo\",\"inLanguage\":\"es\",\"url\":\"https:\/\/secure.gravatar.com\/avatar\/74fcb480f42f1a33e50a0b6e6369a3f907be2e43dc84fa5f76c66e9c22b4a5ab?s=96&d=mm&r=g\",\"caption\":\"Oidossucios\"},\"sameAs\":[\"https:\/\/twitter.com\/oidossucios\"]}]}<\/script>\n<!-- \/ Yoast SEO plugin. -->","jetpack_sharing_enabled":true,"_links":{"self":[{"href":"https:\/\/www.oidossucios.com\/site\/wp-json\/wp\/v2\/posts\/1083","targetHints":{"allow":["GET"]}}],"collection":[{"href":"https:\/\/www.oidossucios.com\/site\/wp-json\/wp\/v2\/posts"}],"about":[{"href":"https:\/\/www.oidossucios.com\/site\/wp-json\/wp\/v2\/types\/post"}],"author":[{"embeddable":true,"href":"https:\/\/www.oidossucios.com\/site\/wp-json\/wp\/v2\/users\/4"}],"replies":[{"embeddable":true,"href":"https:\/\/www.oidossucios.com\/site\/wp-json\/wp\/v2\/comments?post=1083"}],"version-history":[{"count":0,"href":"https:\/\/www.oidossucios.com\/site\/wp-json\/wp\/v2\/posts\/1083\/revisions"}],"wp:featuredmedia":[{"embeddable":true,"href":"https:\/\/www.oidossucios.com\/site\/wp-json\/wp\/v2\/media\/100001079"}],"wp:attachment":[{"href":"https:\/\/www.oidossucios.com\/site\/wp-json\/wp\/v2\/media?parent=1083"}],"wp:term":[{"taxonomy":"category","embeddable":true,"href":"https:\/\/www.oidossucios.com\/site\/wp-json\/wp\/v2\/categories?post=1083"},{"taxonomy":"post_tag","embeddable":true,"href":"https:\/\/www.oidossucios.com\/site\/wp-json\/wp\/v2\/tags?post=1083"}],"curies":[{"name":"wp","href":"https:\/\/api.w.org\/{rel}","templated":true}]}}