{"id":1099,"date":"2004-12-31T07:11:00","date_gmt":"2004-12-31T07:11:00","guid":{"rendered":"https:\/\/www.oidossucios.com\/site\/2004\/12\/31\/mas-de-169-muertos-en-un-concierto-de-rock-en-buenos-aires\/"},"modified":"2004-12-31T07:11:00","modified_gmt":"2004-12-31T07:11:00","slug":"mas-de-169-muertos-en-un-concierto-de-rock-en-buenos-aires","status":"publish","type":"post","link":"https:\/\/www.oidossucios.com\/site\/mas-de-169-muertos-en-un-concierto-de-rock-en-buenos-aires\/","title":{"rendered":"M\u00e1s de 169 muertos en un concierto de rock en Buenos Aires"},"content":{"rendered":"<p>Un incendio ocasionado por una bengala enlut\u00f3 el \u00faltimo concierto del a\u00f1o del grupo Callejeros en el local &#8220;Rep\u00fablica Cromagnon&#8221; de la capital argentina, dejando hasta los momentos m\u00e1s de 169 muertos y 375 heridos, seg\u00fan difunde el diario Clar\u00edn. El local estaba repleto de adolescentes.<\/p>\n<p>Cerca de 6 mil personas acudieron a la presentaci\u00f3n del grupo en la noche del 30 de diciembre, en una discoteca adecuada para recibir a unas 4 mil. Seg\u00fan versiones de los testigos, cuando corr\u00eda la tercera canci\u00f3n del grupo, aproximadamente a las 11pm locales, uno de los asistentes lanzo una bengala hacia el techo del recinto, provocando el incendio. Aunque la entrada a estos eventos con armas y explosivos est\u00e1 prohibida en Argentina, la presencia de estos \u00faltimos son casi constantes en todos los espect\u00e1culos del pa\u00eds sure\u00f1o.<\/p>\n<p>Las fuerzas de seguridad locales estiman que la cifra de victimas fatales aumentar\u00e1 con el correr de la noche, aunque no en gran cantidad. La mayor\u00eda de los decesos ocurrieron en el local por asfixia y quemaduras, los refuerzos m\u00e9dicos llegaron casi inmediatamente al sitio.<\/p>\n<p>Versiones period\u00edsticas indican que uno de los muertos ser\u00eda el padre de uno de los integrantes del grupo. La alta cantidad de personas bloqueaba las salidas de seguridad, dejando como \u00fanica opci\u00f3n para abandonar el sitio una peque\u00f1a puerta, &#8220;como la de una tasca&#8221;, seg\u00fan un corresponsal de la cadena CNN en Espa\u00f1ol.<\/p>\n","protected":false},"excerpt":{"rendered":"<p>Un incendio ocasionado por una bengala enlut\u00f3 el concierto del grupo Callejeros en una discoteca en la capital argentina. El local estaba repleto de adolescentes.<\/p>\n","protected":false},"author":4,"featured_media":100001095,"comment_status":"open","ping_status":"open","sticky":false,"template":"","format":"standard","meta":{"_jetpack_memberships_contains_paid_content":false,"footnotes":""},"categories":[250],"tags":[409],"class_list":["post-1099","post","type-post","status-publish","format-standard","has-post-thumbnail","hentry","category-noticias","tag-argentina"],"jetpack_featured_media_url":"https:\/\/www.oidossucios.com\/site\/wp-content\/uploads\/2004\/12\/1095.jpg","yoast_head":"<!-- This site is optimized with the Yoast SEO plugin v14.0.4 - https:\/\/yoast.com\/wordpress\/plugins\/seo\/ -->\n<title>M\u00e1s de 169 muertos en un concierto de rock en Buenos Aires - OidosSucios.Com<\/title>\n<meta name=\"description\" content=\"La banda caraque\u00f1a ha comenzado a trabajar en su primera placa discogr\u00e1fica, luego de un par de a\u00f1o de ausencia de los escenarios.\" \/>\n<meta name=\"robots\" content=\"index, follow\" \/>\n<meta name=\"googlebot\" content=\"index, follow, max-snippet:-1, max-image-preview:large, max-video-preview:-1\" \/>\n<meta name=\"bingbot\" content=\"index, follow, max-snippet:-1, max-image-preview:large, max-video-preview:-1\" \/>\n<link rel=\"canonical\" href=\"https:\/\/www.oidossucios.com\/site\/mas-de-169-muertos-en-un-concierto-de-rock-en-buenos-aires\/\" \/>\n<meta property=\"og:locale\" content=\"es_ES\" \/>\n<meta property=\"og:type\" content=\"article\" \/>\n<meta property=\"og:title\" content=\"M\u00e1s de 169 muertos en un concierto de rock en Buenos Aires - OidosSucios.Com\" \/>\n<meta property=\"og:description\" content=\"La banda caraque\u00f1a ha comenzado a trabajar en su primera placa discogr\u00e1fica, luego de un par de a\u00f1o de ausencia de los escenarios.\" \/>\n<meta property=\"og:url\" content=\"https:\/\/www.oidossucios.com\/site\/mas-de-169-muertos-en-un-concierto-de-rock-en-buenos-aires\/\" \/>\n<meta property=\"og:site_name\" content=\"OidosSucios.Com\" \/>\n<meta property=\"article:published_time\" content=\"2004-12-31T07:11:00+00:00\" \/>\n<meta property=\"og:image\" content=\"https:\/\/www.oidossucios.com\/site\/wp-content\/uploads\/2004\/12\/1095.jpg\" \/>\n\t<meta property=\"og:image:width\" content=\"290\" \/>\n\t<meta property=\"og:image:height\" content=\"100\" \/>\n<meta name=\"twitter:card\" content=\"summary_large_image\" \/>\n<meta name=\"twitter:creator\" content=\"@oidossucios\" \/>\n<script type=\"application\/ld+json\" class=\"yoast-schema-graph\">{\"@context\":\"https:\/\/schema.org\",\"@graph\":[{\"@type\":\"WebSite\",\"@id\":\"https:\/\/www.oidossucios.com\/site\/#website\",\"url\":\"https:\/\/www.oidossucios.com\/site\/\",\"name\":\"OidosSucios.Com\",\"description\":\"M\\u00fasica, conciertos, discos\",\"potentialAction\":[{\"@type\":\"SearchAction\",\"target\":\"https:\/\/www.oidossucios.com\/site\/?s={search_term_string}\",\"query-input\":\"required name=search_term_string\"}],\"inLanguage\":\"es\"},{\"@type\":\"ImageObject\",\"@id\":\"https:\/\/www.oidossucios.com\/site\/mas-de-169-muertos-en-un-concierto-de-rock-en-buenos-aires\/#primaryimage\",\"inLanguage\":\"es\",\"url\":\"https:\/\/www.oidossucios.com\/site\/wp-content\/uploads\/2004\/12\/1095.jpg\",\"width\":290,\"height\":100},{\"@type\":\"WebPage\",\"@id\":\"https:\/\/www.oidossucios.com\/site\/mas-de-169-muertos-en-un-concierto-de-rock-en-buenos-aires\/#webpage\",\"url\":\"https:\/\/www.oidossucios.com\/site\/mas-de-169-muertos-en-un-concierto-de-rock-en-buenos-aires\/\",\"name\":\"M\\u00e1s de 169 muertos en un concierto de rock en Buenos Aires - OidosSucios.Com\",\"isPartOf\":{\"@id\":\"https:\/\/www.oidossucios.com\/site\/#website\"},\"primaryImageOfPage\":{\"@id\":\"https:\/\/www.oidossucios.com\/site\/mas-de-169-muertos-en-un-concierto-de-rock-en-buenos-aires\/#primaryimage\"},\"datePublished\":\"2004-12-31T07:11:00+00:00\",\"dateModified\":\"2004-12-31T07:11:00+00:00\",\"author\":{\"@id\":\"https:\/\/www.oidossucios.com\/site\/#\/schema\/person\/24559eeb76bf83a63296fb072393a688\"},\"description\":\"La banda caraque\\u00f1a ha comenzado a trabajar en su primera placa discogr\\u00e1fica, luego de un par de a\\u00f1o de ausencia de los escenarios.\",\"inLanguage\":\"es\",\"potentialAction\":[{\"@type\":\"ReadAction\",\"target\":[\"https:\/\/www.oidossucios.com\/site\/mas-de-169-muertos-en-un-concierto-de-rock-en-buenos-aires\/\"]}]},{\"@type\":[\"Person\"],\"@id\":\"https:\/\/www.oidossucios.com\/site\/#\/schema\/person\/24559eeb76bf83a63296fb072393a688\",\"name\":\"Oidossucios\",\"image\":{\"@type\":\"ImageObject\",\"@id\":\"https:\/\/www.oidossucios.com\/site\/#personlogo\",\"inLanguage\":\"es\",\"url\":\"https:\/\/secure.gravatar.com\/avatar\/74fcb480f42f1a33e50a0b6e6369a3f907be2e43dc84fa5f76c66e9c22b4a5ab?s=96&d=mm&r=g\",\"caption\":\"Oidossucios\"},\"sameAs\":[\"https:\/\/twitter.com\/oidossucios\"]}]}<\/script>\n<!-- \/ Yoast SEO plugin. -->","jetpack_sharing_enabled":true,"_links":{"self":[{"href":"https:\/\/www.oidossucios.com\/site\/wp-json\/wp\/v2\/posts\/1099","targetHints":{"allow":["GET"]}}],"collection":[{"href":"https:\/\/www.oidossucios.com\/site\/wp-json\/wp\/v2\/posts"}],"about":[{"href":"https:\/\/www.oidossucios.com\/site\/wp-json\/wp\/v2\/types\/post"}],"author":[{"embeddable":true,"href":"https:\/\/www.oidossucios.com\/site\/wp-json\/wp\/v2\/users\/4"}],"replies":[{"embeddable":true,"href":"https:\/\/www.oidossucios.com\/site\/wp-json\/wp\/v2\/comments?post=1099"}],"version-history":[{"count":0,"href":"https:\/\/www.oidossucios.com\/site\/wp-json\/wp\/v2\/posts\/1099\/revisions"}],"wp:featuredmedia":[{"embeddable":true,"href":"https:\/\/www.oidossucios.com\/site\/wp-json\/wp\/v2\/media\/100001095"}],"wp:attachment":[{"href":"https:\/\/www.oidossucios.com\/site\/wp-json\/wp\/v2\/media?parent=1099"}],"wp:term":[{"taxonomy":"category","embeddable":true,"href":"https:\/\/www.oidossucios.com\/site\/wp-json\/wp\/v2\/categories?post=1099"},{"taxonomy":"post_tag","embeddable":true,"href":"https:\/\/www.oidossucios.com\/site\/wp-json\/wp\/v2\/tags?post=1099"}],"curies":[{"name":"wp","href":"https:\/\/api.w.org\/{rel}","templated":true}]}}