{"id":1131,"date":"2006-10-09T22:12:00","date_gmt":"2006-10-09T22:12:00","guid":{"rendered":"https:\/\/www.oidossucios.com\/site\/2006\/10\/09\/vuelve-el-festival-rockaloca-en-su-6ta-edicion\/"},"modified":"2006-10-09T22:12:00","modified_gmt":"2006-10-09T22:12:00","slug":"vuelve-el-festival-rockaloca-en-su-6ta-edicion","status":"publish","type":"post","link":"https:\/\/www.oidossucios.com\/site\/vuelve-el-festival-rockaloca-en-su-6ta-edicion\/","title":{"rendered":"Vuelve el festival RockaLoca en su 6ta edici\u00f3n"},"content":{"rendered":"<p>Luego de once a\u00f1os de ausencia, vuelve a Puerto Ordaz el festival RockaLoca, evento impulsor y testigo del despegue hacia el \u00e9xito de bandas venezolanas como: Zapato 3, Desorden P\u00fablico o Los Amigos Invisibles. <\/p>\n<p>El festival, que se realizar\u00e1 13 de Octubre en el Gran Sal\u00f3n del Club Portugu\u00e9s de la Ciudad de Puerto Ordaz, sede tradicional del acontecimiento en el pasado, contar\u00e1 con la participaci\u00f3n de las bandas Papashanty Saundsystem, La Puta El\u00e9ctrica, Candy 66, Mr. Baco y Volta. La m\u00fasica electr\u00f3nica estar\u00e1 a cargo de Dj DD Domingo, por el Colectivo Groove, y Dj Krunch. <\/p>\n<p>El precio de las entradas es de Bs. 25.000 I Etapa, Bs. 35.000 II Etapa. Bs. 45.000 III Etapa y Bs. 60.000 para el \u00e1rea Lounge. Las mismas se pueden adquirir en las tiendas Optiglass y taquillas del Club Portugu\u00e9s de la ciudad.<\/p>\n<p>Para m\u00e1s informaci\u00f3n, se puede visitar la direcci\u00f3n www.rockaloca.com<\/p>\n","protected":false},"excerpt":{"rendered":"<p>Papashanty Saundsystem, La Puta El\u00e9ctrica y Candy 66 ser\u00e1n los cabezas de cartel de este evento a realizarse, luego de muchos a\u00f1os de ausencia, en la ciudad de Puerto Ordaz.<\/p>\n","protected":false},"author":4,"featured_media":100001127,"comment_status":"open","ping_status":"open","sticky":false,"template":"","format":"standard","meta":{"_jetpack_memberships_contains_paid_content":false,"footnotes":""},"categories":[250],"tags":[235],"class_list":["post-1131","post","type-post","status-publish","format-standard","has-post-thumbnail","hentry","category-noticias","tag-candy-66"],"jetpack_featured_media_url":"https:\/\/www.oidossucios.com\/site\/wp-content\/uploads\/2006\/10\/1127.jpg","yoast_head":"<!-- This site is optimized with the Yoast SEO plugin v14.0.4 - https:\/\/yoast.com\/wordpress\/plugins\/seo\/ -->\n<title>Vuelve el festival RockaLoca en su 6ta edici\u00f3n - OidosSucios.Com<\/title>\n<meta name=\"description\" content=\"La m\u00fasica bailable encuentra un espacio en Venezuela de la mano de Jos\u00e9 Luis Pardo (Dj Afro) y Gozadera Records. Algunos de los artistas m\u00e1s representativos de la movida electr\u00f3nica del pa\u00eds se dieron cita en esta producci\u00f3n que busca ser imprescindible en la escena nocturna.\" \/>\n<meta name=\"robots\" content=\"index, follow\" \/>\n<meta name=\"googlebot\" content=\"index, follow, max-snippet:-1, max-image-preview:large, max-video-preview:-1\" \/>\n<meta name=\"bingbot\" content=\"index, follow, max-snippet:-1, max-image-preview:large, max-video-preview:-1\" \/>\n<link rel=\"canonical\" href=\"https:\/\/www.oidossucios.com\/site\/vuelve-el-festival-rockaloca-en-su-6ta-edicion\/\" \/>\n<meta property=\"og:locale\" content=\"es_ES\" \/>\n<meta property=\"og:type\" content=\"article\" \/>\n<meta property=\"og:title\" content=\"Vuelve el festival RockaLoca en su 6ta edici\u00f3n - OidosSucios.Com\" \/>\n<meta property=\"og:description\" content=\"La m\u00fasica bailable encuentra un espacio en Venezuela de la mano de Jos\u00e9 Luis Pardo (Dj Afro) y Gozadera Records. Algunos de los artistas m\u00e1s representativos de la movida electr\u00f3nica del pa\u00eds se dieron cita en esta producci\u00f3n que busca ser imprescindible en la escena nocturna.\" \/>\n<meta property=\"og:url\" content=\"https:\/\/www.oidossucios.com\/site\/vuelve-el-festival-rockaloca-en-su-6ta-edicion\/\" \/>\n<meta property=\"og:site_name\" content=\"OidosSucios.Com\" \/>\n<meta property=\"article:published_time\" content=\"2006-10-09T22:12:00+00:00\" \/>\n<meta property=\"og:image\" content=\"https:\/\/www.oidossucios.com\/site\/wp-content\/uploads\/2006\/10\/1127.jpg\" \/>\n\t<meta property=\"og:image:width\" content=\"290\" \/>\n\t<meta property=\"og:image:height\" content=\"100\" \/>\n<meta name=\"twitter:card\" content=\"summary_large_image\" \/>\n<meta name=\"twitter:creator\" content=\"@oidossucios\" \/>\n<script type=\"application\/ld+json\" class=\"yoast-schema-graph\">{\"@context\":\"https:\/\/schema.org\",\"@graph\":[{\"@type\":\"WebSite\",\"@id\":\"https:\/\/www.oidossucios.com\/site\/#website\",\"url\":\"https:\/\/www.oidossucios.com\/site\/\",\"name\":\"OidosSucios.Com\",\"description\":\"M\\u00fasica, conciertos, discos\",\"potentialAction\":[{\"@type\":\"SearchAction\",\"target\":\"https:\/\/www.oidossucios.com\/site\/?s={search_term_string}\",\"query-input\":\"required name=search_term_string\"}],\"inLanguage\":\"es\"},{\"@type\":\"ImageObject\",\"@id\":\"https:\/\/www.oidossucios.com\/site\/vuelve-el-festival-rockaloca-en-su-6ta-edicion\/#primaryimage\",\"inLanguage\":\"es\",\"url\":\"https:\/\/www.oidossucios.com\/site\/wp-content\/uploads\/2006\/10\/1127.jpg\",\"width\":290,\"height\":100},{\"@type\":\"WebPage\",\"@id\":\"https:\/\/www.oidossucios.com\/site\/vuelve-el-festival-rockaloca-en-su-6ta-edicion\/#webpage\",\"url\":\"https:\/\/www.oidossucios.com\/site\/vuelve-el-festival-rockaloca-en-su-6ta-edicion\/\",\"name\":\"Vuelve el festival RockaLoca en su 6ta edici\\u00f3n - OidosSucios.Com\",\"isPartOf\":{\"@id\":\"https:\/\/www.oidossucios.com\/site\/#website\"},\"primaryImageOfPage\":{\"@id\":\"https:\/\/www.oidossucios.com\/site\/vuelve-el-festival-rockaloca-en-su-6ta-edicion\/#primaryimage\"},\"datePublished\":\"2006-10-09T22:12:00+00:00\",\"dateModified\":\"2006-10-09T22:12:00+00:00\",\"author\":{\"@id\":\"https:\/\/www.oidossucios.com\/site\/#\/schema\/person\/24559eeb76bf83a63296fb072393a688\"},\"description\":\"La m\\u00fasica bailable encuentra un espacio en Venezuela de la mano de Jos\\u00e9 Luis Pardo (Dj Afro) y Gozadera Records. Algunos de los artistas m\\u00e1s representativos de la movida electr\\u00f3nica del pa\\u00eds se dieron cita en esta producci\\u00f3n que busca ser imprescindible en la escena nocturna.\",\"inLanguage\":\"es\",\"potentialAction\":[{\"@type\":\"ReadAction\",\"target\":[\"https:\/\/www.oidossucios.com\/site\/vuelve-el-festival-rockaloca-en-su-6ta-edicion\/\"]}]},{\"@type\":[\"Person\"],\"@id\":\"https:\/\/www.oidossucios.com\/site\/#\/schema\/person\/24559eeb76bf83a63296fb072393a688\",\"name\":\"Oidossucios\",\"image\":{\"@type\":\"ImageObject\",\"@id\":\"https:\/\/www.oidossucios.com\/site\/#personlogo\",\"inLanguage\":\"es\",\"url\":\"https:\/\/secure.gravatar.com\/avatar\/74fcb480f42f1a33e50a0b6e6369a3f907be2e43dc84fa5f76c66e9c22b4a5ab?s=96&d=mm&r=g\",\"caption\":\"Oidossucios\"},\"sameAs\":[\"https:\/\/twitter.com\/oidossucios\"]}]}<\/script>\n<!-- \/ Yoast SEO plugin. -->","jetpack_sharing_enabled":true,"_links":{"self":[{"href":"https:\/\/www.oidossucios.com\/site\/wp-json\/wp\/v2\/posts\/1131","targetHints":{"allow":["GET"]}}],"collection":[{"href":"https:\/\/www.oidossucios.com\/site\/wp-json\/wp\/v2\/posts"}],"about":[{"href":"https:\/\/www.oidossucios.com\/site\/wp-json\/wp\/v2\/types\/post"}],"author":[{"embeddable":true,"href":"https:\/\/www.oidossucios.com\/site\/wp-json\/wp\/v2\/users\/4"}],"replies":[{"embeddable":true,"href":"https:\/\/www.oidossucios.com\/site\/wp-json\/wp\/v2\/comments?post=1131"}],"version-history":[{"count":0,"href":"https:\/\/www.oidossucios.com\/site\/wp-json\/wp\/v2\/posts\/1131\/revisions"}],"wp:featuredmedia":[{"embeddable":true,"href":"https:\/\/www.oidossucios.com\/site\/wp-json\/wp\/v2\/media\/100001127"}],"wp:attachment":[{"href":"https:\/\/www.oidossucios.com\/site\/wp-json\/wp\/v2\/media?parent=1131"}],"wp:term":[{"taxonomy":"category","embeddable":true,"href":"https:\/\/www.oidossucios.com\/site\/wp-json\/wp\/v2\/categories?post=1131"},{"taxonomy":"post_tag","embeddable":true,"href":"https:\/\/www.oidossucios.com\/site\/wp-json\/wp\/v2\/tags?post=1131"}],"curies":[{"name":"wp","href":"https:\/\/api.w.org\/{rel}","templated":true}]}}