{"id":1132,"date":"2006-10-10T18:57:00","date_gmt":"2006-10-10T18:57:00","guid":{"rendered":"https:\/\/www.oidossucios.com\/site\/2006\/10\/10\/adelantada-la-presentacion-de-shakira\/"},"modified":"2006-10-10T18:57:00","modified_gmt":"2006-10-10T18:57:00","slug":"adelantada-la-presentacion-de-shakira","status":"publish","type":"post","link":"https:\/\/www.oidossucios.com\/site\/adelantada-la-presentacion-de-shakira\/","title":{"rendered":"Adelantada la presentaci\u00f3n de Shakira"},"content":{"rendered":"<p>La productora Evenpro ha informado que el concierto de la cantante colombiana Shakira anunciado para el pr\u00f3ximo 12 de noviembre en el estadio de f\u00fatbol de la Universidad Santa Mar\u00eda, ha sido adelantado ahora un d\u00eda antes, para el 11 del mismo mes. La apretada agenda de la artista ha sido la causa del cambio.<\/p>\n<p>Durante un operativo especial de venta de entradas llevado a cabo en 3 centros comerciales caraque\u00f1os, se agot\u00f3 totalmente la primera etapa de preventa de entradas, por lo cual los tickets tienen ahora nuevo precio: Bs. 112.000 en zona general y Bs. 367.000 en zona preferencial. Los afiliados del club Movistar seguir\u00e1n obteniendo un 20% de descuento al momento de comprar sus entradas. Los puntos de venta son:<\/p>\n<p>\u0095\tHard Rock Caf\u00e9 ( Sambil Caracas )<br \/>\u0095\tEsperanto ( C.C. San Ignacio y Tol\u00f3n )<br \/>\u0095\tRecordland ( C.C. Sambil y CCCT )<br \/>\u0095\tV\u00eda online a trav\u00e9s de www.mipunto.com y www.evenpro.com<\/p>\n<p>Shakira viaja con 70 personas y con 25 toneladas de equipos entre luces, sonido y elmontaje de  una enorme tarima que mide 14 mts x 15 mts, adem\u00e1s de pirotecnia, 2 pantallas laterales de retro-proyecci\u00f3n y una pantalla de LED gigante que estar\u00e1 colocada al centro de la tarima.<\/p>\n<p>Las personas que adquirieron sus entradas para el d\u00eda 12 podr\u00e1n usarla sin ning\u00fan problema en la nueva fecha.<\/p>\n","protected":false},"excerpt":{"rendered":"<p>La productora Evenpro ha informado que el concierto de la cantante colombiana ser\u00e1 ahora un d\u00eda antes, el 11 de noviembre. La primera etapa de preventa ya se agot\u00f3.<\/p>\n","protected":false},"author":4,"featured_media":100001128,"comment_status":"open","ping_status":"open","sticky":false,"template":"","format":"standard","meta":{"_jetpack_memberships_contains_paid_content":false,"footnotes":""},"categories":[250],"tags":[421],"class_list":["post-1132","post","type-post","status-publish","format-standard","has-post-thumbnail","hentry","category-noticias","tag-shakira"],"jetpack_featured_media_url":"https:\/\/www.oidossucios.com\/site\/wp-content\/uploads\/2006\/10\/1128.jpg","yoast_head":"<!-- This site is optimized with the Yoast SEO plugin v14.0.4 - https:\/\/yoast.com\/wordpress\/plugins\/seo\/ -->\n<title>Adelantada la presentaci\u00f3n de Shakira - OidosSucios.Com<\/title>\n<meta name=\"description\" content=\"A ra\u00edz de la cancelaci\u00f3n del concierto de NOFX en Caracas, Tiendas Xcess y TwoMany Records han enviado el d\u00eda de hoy algunos comunicados a nuestra redacci\u00f3n aclarando algunos puntos al respecto.\" \/>\n<meta name=\"robots\" content=\"index, follow\" \/>\n<meta name=\"googlebot\" content=\"index, follow, max-snippet:-1, max-image-preview:large, max-video-preview:-1\" \/>\n<meta name=\"bingbot\" content=\"index, follow, max-snippet:-1, max-image-preview:large, max-video-preview:-1\" \/>\n<link rel=\"canonical\" href=\"https:\/\/www.oidossucios.com\/site\/adelantada-la-presentacion-de-shakira\/\" \/>\n<meta property=\"og:locale\" content=\"es_ES\" \/>\n<meta property=\"og:type\" content=\"article\" \/>\n<meta property=\"og:title\" content=\"Adelantada la presentaci\u00f3n de Shakira - OidosSucios.Com\" \/>\n<meta property=\"og:description\" content=\"A ra\u00edz de la cancelaci\u00f3n del concierto de NOFX en Caracas, Tiendas Xcess y TwoMany Records han enviado el d\u00eda de hoy algunos comunicados a nuestra redacci\u00f3n aclarando algunos puntos al respecto.\" \/>\n<meta property=\"og:url\" content=\"https:\/\/www.oidossucios.com\/site\/adelantada-la-presentacion-de-shakira\/\" \/>\n<meta property=\"og:site_name\" content=\"OidosSucios.Com\" \/>\n<meta property=\"article:published_time\" content=\"2006-10-10T18:57:00+00:00\" \/>\n<meta property=\"og:image\" content=\"https:\/\/www.oidossucios.com\/site\/wp-content\/uploads\/2006\/10\/1128.jpg\" \/>\n\t<meta property=\"og:image:width\" content=\"290\" \/>\n\t<meta property=\"og:image:height\" content=\"100\" \/>\n<meta name=\"twitter:card\" content=\"summary_large_image\" \/>\n<meta name=\"twitter:creator\" content=\"@oidossucios\" \/>\n<script type=\"application\/ld+json\" class=\"yoast-schema-graph\">{\"@context\":\"https:\/\/schema.org\",\"@graph\":[{\"@type\":\"WebSite\",\"@id\":\"https:\/\/www.oidossucios.com\/site\/#website\",\"url\":\"https:\/\/www.oidossucios.com\/site\/\",\"name\":\"OidosSucios.Com\",\"description\":\"M\\u00fasica, conciertos, discos\",\"potentialAction\":[{\"@type\":\"SearchAction\",\"target\":\"https:\/\/www.oidossucios.com\/site\/?s={search_term_string}\",\"query-input\":\"required name=search_term_string\"}],\"inLanguage\":\"es\"},{\"@type\":\"ImageObject\",\"@id\":\"https:\/\/www.oidossucios.com\/site\/adelantada-la-presentacion-de-shakira\/#primaryimage\",\"inLanguage\":\"es\",\"url\":\"https:\/\/www.oidossucios.com\/site\/wp-content\/uploads\/2006\/10\/1128.jpg\",\"width\":290,\"height\":100},{\"@type\":\"WebPage\",\"@id\":\"https:\/\/www.oidossucios.com\/site\/adelantada-la-presentacion-de-shakira\/#webpage\",\"url\":\"https:\/\/www.oidossucios.com\/site\/adelantada-la-presentacion-de-shakira\/\",\"name\":\"Adelantada la presentaci\\u00f3n de Shakira - OidosSucios.Com\",\"isPartOf\":{\"@id\":\"https:\/\/www.oidossucios.com\/site\/#website\"},\"primaryImageOfPage\":{\"@id\":\"https:\/\/www.oidossucios.com\/site\/adelantada-la-presentacion-de-shakira\/#primaryimage\"},\"datePublished\":\"2006-10-10T18:57:00+00:00\",\"dateModified\":\"2006-10-10T18:57:00+00:00\",\"author\":{\"@id\":\"https:\/\/www.oidossucios.com\/site\/#\/schema\/person\/24559eeb76bf83a63296fb072393a688\"},\"description\":\"A ra\\u00edz de la cancelaci\\u00f3n del concierto de NOFX en Caracas, Tiendas Xcess y TwoMany Records han enviado el d\\u00eda de hoy algunos comunicados a nuestra redacci\\u00f3n aclarando algunos puntos al respecto.\",\"inLanguage\":\"es\",\"potentialAction\":[{\"@type\":\"ReadAction\",\"target\":[\"https:\/\/www.oidossucios.com\/site\/adelantada-la-presentacion-de-shakira\/\"]}]},{\"@type\":[\"Person\"],\"@id\":\"https:\/\/www.oidossucios.com\/site\/#\/schema\/person\/24559eeb76bf83a63296fb072393a688\",\"name\":\"Oidossucios\",\"image\":{\"@type\":\"ImageObject\",\"@id\":\"https:\/\/www.oidossucios.com\/site\/#personlogo\",\"inLanguage\":\"es\",\"url\":\"https:\/\/secure.gravatar.com\/avatar\/74fcb480f42f1a33e50a0b6e6369a3f907be2e43dc84fa5f76c66e9c22b4a5ab?s=96&d=mm&r=g\",\"caption\":\"Oidossucios\"},\"sameAs\":[\"https:\/\/twitter.com\/oidossucios\"]}]}<\/script>\n<!-- \/ Yoast SEO plugin. -->","jetpack_sharing_enabled":true,"_links":{"self":[{"href":"https:\/\/www.oidossucios.com\/site\/wp-json\/wp\/v2\/posts\/1132","targetHints":{"allow":["GET"]}}],"collection":[{"href":"https:\/\/www.oidossucios.com\/site\/wp-json\/wp\/v2\/posts"}],"about":[{"href":"https:\/\/www.oidossucios.com\/site\/wp-json\/wp\/v2\/types\/post"}],"author":[{"embeddable":true,"href":"https:\/\/www.oidossucios.com\/site\/wp-json\/wp\/v2\/users\/4"}],"replies":[{"embeddable":true,"href":"https:\/\/www.oidossucios.com\/site\/wp-json\/wp\/v2\/comments?post=1132"}],"version-history":[{"count":0,"href":"https:\/\/www.oidossucios.com\/site\/wp-json\/wp\/v2\/posts\/1132\/revisions"}],"wp:featuredmedia":[{"embeddable":true,"href":"https:\/\/www.oidossucios.com\/site\/wp-json\/wp\/v2\/media\/100001128"}],"wp:attachment":[{"href":"https:\/\/www.oidossucios.com\/site\/wp-json\/wp\/v2\/media?parent=1132"}],"wp:term":[{"taxonomy":"category","embeddable":true,"href":"https:\/\/www.oidossucios.com\/site\/wp-json\/wp\/v2\/categories?post=1132"},{"taxonomy":"post_tag","embeddable":true,"href":"https:\/\/www.oidossucios.com\/site\/wp-json\/wp\/v2\/tags?post=1132"}],"curies":[{"name":"wp","href":"https:\/\/api.w.org\/{rel}","templated":true}]}}