{"id":1144,"date":"2006-10-24T17:57:00","date_gmt":"2006-10-24T17:57:00","guid":{"rendered":"https:\/\/www.oidossucios.com\/site\/2006\/10\/24\/el-concierto-de-shakira-sera-en-la-carlota\/"},"modified":"2006-10-24T17:57:00","modified_gmt":"2006-10-24T17:57:00","slug":"el-concierto-de-shakira-sera-en-la-carlota","status":"publish","type":"post","link":"https:\/\/www.oidossucios.com\/site\/el-concierto-de-shakira-sera-en-la-carlota\/","title":{"rendered":"El concierto de Shakira ser\u00e1 en La Carlota"},"content":{"rendered":"<p>En una rueda de prensa convocada esta ma\u00f1ana, la productora Evenpro confirm\u00f3 la realizaci\u00f3n del concierto de Shakira en Caracas para el pr\u00f3ximo 11 de noviembre, pero con un cambio de lugar: ahora ser\u00e1 en el Aeropuerto de La Carlota.<\/p>\n<p>El presidente de la empresa, Santiago Otero, agradeci\u00f3 la ayuda prestada por el presidente de la rep\u00fablica, Hugo Ch\u00e1vez, en la gesti\u00f3n para obtener la locaci\u00f3n del evento, la cual es manejada por el Ministerio de la Defensa.<\/p>\n<p>La primera sede anunciada para el show, el estadio de f\u00fatbol de la Universidad Santa Mar\u00eda, fue descartada la semana pasada debido a las quejas de las asociaciones de vecinos de las zonas aleda\u00f1as, quienes se opusieron al evento debido al precario acceso existente para llegar a la zona.<\/p>\n<p>Las entradas contin\u00faan a la venta en el mismo precio. Evenpro anunci\u00f3 adem\u00e1s, que con el cambio de sitio, esperan recibir ahora a unas 40 mil personas el d\u00eda del evento.<\/p>\n","protected":false},"excerpt":{"rendered":"<p>En una rueda de prensa convocada esta ma\u00f1ana, la productora Evenpro confirm\u00f3 el cambio de locaci\u00f3n para el concierto de la colombiana Shakira, el cual ser\u00e1 ahora en el Aeropuerto de La Carlota.<\/p>\n","protected":false},"author":4,"featured_media":100001140,"comment_status":"open","ping_status":"open","sticky":false,"template":"","format":"standard","meta":{"_jetpack_memberships_contains_paid_content":false,"footnotes":""},"categories":[250],"tags":[421],"class_list":["post-1144","post","type-post","status-publish","format-standard","has-post-thumbnail","hentry","category-noticias","tag-shakira"],"jetpack_featured_media_url":"https:\/\/www.oidossucios.com\/site\/wp-content\/uploads\/2006\/10\/1140.jpg","yoast_head":"<!-- This site is optimized with the Yoast SEO plugin v14.0.4 - https:\/\/yoast.com\/wordpress\/plugins\/seo\/ -->\n<title>El concierto de Shakira ser\u00e1 en La Carlota - OidosSucios.Com<\/title>\n<meta name=\"description\" content=\"El cantante hispanofranc\u00e9s y su agrupaci\u00f3n Radio Bemba Sound System aterrizar\u00e1 en nuestro pa\u00eds este fin de semana para ofrecer 3 presentaciones.\" \/>\n<meta name=\"robots\" content=\"index, follow\" \/>\n<meta name=\"googlebot\" content=\"index, follow, max-snippet:-1, max-image-preview:large, max-video-preview:-1\" \/>\n<meta name=\"bingbot\" content=\"index, follow, max-snippet:-1, max-image-preview:large, max-video-preview:-1\" \/>\n<link rel=\"canonical\" href=\"https:\/\/www.oidossucios.com\/site\/el-concierto-de-shakira-sera-en-la-carlota\/\" \/>\n<meta property=\"og:locale\" content=\"es_ES\" \/>\n<meta property=\"og:type\" content=\"article\" \/>\n<meta property=\"og:title\" content=\"El concierto de Shakira ser\u00e1 en La Carlota - OidosSucios.Com\" \/>\n<meta property=\"og:description\" content=\"El cantante hispanofranc\u00e9s y su agrupaci\u00f3n Radio Bemba Sound System aterrizar\u00e1 en nuestro pa\u00eds este fin de semana para ofrecer 3 presentaciones.\" \/>\n<meta property=\"og:url\" content=\"https:\/\/www.oidossucios.com\/site\/el-concierto-de-shakira-sera-en-la-carlota\/\" \/>\n<meta property=\"og:site_name\" content=\"OidosSucios.Com\" \/>\n<meta property=\"article:published_time\" content=\"2006-10-24T17:57:00+00:00\" \/>\n<meta property=\"og:image\" content=\"https:\/\/www.oidossucios.com\/site\/wp-content\/uploads\/2006\/10\/1140.jpg\" \/>\n\t<meta property=\"og:image:width\" content=\"290\" \/>\n\t<meta property=\"og:image:height\" content=\"100\" \/>\n<meta name=\"twitter:card\" content=\"summary_large_image\" \/>\n<meta name=\"twitter:creator\" content=\"@oidossucios\" \/>\n<script type=\"application\/ld+json\" class=\"yoast-schema-graph\">{\"@context\":\"https:\/\/schema.org\",\"@graph\":[{\"@type\":\"WebSite\",\"@id\":\"https:\/\/www.oidossucios.com\/site\/#website\",\"url\":\"https:\/\/www.oidossucios.com\/site\/\",\"name\":\"OidosSucios.Com\",\"description\":\"M\\u00fasica, conciertos, discos\",\"potentialAction\":[{\"@type\":\"SearchAction\",\"target\":\"https:\/\/www.oidossucios.com\/site\/?s={search_term_string}\",\"query-input\":\"required name=search_term_string\"}],\"inLanguage\":\"es\"},{\"@type\":\"ImageObject\",\"@id\":\"https:\/\/www.oidossucios.com\/site\/el-concierto-de-shakira-sera-en-la-carlota\/#primaryimage\",\"inLanguage\":\"es\",\"url\":\"https:\/\/www.oidossucios.com\/site\/wp-content\/uploads\/2006\/10\/1140.jpg\",\"width\":290,\"height\":100},{\"@type\":\"WebPage\",\"@id\":\"https:\/\/www.oidossucios.com\/site\/el-concierto-de-shakira-sera-en-la-carlota\/#webpage\",\"url\":\"https:\/\/www.oidossucios.com\/site\/el-concierto-de-shakira-sera-en-la-carlota\/\",\"name\":\"El concierto de Shakira ser\\u00e1 en La Carlota - OidosSucios.Com\",\"isPartOf\":{\"@id\":\"https:\/\/www.oidossucios.com\/site\/#website\"},\"primaryImageOfPage\":{\"@id\":\"https:\/\/www.oidossucios.com\/site\/el-concierto-de-shakira-sera-en-la-carlota\/#primaryimage\"},\"datePublished\":\"2006-10-24T17:57:00+00:00\",\"dateModified\":\"2006-10-24T17:57:00+00:00\",\"author\":{\"@id\":\"https:\/\/www.oidossucios.com\/site\/#\/schema\/person\/24559eeb76bf83a63296fb072393a688\"},\"description\":\"El cantante hispanofranc\\u00e9s y su agrupaci\\u00f3n Radio Bemba Sound System aterrizar\\u00e1 en nuestro pa\\u00eds este fin de semana para ofrecer 3 presentaciones.\",\"inLanguage\":\"es\",\"potentialAction\":[{\"@type\":\"ReadAction\",\"target\":[\"https:\/\/www.oidossucios.com\/site\/el-concierto-de-shakira-sera-en-la-carlota\/\"]}]},{\"@type\":[\"Person\"],\"@id\":\"https:\/\/www.oidossucios.com\/site\/#\/schema\/person\/24559eeb76bf83a63296fb072393a688\",\"name\":\"Oidossucios\",\"image\":{\"@type\":\"ImageObject\",\"@id\":\"https:\/\/www.oidossucios.com\/site\/#personlogo\",\"inLanguage\":\"es\",\"url\":\"https:\/\/secure.gravatar.com\/avatar\/74fcb480f42f1a33e50a0b6e6369a3f907be2e43dc84fa5f76c66e9c22b4a5ab?s=96&d=mm&r=g\",\"caption\":\"Oidossucios\"},\"sameAs\":[\"https:\/\/twitter.com\/oidossucios\"]}]}<\/script>\n<!-- \/ Yoast SEO plugin. -->","jetpack_sharing_enabled":true,"_links":{"self":[{"href":"https:\/\/www.oidossucios.com\/site\/wp-json\/wp\/v2\/posts\/1144","targetHints":{"allow":["GET"]}}],"collection":[{"href":"https:\/\/www.oidossucios.com\/site\/wp-json\/wp\/v2\/posts"}],"about":[{"href":"https:\/\/www.oidossucios.com\/site\/wp-json\/wp\/v2\/types\/post"}],"author":[{"embeddable":true,"href":"https:\/\/www.oidossucios.com\/site\/wp-json\/wp\/v2\/users\/4"}],"replies":[{"embeddable":true,"href":"https:\/\/www.oidossucios.com\/site\/wp-json\/wp\/v2\/comments?post=1144"}],"version-history":[{"count":0,"href":"https:\/\/www.oidossucios.com\/site\/wp-json\/wp\/v2\/posts\/1144\/revisions"}],"wp:featuredmedia":[{"embeddable":true,"href":"https:\/\/www.oidossucios.com\/site\/wp-json\/wp\/v2\/media\/100001140"}],"wp:attachment":[{"href":"https:\/\/www.oidossucios.com\/site\/wp-json\/wp\/v2\/media?parent=1144"}],"wp:term":[{"taxonomy":"category","embeddable":true,"href":"https:\/\/www.oidossucios.com\/site\/wp-json\/wp\/v2\/categories?post=1144"},{"taxonomy":"post_tag","embeddable":true,"href":"https:\/\/www.oidossucios.com\/site\/wp-json\/wp\/v2\/tags?post=1144"}],"curies":[{"name":"wp","href":"https:\/\/api.w.org\/{rel}","templated":true}]}}