{"id":1148,"date":"2006-10-29T20:39:00","date_gmt":"2006-10-29T20:39:00","guid":{"rendered":"https:\/\/www.oidossucios.com\/site\/2006\/10\/29\/david-lee-roth-de-regreso-en-van-halen\/"},"modified":"2006-10-29T20:39:00","modified_gmt":"2006-10-29T20:39:00","slug":"david-lee-roth-de-regreso-en-van-halen","status":"publish","type":"post","link":"https:\/\/www.oidossucios.com\/site\/david-lee-roth-de-regreso-en-van-halen\/","title":{"rendered":"David Lee Roth de regreso en Van Halen"},"content":{"rendered":"<p>David Lee Roth, el vocalista original de la agrupaci\u00f3n de los hermanos Eddie y Alex Van Halen, regresa a la banda para dar una gira por Estados Unidos el pr\u00f3ximo a\u00f1o. <\/p>\n<p>Esta gira ser\u00e1 la primera junto a Roth desde 1984. De no ser por la enemistad entre los Van Halen y Michael Anthony, su ex bajista, podr\u00eda haber sido \u00e9sta la oportunidad de juntar nuevamente al cuarteto original. <\/p>\n<p>Es conocida la rotaci\u00f3n de los vocalistas de esta banda, que arranc\u00f3 con la voz de David Lee Roth, pas\u00f3 a Sammy Hagar, luego Gary Cherone (Extreme) quien dur\u00f3 unas semanas, de nuevo Roth qui\u00e9n se fue antes del primer show, la vuelta de Hagar, y ahora nuevamente Roth.<\/p>\n","protected":false},"excerpt":{"rendered":"<p>La banda de los hermanos Van Halen vuelve al ruedo de nuevo con David Lee Roth, quien se une al grupo para dar el pr\u00f3ximo a\u00f1o su primera gira juntos desde 1984.<\/p>\n","protected":false},"author":4,"featured_media":100001144,"comment_status":"open","ping_status":"open","sticky":false,"template":"","format":"standard","meta":{"_jetpack_memberships_contains_paid_content":false,"footnotes":""},"categories":[250],"tags":[432],"class_list":["post-1148","post","type-post","status-publish","format-standard","has-post-thumbnail","hentry","category-noticias","tag-david-lee-roth-van-halen"],"jetpack_featured_media_url":"https:\/\/www.oidossucios.com\/site\/wp-content\/uploads\/2006\/10\/1144.jpg","yoast_head":"<!-- This site is optimized with the Yoast SEO plugin v14.0.4 - https:\/\/yoast.com\/wordpress\/plugins\/seo\/ -->\n<title>David Lee Roth de regreso en Van Halen - OidosSucios.Com<\/title>\n<meta name=\"description\" content=\"En una rueda de prensa convocada esta ma\u00f1ana, la productora Evenpro confirm\u00f3 el cambio de locaci\u00f3n para el concierto de la colombiana Shakira, el cual ser\u00e1 ahora en el Aeropuerto de La Carlota.\" \/>\n<meta name=\"robots\" content=\"index, follow\" \/>\n<meta name=\"googlebot\" content=\"index, follow, max-snippet:-1, max-image-preview:large, max-video-preview:-1\" \/>\n<meta name=\"bingbot\" content=\"index, follow, max-snippet:-1, max-image-preview:large, max-video-preview:-1\" \/>\n<link rel=\"canonical\" href=\"https:\/\/www.oidossucios.com\/site\/david-lee-roth-de-regreso-en-van-halen\/\" \/>\n<meta property=\"og:locale\" content=\"es_ES\" \/>\n<meta property=\"og:type\" content=\"article\" \/>\n<meta property=\"og:title\" content=\"David Lee Roth de regreso en Van Halen - OidosSucios.Com\" \/>\n<meta property=\"og:description\" content=\"En una rueda de prensa convocada esta ma\u00f1ana, la productora Evenpro confirm\u00f3 el cambio de locaci\u00f3n para el concierto de la colombiana Shakira, el cual ser\u00e1 ahora en el Aeropuerto de La Carlota.\" \/>\n<meta property=\"og:url\" content=\"https:\/\/www.oidossucios.com\/site\/david-lee-roth-de-regreso-en-van-halen\/\" \/>\n<meta property=\"og:site_name\" content=\"OidosSucios.Com\" \/>\n<meta property=\"article:published_time\" content=\"2006-10-29T20:39:00+00:00\" \/>\n<meta property=\"og:image\" content=\"https:\/\/www.oidossucios.com\/site\/wp-content\/uploads\/2006\/10\/1144.jpg\" \/>\n\t<meta property=\"og:image:width\" content=\"290\" \/>\n\t<meta property=\"og:image:height\" content=\"100\" \/>\n<meta name=\"twitter:card\" content=\"summary_large_image\" \/>\n<meta name=\"twitter:creator\" content=\"@oidossucios\" \/>\n<script type=\"application\/ld+json\" class=\"yoast-schema-graph\">{\"@context\":\"https:\/\/schema.org\",\"@graph\":[{\"@type\":\"WebSite\",\"@id\":\"https:\/\/www.oidossucios.com\/site\/#website\",\"url\":\"https:\/\/www.oidossucios.com\/site\/\",\"name\":\"OidosSucios.Com\",\"description\":\"M\\u00fasica, conciertos, discos\",\"potentialAction\":[{\"@type\":\"SearchAction\",\"target\":\"https:\/\/www.oidossucios.com\/site\/?s={search_term_string}\",\"query-input\":\"required name=search_term_string\"}],\"inLanguage\":\"es\"},{\"@type\":\"ImageObject\",\"@id\":\"https:\/\/www.oidossucios.com\/site\/david-lee-roth-de-regreso-en-van-halen\/#primaryimage\",\"inLanguage\":\"es\",\"url\":\"https:\/\/www.oidossucios.com\/site\/wp-content\/uploads\/2006\/10\/1144.jpg\",\"width\":290,\"height\":100},{\"@type\":\"WebPage\",\"@id\":\"https:\/\/www.oidossucios.com\/site\/david-lee-roth-de-regreso-en-van-halen\/#webpage\",\"url\":\"https:\/\/www.oidossucios.com\/site\/david-lee-roth-de-regreso-en-van-halen\/\",\"name\":\"David Lee Roth de regreso en Van Halen - OidosSucios.Com\",\"isPartOf\":{\"@id\":\"https:\/\/www.oidossucios.com\/site\/#website\"},\"primaryImageOfPage\":{\"@id\":\"https:\/\/www.oidossucios.com\/site\/david-lee-roth-de-regreso-en-van-halen\/#primaryimage\"},\"datePublished\":\"2006-10-29T20:39:00+00:00\",\"dateModified\":\"2006-10-29T20:39:00+00:00\",\"author\":{\"@id\":\"https:\/\/www.oidossucios.com\/site\/#\/schema\/person\/24559eeb76bf83a63296fb072393a688\"},\"description\":\"En una rueda de prensa convocada esta ma\\u00f1ana, la productora Evenpro confirm\\u00f3 el cambio de locaci\\u00f3n para el concierto de la colombiana Shakira, el cual ser\\u00e1 ahora en el Aeropuerto de La Carlota.\",\"inLanguage\":\"es\",\"potentialAction\":[{\"@type\":\"ReadAction\",\"target\":[\"https:\/\/www.oidossucios.com\/site\/david-lee-roth-de-regreso-en-van-halen\/\"]}]},{\"@type\":[\"Person\"],\"@id\":\"https:\/\/www.oidossucios.com\/site\/#\/schema\/person\/24559eeb76bf83a63296fb072393a688\",\"name\":\"Oidossucios\",\"image\":{\"@type\":\"ImageObject\",\"@id\":\"https:\/\/www.oidossucios.com\/site\/#personlogo\",\"inLanguage\":\"es\",\"url\":\"https:\/\/secure.gravatar.com\/avatar\/74fcb480f42f1a33e50a0b6e6369a3f907be2e43dc84fa5f76c66e9c22b4a5ab?s=96&d=mm&r=g\",\"caption\":\"Oidossucios\"},\"sameAs\":[\"https:\/\/twitter.com\/oidossucios\"]}]}<\/script>\n<!-- \/ Yoast SEO plugin. -->","jetpack_sharing_enabled":true,"_links":{"self":[{"href":"https:\/\/www.oidossucios.com\/site\/wp-json\/wp\/v2\/posts\/1148","targetHints":{"allow":["GET"]}}],"collection":[{"href":"https:\/\/www.oidossucios.com\/site\/wp-json\/wp\/v2\/posts"}],"about":[{"href":"https:\/\/www.oidossucios.com\/site\/wp-json\/wp\/v2\/types\/post"}],"author":[{"embeddable":true,"href":"https:\/\/www.oidossucios.com\/site\/wp-json\/wp\/v2\/users\/4"}],"replies":[{"embeddable":true,"href":"https:\/\/www.oidossucios.com\/site\/wp-json\/wp\/v2\/comments?post=1148"}],"version-history":[{"count":0,"href":"https:\/\/www.oidossucios.com\/site\/wp-json\/wp\/v2\/posts\/1148\/revisions"}],"wp:featuredmedia":[{"embeddable":true,"href":"https:\/\/www.oidossucios.com\/site\/wp-json\/wp\/v2\/media\/100001144"}],"wp:attachment":[{"href":"https:\/\/www.oidossucios.com\/site\/wp-json\/wp\/v2\/media?parent=1148"}],"wp:term":[{"taxonomy":"category","embeddable":true,"href":"https:\/\/www.oidossucios.com\/site\/wp-json\/wp\/v2\/categories?post=1148"},{"taxonomy":"post_tag","embeddable":true,"href":"https:\/\/www.oidossucios.com\/site\/wp-json\/wp\/v2\/tags?post=1148"}],"curies":[{"name":"wp","href":"https:\/\/api.w.org\/{rel}","templated":true}]}}