{"id":1151,"date":"2006-11-02T04:57:00","date_gmt":"2006-11-02T04:57:00","guid":{"rendered":"https:\/\/www.oidossucios.com\/site\/2006\/11\/02\/demandan-a-los-rolling-stones-por-cancelar-conciertos\/"},"modified":"2006-11-02T04:57:00","modified_gmt":"2006-11-02T04:57:00","slug":"demandan-a-los-rolling-stones-por-cancelar-conciertos","status":"publish","type":"post","link":"https:\/\/www.oidossucios.com\/site\/demandan-a-los-rolling-stones-por-cancelar-conciertos\/","title":{"rendered":"Demandan a los Rolling Stones por cancelar conciertos"},"content":{"rendered":"<p>Los Rolling Stones han venido cancelando, postergando y suspendiendo espect\u00e1culos desde el comienzo de la gira &#8220;A Bigger Bang&#8221;. Entre muchas otras fechas, hasta el cierre de su gira en Vancouver el 24 de este mes fue pospuesto para el s\u00e1bado 25. Las principales razones han sido las condiciones vocales de Mick Jagger, pues el artista necesita descansar la voz por recomendaciones m\u00e9dicas. <\/p>\n<p>El 27 de octubre los Stones cancelaron una presentaci\u00f3n apenas cuatro horas antes en Nueva Jersey. Este hecho origin\u00f3 una demanda colectiva en la Corte Suprema de Manhattan por 51 millones de d\u00f3lares por parte de una fan\u00e1tica. La mujer argumentaba que la agrupaci\u00f3n hab\u00eda actuado de mala fe, haci\u00e9ndoles gastar a sus seguidores dinero en reservas de hotel no reembolsables. Los integrantes de la banda aseguraron que este concierto no est\u00e1 cancelado sino suspendido hasta el pr\u00f3ximo 17 de noviembre. <\/p>\n<p>Previo a este incidente, Jagger hab\u00eda buscado atenci\u00f3n m\u00e9dica antes del concierto pues sab\u00eda que no se presentar\u00eda, sin embargo, no lo comunic\u00f3 a tiempo. Esta no es la primera vez que sucede un incidente de este tipo. El pasadoverano en Espa\u00f1a fueron cancelados dos conciertos debido a que Jagger padec\u00eda una laringitis que le imped\u00eda cantar. Incluso, el guitarrista Keith Richards sufri\u00f3 de una herida en la cabeza, lo que hizo que se cancelaran algunos conciertos.<\/p>\n","protected":false},"excerpt":{"rendered":"<p>La banda brit\u00e1nica ha cancelado, retrasado y suspendido conciertos de su gira &#8216;A Bigger Bang&#8217;. Algunos fans no se han mostrado solidarios con las condiciones de salud de sus sexagenarios integrantes.<\/p>\n","protected":false},"author":4,"featured_media":100001147,"comment_status":"open","ping_status":"open","sticky":false,"template":"","format":"standard","meta":{"_jetpack_memberships_contains_paid_content":false,"footnotes":""},"categories":[250],"tags":[276],"class_list":["post-1151","post","type-post","status-publish","format-standard","has-post-thumbnail","hentry","category-noticias","tag-rolling-stones"],"jetpack_featured_media_url":"https:\/\/www.oidossucios.com\/site\/wp-content\/uploads\/2006\/10\/1147.jpg","yoast_head":"<!-- This site is optimized with the Yoast SEO plugin v14.0.4 - https:\/\/yoast.com\/wordpress\/plugins\/seo\/ -->\n<title>Demandan a los Rolling Stones por cancelar conciertos - OidosSucios.Com<\/title>\n<meta name=\"description\" content=\"La famosa agrupaci\u00f3n caraque\u00f1a de indle-glam rock se encargar\u00e1 de abrir el show que el artista canadiense dar\u00e1 el martes 31 de octubre en el Anfiteatro del Sambil en Caracas.\" \/>\n<meta name=\"robots\" content=\"index, follow\" \/>\n<meta name=\"googlebot\" content=\"index, follow, max-snippet:-1, max-image-preview:large, max-video-preview:-1\" \/>\n<meta name=\"bingbot\" content=\"index, follow, max-snippet:-1, max-image-preview:large, max-video-preview:-1\" \/>\n<link rel=\"canonical\" href=\"https:\/\/www.oidossucios.com\/site\/demandan-a-los-rolling-stones-por-cancelar-conciertos\/\" \/>\n<meta property=\"og:locale\" content=\"es_ES\" \/>\n<meta property=\"og:type\" content=\"article\" \/>\n<meta property=\"og:title\" content=\"Demandan a los Rolling Stones por cancelar conciertos - OidosSucios.Com\" \/>\n<meta property=\"og:description\" content=\"La famosa agrupaci\u00f3n caraque\u00f1a de indle-glam rock se encargar\u00e1 de abrir el show que el artista canadiense dar\u00e1 el martes 31 de octubre en el Anfiteatro del Sambil en Caracas.\" \/>\n<meta property=\"og:url\" content=\"https:\/\/www.oidossucios.com\/site\/demandan-a-los-rolling-stones-por-cancelar-conciertos\/\" \/>\n<meta property=\"og:site_name\" content=\"OidosSucios.Com\" \/>\n<meta property=\"article:published_time\" content=\"2006-11-02T04:57:00+00:00\" \/>\n<meta property=\"og:image\" content=\"https:\/\/www.oidossucios.com\/site\/wp-content\/uploads\/2006\/10\/1147.jpg\" \/>\n\t<meta property=\"og:image:width\" content=\"290\" \/>\n\t<meta property=\"og:image:height\" content=\"100\" \/>\n<meta name=\"twitter:card\" content=\"summary_large_image\" \/>\n<meta name=\"twitter:creator\" content=\"@oidossucios\" \/>\n<script type=\"application\/ld+json\" class=\"yoast-schema-graph\">{\"@context\":\"https:\/\/schema.org\",\"@graph\":[{\"@type\":\"WebSite\",\"@id\":\"https:\/\/www.oidossucios.com\/site\/#website\",\"url\":\"https:\/\/www.oidossucios.com\/site\/\",\"name\":\"OidosSucios.Com\",\"description\":\"M\\u00fasica, conciertos, discos\",\"potentialAction\":[{\"@type\":\"SearchAction\",\"target\":\"https:\/\/www.oidossucios.com\/site\/?s={search_term_string}\",\"query-input\":\"required name=search_term_string\"}],\"inLanguage\":\"es\"},{\"@type\":\"ImageObject\",\"@id\":\"https:\/\/www.oidossucios.com\/site\/demandan-a-los-rolling-stones-por-cancelar-conciertos\/#primaryimage\",\"inLanguage\":\"es\",\"url\":\"https:\/\/www.oidossucios.com\/site\/wp-content\/uploads\/2006\/10\/1147.jpg\",\"width\":290,\"height\":100},{\"@type\":\"WebPage\",\"@id\":\"https:\/\/www.oidossucios.com\/site\/demandan-a-los-rolling-stones-por-cancelar-conciertos\/#webpage\",\"url\":\"https:\/\/www.oidossucios.com\/site\/demandan-a-los-rolling-stones-por-cancelar-conciertos\/\",\"name\":\"Demandan a los Rolling Stones por cancelar conciertos - OidosSucios.Com\",\"isPartOf\":{\"@id\":\"https:\/\/www.oidossucios.com\/site\/#website\"},\"primaryImageOfPage\":{\"@id\":\"https:\/\/www.oidossucios.com\/site\/demandan-a-los-rolling-stones-por-cancelar-conciertos\/#primaryimage\"},\"datePublished\":\"2006-11-02T04:57:00+00:00\",\"dateModified\":\"2006-11-02T04:57:00+00:00\",\"author\":{\"@id\":\"https:\/\/www.oidossucios.com\/site\/#\/schema\/person\/24559eeb76bf83a63296fb072393a688\"},\"description\":\"La famosa agrupaci\\u00f3n caraque\\u00f1a de indle-glam rock se encargar\\u00e1 de abrir el show que el artista canadiense dar\\u00e1 el martes 31 de octubre en el Anfiteatro del Sambil en Caracas.\",\"inLanguage\":\"es\",\"potentialAction\":[{\"@type\":\"ReadAction\",\"target\":[\"https:\/\/www.oidossucios.com\/site\/demandan-a-los-rolling-stones-por-cancelar-conciertos\/\"]}]},{\"@type\":[\"Person\"],\"@id\":\"https:\/\/www.oidossucios.com\/site\/#\/schema\/person\/24559eeb76bf83a63296fb072393a688\",\"name\":\"Oidossucios\",\"image\":{\"@type\":\"ImageObject\",\"@id\":\"https:\/\/www.oidossucios.com\/site\/#personlogo\",\"inLanguage\":\"es\",\"url\":\"https:\/\/secure.gravatar.com\/avatar\/74fcb480f42f1a33e50a0b6e6369a3f907be2e43dc84fa5f76c66e9c22b4a5ab?s=96&d=mm&r=g\",\"caption\":\"Oidossucios\"},\"sameAs\":[\"https:\/\/twitter.com\/oidossucios\"]}]}<\/script>\n<!-- \/ Yoast SEO plugin. -->","jetpack_sharing_enabled":true,"_links":{"self":[{"href":"https:\/\/www.oidossucios.com\/site\/wp-json\/wp\/v2\/posts\/1151","targetHints":{"allow":["GET"]}}],"collection":[{"href":"https:\/\/www.oidossucios.com\/site\/wp-json\/wp\/v2\/posts"}],"about":[{"href":"https:\/\/www.oidossucios.com\/site\/wp-json\/wp\/v2\/types\/post"}],"author":[{"embeddable":true,"href":"https:\/\/www.oidossucios.com\/site\/wp-json\/wp\/v2\/users\/4"}],"replies":[{"embeddable":true,"href":"https:\/\/www.oidossucios.com\/site\/wp-json\/wp\/v2\/comments?post=1151"}],"version-history":[{"count":0,"href":"https:\/\/www.oidossucios.com\/site\/wp-json\/wp\/v2\/posts\/1151\/revisions"}],"wp:featuredmedia":[{"embeddable":true,"href":"https:\/\/www.oidossucios.com\/site\/wp-json\/wp\/v2\/media\/100001147"}],"wp:attachment":[{"href":"https:\/\/www.oidossucios.com\/site\/wp-json\/wp\/v2\/media?parent=1151"}],"wp:term":[{"taxonomy":"category","embeddable":true,"href":"https:\/\/www.oidossucios.com\/site\/wp-json\/wp\/v2\/categories?post=1151"},{"taxonomy":"post_tag","embeddable":true,"href":"https:\/\/www.oidossucios.com\/site\/wp-json\/wp\/v2\/tags?post=1151"}],"curies":[{"name":"wp","href":"https:\/\/api.w.org\/{rel}","templated":true}]}}