{"id":1152,"date":"2006-11-03T16:18:00","date_gmt":"2006-11-03T16:18:00","guid":{"rendered":"https:\/\/www.oidossucios.com\/site\/2006\/11\/03\/gustavo-cerati-se-lleva-2-grammy\/"},"modified":"2006-11-03T16:18:00","modified_gmt":"2006-11-03T16:18:00","slug":"gustavo-cerati-se-lleva-2-grammy","status":"publish","type":"post","link":"https:\/\/www.oidossucios.com\/site\/gustavo-cerati-se-lleva-2-grammy\/","title":{"rendered":"Gustavo Cerati se lleva 2 Grammy"},"content":{"rendered":"<p>Un d\u00eda despu\u00e9s de que declarase que no le importaban las premiaciones, el ex-Soda Stereo fue galardonado 2 veces en la S\u00e9ptima Entrega de Premios Grammy Latino que tuvo lugar anoche en el Madison Square Garden de Nueva York, en las categor\u00edas Mejor \u00c1lbum de Rock Vocal por &#8220;Ah\u00ed Vamos&#8221;y Mejor Canci\u00f3n Rock por &#8220;Cr\u00edmen&#8221;.<\/p>\n<p>En estas mismas declaraciones, Cerati critic\u00f3 a Shakira, afirmando que no tiene tanto talento como dicen: &#8220;Mover las caderas no te hace m\u00e1s latino, no se trata de moverlas, porque eso no te da una identidad. El panorama musical general suena como Disney, siento que todo lo hacen para vend\u00e9rselo a los chicos, pero se olvidan del arte. Yo no voy a hacerme latino moviendo las caderas&#8221;, dijo.<\/p>\n<p>Las caderas de Shakira entonces, la hicieron merecedora de 4 premios Grammy anoche: Mejor \u00c1lbum, Mejor \u00c1lbum Vocal Femenino, Mejor Grabaci\u00f3n del A\u00f1o y Mejor ingenier\u00eda de Grabaci\u00f3n para un \u00c1lbum.<\/p>\n<p>Por su parte el grupo puertorrique\u00f1o &#8220;Calle 13&#8243;se convirti\u00f3 en la revelaci\u00f3n de la noche al recibir 3 premios como Mejor Nuevo Artista, Mejor \u00c1lbum de M\u00fasica Urbana y Mejor Video Musical Versi\u00f3n Corta con &#8220;Atr\u00e9vete te, te!&#8221;.<\/p>\n","protected":false},"excerpt":{"rendered":"<p>El rockero argentino se llev\u00f3 2 galardones anoche, un d\u00eda despu\u00e9s que declarase que no le importaban esas premiaciones. La colombiana Shakira arras\u00f3 con 4 estatuillas.<\/p>\n","protected":false},"author":4,"featured_media":100001148,"comment_status":"open","ping_status":"open","sticky":false,"template":"","format":"standard","meta":{"_jetpack_memberships_contains_paid_content":false,"footnotes":""},"categories":[250],"tags":[239],"class_list":["post-1152","post","type-post","status-publish","format-standard","has-post-thumbnail","hentry","category-noticias","tag-cerati"],"jetpack_featured_media_url":"https:\/\/www.oidossucios.com\/site\/wp-content\/uploads\/2006\/10\/1148.jpg","yoast_head":"<!-- This site is optimized with the Yoast SEO plugin v14.0.4 - https:\/\/yoast.com\/wordpress\/plugins\/seo\/ -->\n<title>Gustavo Cerati se lleva 2 Grammy - OidosSucios.Com<\/title>\n<meta name=\"description\" content=\"La banda de los hermanos Van Halen vuelve al ruedo de nuevo con David Lee Roth, quien se une al grupo para dar el pr\u00f3ximo a\u00f1o su primera gira juntos desde 1984.\" \/>\n<meta name=\"robots\" content=\"index, follow\" \/>\n<meta name=\"googlebot\" content=\"index, follow, max-snippet:-1, max-image-preview:large, max-video-preview:-1\" \/>\n<meta name=\"bingbot\" content=\"index, follow, max-snippet:-1, max-image-preview:large, max-video-preview:-1\" \/>\n<link rel=\"canonical\" href=\"https:\/\/www.oidossucios.com\/site\/gustavo-cerati-se-lleva-2-grammy\/\" \/>\n<meta property=\"og:locale\" content=\"es_ES\" \/>\n<meta property=\"og:type\" content=\"article\" \/>\n<meta property=\"og:title\" content=\"Gustavo Cerati se lleva 2 Grammy - OidosSucios.Com\" \/>\n<meta property=\"og:description\" content=\"La banda de los hermanos Van Halen vuelve al ruedo de nuevo con David Lee Roth, quien se une al grupo para dar el pr\u00f3ximo a\u00f1o su primera gira juntos desde 1984.\" \/>\n<meta property=\"og:url\" content=\"https:\/\/www.oidossucios.com\/site\/gustavo-cerati-se-lleva-2-grammy\/\" \/>\n<meta property=\"og:site_name\" content=\"OidosSucios.Com\" \/>\n<meta property=\"article:published_time\" content=\"2006-11-03T16:18:00+00:00\" \/>\n<meta property=\"og:image\" content=\"https:\/\/www.oidossucios.com\/site\/wp-content\/uploads\/2006\/10\/1148.jpg\" \/>\n\t<meta property=\"og:image:width\" content=\"290\" \/>\n\t<meta property=\"og:image:height\" content=\"100\" \/>\n<meta name=\"twitter:card\" content=\"summary_large_image\" \/>\n<meta name=\"twitter:creator\" content=\"@oidossucios\" \/>\n<script type=\"application\/ld+json\" class=\"yoast-schema-graph\">{\"@context\":\"https:\/\/schema.org\",\"@graph\":[{\"@type\":\"WebSite\",\"@id\":\"https:\/\/www.oidossucios.com\/site\/#website\",\"url\":\"https:\/\/www.oidossucios.com\/site\/\",\"name\":\"OidosSucios.Com\",\"description\":\"M\\u00fasica, conciertos, discos\",\"potentialAction\":[{\"@type\":\"SearchAction\",\"target\":\"https:\/\/www.oidossucios.com\/site\/?s={search_term_string}\",\"query-input\":\"required name=search_term_string\"}],\"inLanguage\":\"es\"},{\"@type\":\"ImageObject\",\"@id\":\"https:\/\/www.oidossucios.com\/site\/gustavo-cerati-se-lleva-2-grammy\/#primaryimage\",\"inLanguage\":\"es\",\"url\":\"https:\/\/www.oidossucios.com\/site\/wp-content\/uploads\/2006\/10\/1148.jpg\",\"width\":290,\"height\":100},{\"@type\":\"WebPage\",\"@id\":\"https:\/\/www.oidossucios.com\/site\/gustavo-cerati-se-lleva-2-grammy\/#webpage\",\"url\":\"https:\/\/www.oidossucios.com\/site\/gustavo-cerati-se-lleva-2-grammy\/\",\"name\":\"Gustavo Cerati se lleva 2 Grammy - OidosSucios.Com\",\"isPartOf\":{\"@id\":\"https:\/\/www.oidossucios.com\/site\/#website\"},\"primaryImageOfPage\":{\"@id\":\"https:\/\/www.oidossucios.com\/site\/gustavo-cerati-se-lleva-2-grammy\/#primaryimage\"},\"datePublished\":\"2006-11-03T16:18:00+00:00\",\"dateModified\":\"2006-11-03T16:18:00+00:00\",\"author\":{\"@id\":\"https:\/\/www.oidossucios.com\/site\/#\/schema\/person\/24559eeb76bf83a63296fb072393a688\"},\"description\":\"La banda de los hermanos Van Halen vuelve al ruedo de nuevo con David Lee Roth, quien se une al grupo para dar el pr\\u00f3ximo a\\u00f1o su primera gira juntos desde 1984.\",\"inLanguage\":\"es\",\"potentialAction\":[{\"@type\":\"ReadAction\",\"target\":[\"https:\/\/www.oidossucios.com\/site\/gustavo-cerati-se-lleva-2-grammy\/\"]}]},{\"@type\":[\"Person\"],\"@id\":\"https:\/\/www.oidossucios.com\/site\/#\/schema\/person\/24559eeb76bf83a63296fb072393a688\",\"name\":\"Oidossucios\",\"image\":{\"@type\":\"ImageObject\",\"@id\":\"https:\/\/www.oidossucios.com\/site\/#personlogo\",\"inLanguage\":\"es\",\"url\":\"https:\/\/secure.gravatar.com\/avatar\/74fcb480f42f1a33e50a0b6e6369a3f907be2e43dc84fa5f76c66e9c22b4a5ab?s=96&d=mm&r=g\",\"caption\":\"Oidossucios\"},\"sameAs\":[\"https:\/\/twitter.com\/oidossucios\"]}]}<\/script>\n<!-- \/ Yoast SEO plugin. -->","jetpack_sharing_enabled":true,"_links":{"self":[{"href":"https:\/\/www.oidossucios.com\/site\/wp-json\/wp\/v2\/posts\/1152","targetHints":{"allow":["GET"]}}],"collection":[{"href":"https:\/\/www.oidossucios.com\/site\/wp-json\/wp\/v2\/posts"}],"about":[{"href":"https:\/\/www.oidossucios.com\/site\/wp-json\/wp\/v2\/types\/post"}],"author":[{"embeddable":true,"href":"https:\/\/www.oidossucios.com\/site\/wp-json\/wp\/v2\/users\/4"}],"replies":[{"embeddable":true,"href":"https:\/\/www.oidossucios.com\/site\/wp-json\/wp\/v2\/comments?post=1152"}],"version-history":[{"count":0,"href":"https:\/\/www.oidossucios.com\/site\/wp-json\/wp\/v2\/posts\/1152\/revisions"}],"wp:featuredmedia":[{"embeddable":true,"href":"https:\/\/www.oidossucios.com\/site\/wp-json\/wp\/v2\/media\/100001148"}],"wp:attachment":[{"href":"https:\/\/www.oidossucios.com\/site\/wp-json\/wp\/v2\/media?parent=1152"}],"wp:term":[{"taxonomy":"category","embeddable":true,"href":"https:\/\/www.oidossucios.com\/site\/wp-json\/wp\/v2\/categories?post=1152"},{"taxonomy":"post_tag","embeddable":true,"href":"https:\/\/www.oidossucios.com\/site\/wp-json\/wp\/v2\/tags?post=1152"}],"curies":[{"name":"wp","href":"https:\/\/api.w.org\/{rel}","templated":true}]}}