{"id":1157,"date":"2006-11-12T17:10:00","date_gmt":"2006-11-12T17:10:00","guid":{"rendered":"https:\/\/www.oidossucios.com\/site\/2006\/11\/12\/morodo-y-cuarto-poder-a-la-carcel\/"},"modified":"2006-11-12T17:10:00","modified_gmt":"2006-11-12T17:10:00","slug":"morodo-y-cuarto-poder-a-la-carcel","status":"publish","type":"post","link":"https:\/\/www.oidossucios.com\/site\/morodo-y-cuarto-poder-a-la-carcel\/","title":{"rendered":"Morodo y Cuarto Poder a la c\u00e1rcel"},"content":{"rendered":"<p>El int\u00e9rprete espa\u00f1ol Morodo y los raperos venezolanos de Cuarto Poder realizar\u00e1n un concierto ben\u00e9fico para las reclusas del Instituto de Orientaci\u00f3n Femenina (INOF) en Los Teques, el pr\u00f3ximo martes 14 de noviembre. <\/p>\n<p>El evento cuenta con la aprobaci\u00f3n de las diversas dependencias del Ministerio de Justicia y la colaboraci\u00f3n en cuanto a log\u00edstica de las autoridades del INOF. Eric Baudeaux, gerente de Urban Productions -empresa promotora del evento- coment\u00f3 que la intenci\u00f3n del concierto es apoyar a las internas y demostrar que el talento joven est\u00e1 dispuesto a aportar su ayuda para la mejora de la sociedad.<\/p>\n<p>Por otra parte, el espa\u00f1ol Morodo se estar\u00e1 presentando el 22 de noviembre, junto al paname\u00f1o Kafu Banton, en el local Barranquito (Caracas). La agrupaci\u00f3n de rap y hip hop, Cuarto Poder, continuar\u00e1 la promoci\u00f3n de su disco &#8220;Tamos bien&#8221;, del que destaca el tema &#8220;Arenita, playita&#8221;, que contin\u00faa sonando en las emisoras radiales venezolanas.<\/p>\n","protected":false},"excerpt":{"rendered":"<p>El espa\u00f1ol Morodo y la agrupaci\u00f3n venezolana Cuarto Poder har\u00e1n una presentaci\u00f3n ben\u00e9fica para las reclusas del INOF, el pr\u00f3ximo martes 14 de noviembre.<\/p>\n","protected":false},"author":4,"featured_media":100001153,"comment_status":"open","ping_status":"open","sticky":false,"template":"","format":"standard","meta":{"_jetpack_memberships_contains_paid_content":false,"footnotes":""},"categories":[250],"tags":[438],"class_list":["post-1157","post","type-post","status-publish","format-standard","has-post-thumbnail","hentry","category-noticias","tag-4to-poder"],"jetpack_featured_media_url":"https:\/\/www.oidossucios.com\/site\/wp-content\/uploads\/2006\/11\/1153-1.jpg","yoast_head":"<!-- This site is optimized with the Yoast SEO plugin v14.0.4 - https:\/\/yoast.com\/wordpress\/plugins\/seo\/ -->\n<title>Morodo y Cuarto Poder a la c\u00e1rcel - OidosSucios.Com<\/title>\n<meta name=\"description\" content=\"El ex guitarrista de Blink 182 parece tener malos recuerdos de su estad\u00eda en la banda. En un concierto con su nueva agrupaci\u00f3n, Angels and Airwaves, arremeti\u00f3 contra Blink y sus ex compa\u00f1eros.\" \/>\n<meta name=\"robots\" content=\"index, follow\" \/>\n<meta name=\"googlebot\" content=\"index, follow, max-snippet:-1, max-image-preview:large, max-video-preview:-1\" \/>\n<meta name=\"bingbot\" content=\"index, follow, max-snippet:-1, max-image-preview:large, max-video-preview:-1\" \/>\n<link rel=\"canonical\" href=\"https:\/\/www.oidossucios.com\/site\/morodo-y-cuarto-poder-a-la-carcel\/\" \/>\n<meta property=\"og:locale\" content=\"es_ES\" \/>\n<meta property=\"og:type\" content=\"article\" \/>\n<meta property=\"og:title\" content=\"Morodo y Cuarto Poder a la c\u00e1rcel - OidosSucios.Com\" \/>\n<meta property=\"og:description\" content=\"El ex guitarrista de Blink 182 parece tener malos recuerdos de su estad\u00eda en la banda. En un concierto con su nueva agrupaci\u00f3n, Angels and Airwaves, arremeti\u00f3 contra Blink y sus ex compa\u00f1eros.\" \/>\n<meta property=\"og:url\" content=\"https:\/\/www.oidossucios.com\/site\/morodo-y-cuarto-poder-a-la-carcel\/\" \/>\n<meta property=\"og:site_name\" content=\"OidosSucios.Com\" \/>\n<meta property=\"article:published_time\" content=\"2006-11-12T17:10:00+00:00\" \/>\n<meta property=\"og:image\" content=\"https:\/\/www.oidossucios.com\/site\/wp-content\/uploads\/2006\/11\/1153-1.jpg\" \/>\n\t<meta property=\"og:image:width\" content=\"290\" \/>\n\t<meta property=\"og:image:height\" content=\"100\" \/>\n<meta name=\"twitter:card\" content=\"summary_large_image\" \/>\n<meta name=\"twitter:creator\" content=\"@oidossucios\" \/>\n<script type=\"application\/ld+json\" class=\"yoast-schema-graph\">{\"@context\":\"https:\/\/schema.org\",\"@graph\":[{\"@type\":\"WebSite\",\"@id\":\"https:\/\/www.oidossucios.com\/site\/#website\",\"url\":\"https:\/\/www.oidossucios.com\/site\/\",\"name\":\"OidosSucios.Com\",\"description\":\"M\\u00fasica, conciertos, discos\",\"potentialAction\":[{\"@type\":\"SearchAction\",\"target\":\"https:\/\/www.oidossucios.com\/site\/?s={search_term_string}\",\"query-input\":\"required name=search_term_string\"}],\"inLanguage\":\"es\"},{\"@type\":\"ImageObject\",\"@id\":\"https:\/\/www.oidossucios.com\/site\/morodo-y-cuarto-poder-a-la-carcel\/#primaryimage\",\"inLanguage\":\"es\",\"url\":\"https:\/\/www.oidossucios.com\/site\/wp-content\/uploads\/2006\/11\/1153-1.jpg\",\"width\":290,\"height\":100},{\"@type\":\"WebPage\",\"@id\":\"https:\/\/www.oidossucios.com\/site\/morodo-y-cuarto-poder-a-la-carcel\/#webpage\",\"url\":\"https:\/\/www.oidossucios.com\/site\/morodo-y-cuarto-poder-a-la-carcel\/\",\"name\":\"Morodo y Cuarto Poder a la c\\u00e1rcel - OidosSucios.Com\",\"isPartOf\":{\"@id\":\"https:\/\/www.oidossucios.com\/site\/#website\"},\"primaryImageOfPage\":{\"@id\":\"https:\/\/www.oidossucios.com\/site\/morodo-y-cuarto-poder-a-la-carcel\/#primaryimage\"},\"datePublished\":\"2006-11-12T17:10:00+00:00\",\"dateModified\":\"2006-11-12T17:10:00+00:00\",\"author\":{\"@id\":\"https:\/\/www.oidossucios.com\/site\/#\/schema\/person\/24559eeb76bf83a63296fb072393a688\"},\"description\":\"El ex guitarrista de Blink 182 parece tener malos recuerdos de su estad\\u00eda en la banda. En un concierto con su nueva agrupaci\\u00f3n, Angels and Airwaves, arremeti\\u00f3 contra Blink y sus ex compa\\u00f1eros.\",\"inLanguage\":\"es\",\"potentialAction\":[{\"@type\":\"ReadAction\",\"target\":[\"https:\/\/www.oidossucios.com\/site\/morodo-y-cuarto-poder-a-la-carcel\/\"]}]},{\"@type\":[\"Person\"],\"@id\":\"https:\/\/www.oidossucios.com\/site\/#\/schema\/person\/24559eeb76bf83a63296fb072393a688\",\"name\":\"Oidossucios\",\"image\":{\"@type\":\"ImageObject\",\"@id\":\"https:\/\/www.oidossucios.com\/site\/#personlogo\",\"inLanguage\":\"es\",\"url\":\"https:\/\/secure.gravatar.com\/avatar\/74fcb480f42f1a33e50a0b6e6369a3f907be2e43dc84fa5f76c66e9c22b4a5ab?s=96&d=mm&r=g\",\"caption\":\"Oidossucios\"},\"sameAs\":[\"https:\/\/twitter.com\/oidossucios\"]}]}<\/script>\n<!-- \/ Yoast SEO plugin. -->","jetpack_sharing_enabled":true,"_links":{"self":[{"href":"https:\/\/www.oidossucios.com\/site\/wp-json\/wp\/v2\/posts\/1157","targetHints":{"allow":["GET"]}}],"collection":[{"href":"https:\/\/www.oidossucios.com\/site\/wp-json\/wp\/v2\/posts"}],"about":[{"href":"https:\/\/www.oidossucios.com\/site\/wp-json\/wp\/v2\/types\/post"}],"author":[{"embeddable":true,"href":"https:\/\/www.oidossucios.com\/site\/wp-json\/wp\/v2\/users\/4"}],"replies":[{"embeddable":true,"href":"https:\/\/www.oidossucios.com\/site\/wp-json\/wp\/v2\/comments?post=1157"}],"version-history":[{"count":0,"href":"https:\/\/www.oidossucios.com\/site\/wp-json\/wp\/v2\/posts\/1157\/revisions"}],"wp:featuredmedia":[{"embeddable":true,"href":"https:\/\/www.oidossucios.com\/site\/wp-json\/wp\/v2\/media\/100001153"}],"wp:attachment":[{"href":"https:\/\/www.oidossucios.com\/site\/wp-json\/wp\/v2\/media?parent=1157"}],"wp:term":[{"taxonomy":"category","embeddable":true,"href":"https:\/\/www.oidossucios.com\/site\/wp-json\/wp\/v2\/categories?post=1157"},{"taxonomy":"post_tag","embeddable":true,"href":"https:\/\/www.oidossucios.com\/site\/wp-json\/wp\/v2\/tags?post=1157"}],"curies":[{"name":"wp","href":"https:\/\/api.w.org\/{rel}","templated":true}]}}