{"id":1171,"date":"2007-01-24T04:30:00","date_gmt":"2007-01-24T04:30:00","guid":{"rendered":"https:\/\/www.oidossucios.com\/site\/2007\/01\/24\/subsonus-tocara-con-deftones\/"},"modified":"2007-01-24T04:30:00","modified_gmt":"2007-01-24T04:30:00","slug":"subsonus-tocara-con-deftones","status":"publish","type":"post","link":"https:\/\/www.oidossucios.com\/site\/subsonus-tocara-con-deftones\/","title":{"rendered":"Subsonus tocar\u00e1 con Deftones"},"content":{"rendered":"<p>La agrupaci\u00f3n caraque\u00f1a conformada por Carlos &#8220;Fresa&#8221; Mata, Eugenio Marruffo, Daniel Guzm\u00e1n y Leonardo Molina, fueron confirmados por la productora Evenpro para compartir tarima junto a Deftones el jueves 8 de febrero en el Poliedro de Caracas, en el llamado Monstruos del Rock.<\/p>\n<p>Subsonus, una de las bandas de metal alternativo m\u00e1s respetadas en la actualidad en la escena musical venezolana, se encuentra actualmente componiendo los temas que formar\u00e1n parte de su pr\u00f3xima producci\u00f3n discogr\u00e1fica, cuya placa ser\u00e1 la sucesora de &#8220;Alias&#8221; disco el cual fue lanzado a la venta en diciembre de 2005.<\/p>\n<p>Las entradas para el concierto tienen un precio \u00fanico de Bs. 97.000 en se segunda preventa y se puede conseguir en Hard Rock Caf\u00e9, Discotiendas Esperanto Sambil y San Ignacio. R\u00e9cordland Sambil y El Recreo, Anark\u00eda C.C.City Market y en Valencia en Fantasy C (C.C. Prebo).<\/p>\n","protected":false},"excerpt":{"rendered":"<p>La reconocida agrupaci\u00f3n caraque\u00f1a de metal alternativo ser\u00e1 la encargada de abrir el show que dar\u00e1 Deftones el 8 de febrero en el Poliedro de Caracas.<\/p>\n","protected":false},"author":4,"featured_media":100001167,"comment_status":"open","ping_status":"open","sticky":false,"template":"","format":"standard","meta":{"_jetpack_memberships_contains_paid_content":false,"footnotes":""},"categories":[250],"tags":[444],"class_list":["post-1171","post","type-post","status-publish","format-standard","has-post-thumbnail","hentry","category-noticias","tag-subsonus-deftones"],"jetpack_featured_media_url":"https:\/\/www.oidossucios.com\/site\/wp-content\/uploads\/2006\/12\/1167.jpg","yoast_head":"<!-- This site is optimized with the Yoast SEO plugin v14.0.4 - https:\/\/yoast.com\/wordpress\/plugins\/seo\/ -->\n<title>Subsonus tocar\u00e1 con Deftones - OidosSucios.Com<\/title>\n<meta name=\"description\" content=\"El pr\u00f3ximo jueves 28 de Diciembre, en la discoteca One en el C.C. San Ignacio, 1200 fans e invitados especiales celebrar\u00e1n un a\u00f1o de \u00e9xitos para el reconocido colectivo caraque\u00f1o de m\u00fasica electr\u00f3nica.\" \/>\n<meta name=\"robots\" content=\"index, follow\" \/>\n<meta name=\"googlebot\" content=\"index, follow, max-snippet:-1, max-image-preview:large, max-video-preview:-1\" \/>\n<meta name=\"bingbot\" content=\"index, follow, max-snippet:-1, max-image-preview:large, max-video-preview:-1\" \/>\n<link rel=\"canonical\" href=\"https:\/\/www.oidossucios.com\/site\/subsonus-tocara-con-deftones\/\" \/>\n<meta property=\"og:locale\" content=\"es_ES\" \/>\n<meta property=\"og:type\" content=\"article\" \/>\n<meta property=\"og:title\" content=\"Subsonus tocar\u00e1 con Deftones - OidosSucios.Com\" \/>\n<meta property=\"og:description\" content=\"El pr\u00f3ximo jueves 28 de Diciembre, en la discoteca One en el C.C. San Ignacio, 1200 fans e invitados especiales celebrar\u00e1n un a\u00f1o de \u00e9xitos para el reconocido colectivo caraque\u00f1o de m\u00fasica electr\u00f3nica.\" \/>\n<meta property=\"og:url\" content=\"https:\/\/www.oidossucios.com\/site\/subsonus-tocara-con-deftones\/\" \/>\n<meta property=\"og:site_name\" content=\"OidosSucios.Com\" \/>\n<meta property=\"article:published_time\" content=\"2007-01-24T04:30:00+00:00\" \/>\n<meta property=\"og:image\" content=\"https:\/\/www.oidossucios.com\/site\/wp-content\/uploads\/2006\/12\/1167.jpg\" \/>\n\t<meta property=\"og:image:width\" content=\"290\" \/>\n\t<meta property=\"og:image:height\" content=\"100\" \/>\n<meta name=\"twitter:card\" content=\"summary_large_image\" \/>\n<meta name=\"twitter:creator\" content=\"@oidossucios\" \/>\n<script type=\"application\/ld+json\" class=\"yoast-schema-graph\">{\"@context\":\"https:\/\/schema.org\",\"@graph\":[{\"@type\":\"WebSite\",\"@id\":\"https:\/\/www.oidossucios.com\/site\/#website\",\"url\":\"https:\/\/www.oidossucios.com\/site\/\",\"name\":\"OidosSucios.Com\",\"description\":\"M\\u00fasica, conciertos, discos\",\"potentialAction\":[{\"@type\":\"SearchAction\",\"target\":\"https:\/\/www.oidossucios.com\/site\/?s={search_term_string}\",\"query-input\":\"required name=search_term_string\"}],\"inLanguage\":\"es\"},{\"@type\":\"ImageObject\",\"@id\":\"https:\/\/www.oidossucios.com\/site\/subsonus-tocara-con-deftones\/#primaryimage\",\"inLanguage\":\"es\",\"url\":\"https:\/\/www.oidossucios.com\/site\/wp-content\/uploads\/2006\/12\/1167.jpg\",\"width\":290,\"height\":100},{\"@type\":\"WebPage\",\"@id\":\"https:\/\/www.oidossucios.com\/site\/subsonus-tocara-con-deftones\/#webpage\",\"url\":\"https:\/\/www.oidossucios.com\/site\/subsonus-tocara-con-deftones\/\",\"name\":\"Subsonus tocar\\u00e1 con Deftones - OidosSucios.Com\",\"isPartOf\":{\"@id\":\"https:\/\/www.oidossucios.com\/site\/#website\"},\"primaryImageOfPage\":{\"@id\":\"https:\/\/www.oidossucios.com\/site\/subsonus-tocara-con-deftones\/#primaryimage\"},\"datePublished\":\"2007-01-24T04:30:00+00:00\",\"dateModified\":\"2007-01-24T04:30:00+00:00\",\"author\":{\"@id\":\"https:\/\/www.oidossucios.com\/site\/#\/schema\/person\/24559eeb76bf83a63296fb072393a688\"},\"description\":\"El pr\\u00f3ximo jueves 28 de Diciembre, en la discoteca One en el C.C. San Ignacio, 1200 fans e invitados especiales celebrar\\u00e1n un a\\u00f1o de \\u00e9xitos para el reconocido colectivo caraque\\u00f1o de m\\u00fasica electr\\u00f3nica.\",\"inLanguage\":\"es\",\"potentialAction\":[{\"@type\":\"ReadAction\",\"target\":[\"https:\/\/www.oidossucios.com\/site\/subsonus-tocara-con-deftones\/\"]}]},{\"@type\":[\"Person\"],\"@id\":\"https:\/\/www.oidossucios.com\/site\/#\/schema\/person\/24559eeb76bf83a63296fb072393a688\",\"name\":\"Oidossucios\",\"image\":{\"@type\":\"ImageObject\",\"@id\":\"https:\/\/www.oidossucios.com\/site\/#personlogo\",\"inLanguage\":\"es\",\"url\":\"https:\/\/secure.gravatar.com\/avatar\/74fcb480f42f1a33e50a0b6e6369a3f907be2e43dc84fa5f76c66e9c22b4a5ab?s=96&d=mm&r=g\",\"caption\":\"Oidossucios\"},\"sameAs\":[\"https:\/\/twitter.com\/oidossucios\"]}]}<\/script>\n<!-- \/ Yoast SEO plugin. -->","jetpack_sharing_enabled":true,"_links":{"self":[{"href":"https:\/\/www.oidossucios.com\/site\/wp-json\/wp\/v2\/posts\/1171","targetHints":{"allow":["GET"]}}],"collection":[{"href":"https:\/\/www.oidossucios.com\/site\/wp-json\/wp\/v2\/posts"}],"about":[{"href":"https:\/\/www.oidossucios.com\/site\/wp-json\/wp\/v2\/types\/post"}],"author":[{"embeddable":true,"href":"https:\/\/www.oidossucios.com\/site\/wp-json\/wp\/v2\/users\/4"}],"replies":[{"embeddable":true,"href":"https:\/\/www.oidossucios.com\/site\/wp-json\/wp\/v2\/comments?post=1171"}],"version-history":[{"count":0,"href":"https:\/\/www.oidossucios.com\/site\/wp-json\/wp\/v2\/posts\/1171\/revisions"}],"wp:featuredmedia":[{"embeddable":true,"href":"https:\/\/www.oidossucios.com\/site\/wp-json\/wp\/v2\/media\/100001167"}],"wp:attachment":[{"href":"https:\/\/www.oidossucios.com\/site\/wp-json\/wp\/v2\/media?parent=1171"}],"wp:term":[{"taxonomy":"category","embeddable":true,"href":"https:\/\/www.oidossucios.com\/site\/wp-json\/wp\/v2\/categories?post=1171"},{"taxonomy":"post_tag","embeddable":true,"href":"https:\/\/www.oidossucios.com\/site\/wp-json\/wp\/v2\/tags?post=1171"}],"curies":[{"name":"wp","href":"https:\/\/api.w.org\/{rel}","templated":true}]}}