{"id":1186,"date":"2007-03-01T17:40:00","date_gmt":"2007-03-01T17:40:00","guid":{"rendered":"https:\/\/www.oidossucios.com\/site\/2007\/03\/01\/vuelve-la-tarima-allegro\/"},"modified":"2007-03-01T17:40:00","modified_gmt":"2007-03-01T17:40:00","slug":"vuelve-la-tarima-allegro","status":"publish","type":"post","link":"https:\/\/www.oidossucios.com\/site\/vuelve-la-tarima-allegro\/","title":{"rendered":"Vuelve la Tarima Allegro"},"content":{"rendered":"<p>Con la intenci\u00f3n de propiciar  espacios musicales a las nuevas bandas locales, la tienda Allegro ubicada en el San Ignacio ha venido desde hace un tiempo poniendo a la disposici\u00f3n de los interesados un stage donde mostrar las tendencias que se est\u00e1n desarrollando en Caracas. <\/p>\n<p>Este ciclo, denominado Tarima Allegro, contin\u00faa en marzo con 5 fechas sabatinas, de acceso totalmente gratuito, desde las 3:00 de la tarde. La primera fecha, para este s\u00e1bado 3 le corresponde al grupo de rock alternativo An.Dress (foto), el 10 de marzo se presentar\u00e1n Minerva  y Aedea, el 17 le tocar\u00e1 el turno a Waika MC, el 24 a Damper y el \u00faltimo d\u00eda del mes le corresponder\u00e1 la tarima a Maphalda, grupo barquisimetano de punk rock integrado por puras chicas.<\/p>\n<p>Pr\u00f3ximamente esta serie de shows se expandir\u00e1 a la tienda de Chaca\u00edto, creando as\u00ed dos alternativas los d\u00edas s\u00e1bado para todo el talento emergente de Caracas, con planes de llevar este ciclo al interior del pa\u00eds.<\/p>\n<p>Las agrupaciones interesadas en participar en estos conciertos deben entregar los siguientes requisitos en un sobre identificado con sus tel\u00e9fonos en la tienda Allegro de San Ignacio:<\/p>\n<p>&#8211; Demo o grabaci\u00f3n disponible<br \/>&#8211; Rider t\u00e9cnico (muy importante)<br \/>&#8211; Biograf\u00eda<\/p>\n<p>Fechas Tarima Allegro<br \/>03\/03 An.Dress <br \/>10\/03 Minerva y Aedea  <br \/>17\/03 Reality Flow Waika MC    <br \/>24\/03 Damper                                                   <br \/>31\/03 Maphalda<\/p>\n","protected":false},"excerpt":{"rendered":"<p>Como una iniciativa de la tienda de instrumentos musicales Allegro, surge cada la &#8220;Tarima Allegro&#8221;, ciclo de conciertos sabanitos en el Centro San Ignacio que se expandir\u00e1 pr\u00f3ximamente a la tienda de Chaca\u00edto.<\/p>\n","protected":false},"author":4,"featured_media":100001182,"comment_status":"open","ping_status":"open","sticky":false,"template":"","format":"standard","meta":{"_jetpack_memberships_contains_paid_content":false,"footnotes":""},"categories":[250],"tags":[451],"class_list":["post-1186","post","type-post","status-publish","format-standard","has-post-thumbnail","hentry","category-noticias","tag-allegro"],"jetpack_featured_media_url":"https:\/\/www.oidossucios.com\/site\/wp-content\/uploads\/2007\/02\/1182.jpg","yoast_head":"<!-- This site is optimized with the Yoast SEO plugin v14.0.4 - https:\/\/yoast.com\/wordpress\/plugins\/seo\/ -->\n<title>Vuelve la Tarima Allegro - OidosSucios.Com<\/title>\n<meta name=\"description\" content=\"La agrupaci\u00f3n espa\u00f1ola vuelve a los escenarios a 10 a\u00f1os de su separaci\u00f3n, con una gira que recorrer\u00e1 Estados Unidos, Espa\u00f1a y Latinoam\u00e9rica.\" \/>\n<meta name=\"robots\" content=\"index, follow\" \/>\n<meta name=\"googlebot\" content=\"index, follow, max-snippet:-1, max-image-preview:large, max-video-preview:-1\" \/>\n<meta name=\"bingbot\" content=\"index, follow, max-snippet:-1, max-image-preview:large, max-video-preview:-1\" \/>\n<link rel=\"canonical\" href=\"https:\/\/www.oidossucios.com\/site\/vuelve-la-tarima-allegro\/\" \/>\n<meta property=\"og:locale\" content=\"es_ES\" \/>\n<meta property=\"og:type\" content=\"article\" \/>\n<meta property=\"og:title\" content=\"Vuelve la Tarima Allegro - OidosSucios.Com\" \/>\n<meta property=\"og:description\" content=\"La agrupaci\u00f3n espa\u00f1ola vuelve a los escenarios a 10 a\u00f1os de su separaci\u00f3n, con una gira que recorrer\u00e1 Estados Unidos, Espa\u00f1a y Latinoam\u00e9rica.\" \/>\n<meta property=\"og:url\" content=\"https:\/\/www.oidossucios.com\/site\/vuelve-la-tarima-allegro\/\" \/>\n<meta property=\"og:site_name\" content=\"OidosSucios.Com\" \/>\n<meta property=\"article:published_time\" content=\"2007-03-01T17:40:00+00:00\" \/>\n<meta property=\"og:image\" content=\"https:\/\/www.oidossucios.com\/site\/wp-content\/uploads\/2007\/02\/1182.jpg\" \/>\n\t<meta property=\"og:image:width\" content=\"290\" \/>\n\t<meta property=\"og:image:height\" content=\"100\" \/>\n<meta name=\"twitter:card\" content=\"summary_large_image\" \/>\n<meta name=\"twitter:creator\" content=\"@oidossucios\" \/>\n<script type=\"application\/ld+json\" class=\"yoast-schema-graph\">{\"@context\":\"https:\/\/schema.org\",\"@graph\":[{\"@type\":\"WebSite\",\"@id\":\"https:\/\/www.oidossucios.com\/site\/#website\",\"url\":\"https:\/\/www.oidossucios.com\/site\/\",\"name\":\"OidosSucios.Com\",\"description\":\"M\\u00fasica, conciertos, discos\",\"potentialAction\":[{\"@type\":\"SearchAction\",\"target\":\"https:\/\/www.oidossucios.com\/site\/?s={search_term_string}\",\"query-input\":\"required name=search_term_string\"}],\"inLanguage\":\"es\"},{\"@type\":\"ImageObject\",\"@id\":\"https:\/\/www.oidossucios.com\/site\/vuelve-la-tarima-allegro\/#primaryimage\",\"inLanguage\":\"es\",\"url\":\"https:\/\/www.oidossucios.com\/site\/wp-content\/uploads\/2007\/02\/1182.jpg\",\"width\":290,\"height\":100},{\"@type\":\"WebPage\",\"@id\":\"https:\/\/www.oidossucios.com\/site\/vuelve-la-tarima-allegro\/#webpage\",\"url\":\"https:\/\/www.oidossucios.com\/site\/vuelve-la-tarima-allegro\/\",\"name\":\"Vuelve la Tarima Allegro - OidosSucios.Com\",\"isPartOf\":{\"@id\":\"https:\/\/www.oidossucios.com\/site\/#website\"},\"primaryImageOfPage\":{\"@id\":\"https:\/\/www.oidossucios.com\/site\/vuelve-la-tarima-allegro\/#primaryimage\"},\"datePublished\":\"2007-03-01T17:40:00+00:00\",\"dateModified\":\"2007-03-01T17:40:00+00:00\",\"author\":{\"@id\":\"https:\/\/www.oidossucios.com\/site\/#\/schema\/person\/24559eeb76bf83a63296fb072393a688\"},\"description\":\"La agrupaci\\u00f3n espa\\u00f1ola vuelve a los escenarios a 10 a\\u00f1os de su separaci\\u00f3n, con una gira que recorrer\\u00e1 Estados Unidos, Espa\\u00f1a y Latinoam\\u00e9rica.\",\"inLanguage\":\"es\",\"potentialAction\":[{\"@type\":\"ReadAction\",\"target\":[\"https:\/\/www.oidossucios.com\/site\/vuelve-la-tarima-allegro\/\"]}]},{\"@type\":[\"Person\"],\"@id\":\"https:\/\/www.oidossucios.com\/site\/#\/schema\/person\/24559eeb76bf83a63296fb072393a688\",\"name\":\"Oidossucios\",\"image\":{\"@type\":\"ImageObject\",\"@id\":\"https:\/\/www.oidossucios.com\/site\/#personlogo\",\"inLanguage\":\"es\",\"url\":\"https:\/\/secure.gravatar.com\/avatar\/74fcb480f42f1a33e50a0b6e6369a3f907be2e43dc84fa5f76c66e9c22b4a5ab?s=96&d=mm&r=g\",\"caption\":\"Oidossucios\"},\"sameAs\":[\"https:\/\/twitter.com\/oidossucios\"]}]}<\/script>\n<!-- \/ Yoast SEO plugin. -->","jetpack_sharing_enabled":true,"_links":{"self":[{"href":"https:\/\/www.oidossucios.com\/site\/wp-json\/wp\/v2\/posts\/1186","targetHints":{"allow":["GET"]}}],"collection":[{"href":"https:\/\/www.oidossucios.com\/site\/wp-json\/wp\/v2\/posts"}],"about":[{"href":"https:\/\/www.oidossucios.com\/site\/wp-json\/wp\/v2\/types\/post"}],"author":[{"embeddable":true,"href":"https:\/\/www.oidossucios.com\/site\/wp-json\/wp\/v2\/users\/4"}],"replies":[{"embeddable":true,"href":"https:\/\/www.oidossucios.com\/site\/wp-json\/wp\/v2\/comments?post=1186"}],"version-history":[{"count":0,"href":"https:\/\/www.oidossucios.com\/site\/wp-json\/wp\/v2\/posts\/1186\/revisions"}],"wp:featuredmedia":[{"embeddable":true,"href":"https:\/\/www.oidossucios.com\/site\/wp-json\/wp\/v2\/media\/100001182"}],"wp:attachment":[{"href":"https:\/\/www.oidossucios.com\/site\/wp-json\/wp\/v2\/media?parent=1186"}],"wp:term":[{"taxonomy":"category","embeddable":true,"href":"https:\/\/www.oidossucios.com\/site\/wp-json\/wp\/v2\/categories?post=1186"},{"taxonomy":"post_tag","embeddable":true,"href":"https:\/\/www.oidossucios.com\/site\/wp-json\/wp\/v2\/tags?post=1186"}],"curies":[{"name":"wp","href":"https:\/\/api.w.org\/{rel}","templated":true}]}}