{"id":1194,"date":"2007-03-17T04:18:00","date_gmt":"2007-03-17T04:18:00","guid":{"rendered":"https:\/\/www.oidossucios.com\/site\/2007\/03\/17\/allegro-abre-su-tarima-en-chacaito\/"},"modified":"2007-03-17T04:18:00","modified_gmt":"2007-03-17T04:18:00","slug":"allegro-abre-su-tarima-en-chacaito","status":"publish","type":"post","link":"https:\/\/www.oidossucios.com\/site\/allegro-abre-su-tarima-en-chacaito\/","title":{"rendered":"Allegro abre su tarima en Chaca\u00edto"},"content":{"rendered":"<p>Con la presentaci\u00f3n de Alto Pana, se dar\u00e1 inicio a este nuevo stage capitalino que intenta proyectar el talento emergente en nuestra ciudad.<\/p>\n<p>La idea es que todos los s\u00e1bados existan dos tarimas constantes en Caracas, comenzando a las 3:00 pm en Chacaito y a las 5:00 pm en San Ignacio.<\/p>\n<p>Este s\u00e1bado 17 le toca el turno a Reality Flow Waika MC (San Ignacio), mientras Alto Pana (Chacaito) har\u00e1 lo suyo.<\/p>\n<p>Las pr\u00f3ximas fechas en Chaca\u00edto son:<\/p>\n<p>24-03-07: Estuproi      <br \/>31-03-07: Tensa Calma   <\/p>\n<p>Pronto queda esperar que esta iniciativa comience a llevarse a cabo en el interior del pa\u00eds que est\u00e1 en la mira para Allegro.<\/p>\n<p>Los interesados en participar en estos conciertos deben entregar los siguientes requisitos en un sobre identificado con sus tel\u00e9fonos en la tienda Allegro de San Ignacio:<\/p>\n<p>&#8211; Demo o grabaci\u00f3n disponible<br \/>&#8211; Rider t\u00e9cnico<br \/>&#8211; Biograf\u00eda<\/p>\n","protected":false},"excerpt":{"rendered":"<p>Como ya lo hab\u00edan anunciado luego del inicio de sus conciertos en San Ignacio, a partir de este s\u00e1bado la tienda Allegro tambi\u00e9n dar\u00e1 apertura a Chacaito.<\/p>\n","protected":false},"author":4,"featured_media":100001194,"comment_status":"open","ping_status":"open","sticky":false,"template":"","format":"standard","meta":{"_jetpack_memberships_contains_paid_content":false,"footnotes":""},"categories":[250],"tags":[451],"class_list":["post-1194","post","type-post","status-publish","format-standard","has-post-thumbnail","hentry","category-noticias","tag-allegro"],"jetpack_featured_media_url":"https:\/\/www.oidossucios.com\/site\/wp-content\/uploads\/2007\/03\/1194.jpg","yoast_head":"<!-- This site is optimized with the Yoast SEO plugin v14.0.4 - https:\/\/yoast.com\/wordpress\/plugins\/seo\/ -->\n<title>Allegro abre su tarima en Chaca\u00edto - OidosSucios.Com<\/title>\n<meta name=\"description\" content=\"El 11, 13 y 14 de abril si dictar\u00e1 el de &quot;Producci\u00f3n de espect\u00e1culos musicales&quot;. En mayo y junio se realizar\u00e1n los talleres de &quot;Introducci\u00f3n a la edici\u00f3n de libros&quot; y el ya conocido &quot;Profesion manager&quot;.\" \/>\n<meta name=\"robots\" content=\"index, follow\" \/>\n<meta name=\"googlebot\" content=\"index, follow, max-snippet:-1, max-image-preview:large, max-video-preview:-1\" \/>\n<meta name=\"bingbot\" content=\"index, follow, max-snippet:-1, max-image-preview:large, max-video-preview:-1\" \/>\n<link rel=\"canonical\" href=\"https:\/\/www.oidossucios.com\/site\/allegro-abre-su-tarima-en-chacaito\/\" \/>\n<meta property=\"og:locale\" content=\"es_ES\" \/>\n<meta property=\"og:type\" content=\"article\" \/>\n<meta property=\"og:title\" content=\"Allegro abre su tarima en Chaca\u00edto - OidosSucios.Com\" \/>\n<meta property=\"og:description\" content=\"El 11, 13 y 14 de abril si dictar\u00e1 el de &quot;Producci\u00f3n de espect\u00e1culos musicales&quot;. En mayo y junio se realizar\u00e1n los talleres de &quot;Introducci\u00f3n a la edici\u00f3n de libros&quot; y el ya conocido &quot;Profesion manager&quot;.\" \/>\n<meta property=\"og:url\" content=\"https:\/\/www.oidossucios.com\/site\/allegro-abre-su-tarima-en-chacaito\/\" \/>\n<meta property=\"og:site_name\" content=\"OidosSucios.Com\" \/>\n<meta property=\"article:published_time\" content=\"2007-03-17T04:18:00+00:00\" \/>\n<meta property=\"og:image\" content=\"https:\/\/www.oidossucios.com\/site\/wp-content\/uploads\/2007\/03\/1194.jpg\" \/>\n\t<meta property=\"og:image:width\" content=\"290\" \/>\n\t<meta property=\"og:image:height\" content=\"100\" \/>\n<meta name=\"twitter:card\" content=\"summary_large_image\" \/>\n<meta name=\"twitter:creator\" content=\"@oidossucios\" \/>\n<script type=\"application\/ld+json\" class=\"yoast-schema-graph\">{\"@context\":\"https:\/\/schema.org\",\"@graph\":[{\"@type\":\"WebSite\",\"@id\":\"https:\/\/www.oidossucios.com\/site\/#website\",\"url\":\"https:\/\/www.oidossucios.com\/site\/\",\"name\":\"OidosSucios.Com\",\"description\":\"M\\u00fasica, conciertos, discos\",\"potentialAction\":[{\"@type\":\"SearchAction\",\"target\":\"https:\/\/www.oidossucios.com\/site\/?s={search_term_string}\",\"query-input\":\"required name=search_term_string\"}],\"inLanguage\":\"es\"},{\"@type\":\"ImageObject\",\"@id\":\"https:\/\/www.oidossucios.com\/site\/allegro-abre-su-tarima-en-chacaito\/#primaryimage\",\"inLanguage\":\"es\",\"url\":\"https:\/\/www.oidossucios.com\/site\/wp-content\/uploads\/2007\/03\/1194.jpg\",\"width\":290,\"height\":100},{\"@type\":\"WebPage\",\"@id\":\"https:\/\/www.oidossucios.com\/site\/allegro-abre-su-tarima-en-chacaito\/#webpage\",\"url\":\"https:\/\/www.oidossucios.com\/site\/allegro-abre-su-tarima-en-chacaito\/\",\"name\":\"Allegro abre su tarima en Chaca\\u00edto - OidosSucios.Com\",\"isPartOf\":{\"@id\":\"https:\/\/www.oidossucios.com\/site\/#website\"},\"primaryImageOfPage\":{\"@id\":\"https:\/\/www.oidossucios.com\/site\/allegro-abre-su-tarima-en-chacaito\/#primaryimage\"},\"datePublished\":\"2007-03-17T04:18:00+00:00\",\"dateModified\":\"2007-03-17T04:18:00+00:00\",\"author\":{\"@id\":\"https:\/\/www.oidossucios.com\/site\/#\/schema\/person\/24559eeb76bf83a63296fb072393a688\"},\"description\":\"El 11, 13 y 14 de abril si dictar\\u00e1 el de \\\"Producci\\u00f3n de espect\\u00e1culos musicales\\\". En mayo y junio se realizar\\u00e1n los talleres de \\\"Introducci\\u00f3n a la edici\\u00f3n de libros\\\" y el ya conocido \\\"Profesion manager\\\".\",\"inLanguage\":\"es\",\"potentialAction\":[{\"@type\":\"ReadAction\",\"target\":[\"https:\/\/www.oidossucios.com\/site\/allegro-abre-su-tarima-en-chacaito\/\"]}]},{\"@type\":[\"Person\"],\"@id\":\"https:\/\/www.oidossucios.com\/site\/#\/schema\/person\/24559eeb76bf83a63296fb072393a688\",\"name\":\"Oidossucios\",\"image\":{\"@type\":\"ImageObject\",\"@id\":\"https:\/\/www.oidossucios.com\/site\/#personlogo\",\"inLanguage\":\"es\",\"url\":\"https:\/\/secure.gravatar.com\/avatar\/74fcb480f42f1a33e50a0b6e6369a3f907be2e43dc84fa5f76c66e9c22b4a5ab?s=96&d=mm&r=g\",\"caption\":\"Oidossucios\"},\"sameAs\":[\"https:\/\/twitter.com\/oidossucios\"]}]}<\/script>\n<!-- \/ Yoast SEO plugin. -->","jetpack_sharing_enabled":true,"_links":{"self":[{"href":"https:\/\/www.oidossucios.com\/site\/wp-json\/wp\/v2\/posts\/1194","targetHints":{"allow":["GET"]}}],"collection":[{"href":"https:\/\/www.oidossucios.com\/site\/wp-json\/wp\/v2\/posts"}],"about":[{"href":"https:\/\/www.oidossucios.com\/site\/wp-json\/wp\/v2\/types\/post"}],"author":[{"embeddable":true,"href":"https:\/\/www.oidossucios.com\/site\/wp-json\/wp\/v2\/users\/4"}],"replies":[{"embeddable":true,"href":"https:\/\/www.oidossucios.com\/site\/wp-json\/wp\/v2\/comments?post=1194"}],"version-history":[{"count":0,"href":"https:\/\/www.oidossucios.com\/site\/wp-json\/wp\/v2\/posts\/1194\/revisions"}],"wp:featuredmedia":[{"embeddable":true,"href":"https:\/\/www.oidossucios.com\/site\/wp-json\/wp\/v2\/media\/100001194"}],"wp:attachment":[{"href":"https:\/\/www.oidossucios.com\/site\/wp-json\/wp\/v2\/media?parent=1194"}],"wp:term":[{"taxonomy":"category","embeddable":true,"href":"https:\/\/www.oidossucios.com\/site\/wp-json\/wp\/v2\/categories?post=1194"},{"taxonomy":"post_tag","embeddable":true,"href":"https:\/\/www.oidossucios.com\/site\/wp-json\/wp\/v2\/tags?post=1194"}],"curies":[{"name":"wp","href":"https:\/\/api.w.org\/{rel}","templated":true}]}}