{"id":1208,"date":"2007-04-10T15:08:00","date_gmt":"2007-04-10T15:08:00","guid":{"rendered":"https:\/\/www.oidossucios.com\/site\/2007\/04\/10\/james-iha-le-dice-no-a-smashing-pumpkins\/"},"modified":"2007-04-10T15:08:00","modified_gmt":"2007-04-10T15:08:00","slug":"james-iha-le-dice-no-a-smashing-pumpkins","status":"publish","type":"post","link":"https:\/\/www.oidossucios.com\/site\/james-iha-le-dice-no-a-smashing-pumpkins\/","title":{"rendered":"James Iha le dice No! a Smashing Pumpkins"},"content":{"rendered":"<p>El ex guitarrista de la banda se encuentra ocupado trabajando en su \u00e1lbum solista y su disquera independiente, as\u00ed que no piensa unirse a sus ex compa\u00f1eros en sus pr\u00f3ximas presentaciones anunciadas para verano y primavera. &#8220;No, no soy parte del actual disco o gira de Smashing Pumpkins, no he hablado con Billy (Corgan) en a\u00f1os&#8221; dijo Iha a Rolling Stone.<\/p>\n<p>&#8220;Estoy escribiendo para mi disco solista, el cu\u00e1l voy a grabar este a\u00f1o y trabajando en mi disquera independiente Scratchie Records&#8221;, dijo.<\/p>\n<p>Al parecer el \u00fanico miembro original confirmado para la reuni\u00f3n de Smashing Pumpkins parecen ser Corgan y el baterista Jimmy Chamberlain.<\/p>\n<p>Seg\u00fan algunos rumores v\u00eda internet los otros dos miembros que formar\u00edan parte de esta reuni\u00f3n son el bajista  Ginger Reyes (ex-Halo Friendlies) y el guitarrista Jeff Schroeder (ex-The Lassie Foundation).<\/p>\n<p>Alguna veces en el pasado Corgan expres\u00f3 irritaci\u00f3n con la forma de tocar de Iha y Wretzky hasta el punto que se rumore\u00f3 que el propio Billy grab\u00f3 todas las partes \u00e9l mismo en muchas de las grabaciones de los Pumpkins.<\/p>\n<p>Como ya se hab\u00eda anunciado, Smashing Pumpkins ha anunciado su primera presentaci\u00f3n desde el 2 de diciembre de 2002, en un show muy \u00edntimo y especial que se llevar\u00e1 a cabo el pr\u00f3ximo 22 de Mayo en Par\u00eds, Francia, en el hist\u00f3rico y elegante Grand Rex.<\/p>\n","protected":false},"excerpt":{"rendered":"<p>James Iha ha revelado que no tiene intenci\u00f3n en ser parte de la anunciada reuni\u00f3n de Smashing Pumpkins.<\/p>\n","protected":false},"author":4,"featured_media":100001204,"comment_status":"open","ping_status":"open","sticky":false,"template":"","format":"standard","meta":{"_jetpack_memberships_contains_paid_content":false,"footnotes":""},"categories":[250],"tags":[291],"class_list":["post-1208","post","type-post","status-publish","format-standard","has-post-thumbnail","hentry","category-noticias","tag-smashing"],"jetpack_featured_media_url":"https:\/\/www.oidossucios.com\/site\/wp-content\/uploads\/2007\/04\/1204.jpg","yoast_head":"<!-- This site is optimized with the Yoast SEO plugin v14.0.4 - https:\/\/yoast.com\/wordpress\/plugins\/seo\/ -->\n<title>James Iha le dice No! a Smashing Pumpkins - OidosSucios.Com<\/title>\n<meta name=\"description\" content=\"El legendario guitarrista respondi\u00f3 a la pregunta &quot;\u00bfCu\u00e1l fue la sustancia m\u00e1s rara que inhal\u00f3 en su vida?&quot; con la respuesta: &quot;las cenizas de mi padre cuando muri\u00f3, con un poco de coca\u00edna&quot;.\" \/>\n<meta name=\"robots\" content=\"index, follow\" \/>\n<meta name=\"googlebot\" content=\"index, follow, max-snippet:-1, max-image-preview:large, max-video-preview:-1\" \/>\n<meta name=\"bingbot\" content=\"index, follow, max-snippet:-1, max-image-preview:large, max-video-preview:-1\" \/>\n<link rel=\"canonical\" href=\"https:\/\/www.oidossucios.com\/site\/james-iha-le-dice-no-a-smashing-pumpkins\/\" \/>\n<meta property=\"og:locale\" content=\"es_ES\" \/>\n<meta property=\"og:type\" content=\"article\" \/>\n<meta property=\"og:title\" content=\"James Iha le dice No! a Smashing Pumpkins - OidosSucios.Com\" \/>\n<meta property=\"og:description\" content=\"El legendario guitarrista respondi\u00f3 a la pregunta &quot;\u00bfCu\u00e1l fue la sustancia m\u00e1s rara que inhal\u00f3 en su vida?&quot; con la respuesta: &quot;las cenizas de mi padre cuando muri\u00f3, con un poco de coca\u00edna&quot;.\" \/>\n<meta property=\"og:url\" content=\"https:\/\/www.oidossucios.com\/site\/james-iha-le-dice-no-a-smashing-pumpkins\/\" \/>\n<meta property=\"og:site_name\" content=\"OidosSucios.Com\" \/>\n<meta property=\"article:published_time\" content=\"2007-04-10T15:08:00+00:00\" \/>\n<meta property=\"og:image\" content=\"https:\/\/www.oidossucios.com\/site\/wp-content\/uploads\/2007\/04\/1204.jpg\" \/>\n\t<meta property=\"og:image:width\" content=\"290\" \/>\n\t<meta property=\"og:image:height\" content=\"100\" \/>\n<meta name=\"twitter:card\" content=\"summary_large_image\" \/>\n<meta name=\"twitter:creator\" content=\"@oidossucios\" \/>\n<script type=\"application\/ld+json\" class=\"yoast-schema-graph\">{\"@context\":\"https:\/\/schema.org\",\"@graph\":[{\"@type\":\"WebSite\",\"@id\":\"https:\/\/www.oidossucios.com\/site\/#website\",\"url\":\"https:\/\/www.oidossucios.com\/site\/\",\"name\":\"OidosSucios.Com\",\"description\":\"M\\u00fasica, conciertos, discos\",\"potentialAction\":[{\"@type\":\"SearchAction\",\"target\":\"https:\/\/www.oidossucios.com\/site\/?s={search_term_string}\",\"query-input\":\"required name=search_term_string\"}],\"inLanguage\":\"es\"},{\"@type\":\"ImageObject\",\"@id\":\"https:\/\/www.oidossucios.com\/site\/james-iha-le-dice-no-a-smashing-pumpkins\/#primaryimage\",\"inLanguage\":\"es\",\"url\":\"https:\/\/www.oidossucios.com\/site\/wp-content\/uploads\/2007\/04\/1204.jpg\",\"width\":290,\"height\":100},{\"@type\":\"WebPage\",\"@id\":\"https:\/\/www.oidossucios.com\/site\/james-iha-le-dice-no-a-smashing-pumpkins\/#webpage\",\"url\":\"https:\/\/www.oidossucios.com\/site\/james-iha-le-dice-no-a-smashing-pumpkins\/\",\"name\":\"James Iha le dice No! a Smashing Pumpkins - OidosSucios.Com\",\"isPartOf\":{\"@id\":\"https:\/\/www.oidossucios.com\/site\/#website\"},\"primaryImageOfPage\":{\"@id\":\"https:\/\/www.oidossucios.com\/site\/james-iha-le-dice-no-a-smashing-pumpkins\/#primaryimage\"},\"datePublished\":\"2007-04-10T15:08:00+00:00\",\"dateModified\":\"2007-04-10T15:08:00+00:00\",\"author\":{\"@id\":\"https:\/\/www.oidossucios.com\/site\/#\/schema\/person\/24559eeb76bf83a63296fb072393a688\"},\"description\":\"El legendario guitarrista respondi\\u00f3 a la pregunta \\\"\\u00bfCu\\u00e1l fue la sustancia m\\u00e1s rara que inhal\\u00f3 en su vida?\\\" con la respuesta: \\\"las cenizas de mi padre cuando muri\\u00f3, con un poco de coca\\u00edna\\\".\",\"inLanguage\":\"es\",\"potentialAction\":[{\"@type\":\"ReadAction\",\"target\":[\"https:\/\/www.oidossucios.com\/site\/james-iha-le-dice-no-a-smashing-pumpkins\/\"]}]},{\"@type\":[\"Person\"],\"@id\":\"https:\/\/www.oidossucios.com\/site\/#\/schema\/person\/24559eeb76bf83a63296fb072393a688\",\"name\":\"Oidossucios\",\"image\":{\"@type\":\"ImageObject\",\"@id\":\"https:\/\/www.oidossucios.com\/site\/#personlogo\",\"inLanguage\":\"es\",\"url\":\"https:\/\/secure.gravatar.com\/avatar\/74fcb480f42f1a33e50a0b6e6369a3f907be2e43dc84fa5f76c66e9c22b4a5ab?s=96&d=mm&r=g\",\"caption\":\"Oidossucios\"},\"sameAs\":[\"https:\/\/twitter.com\/oidossucios\"]}]}<\/script>\n<!-- \/ Yoast SEO plugin. -->","jetpack_sharing_enabled":true,"_links":{"self":[{"href":"https:\/\/www.oidossucios.com\/site\/wp-json\/wp\/v2\/posts\/1208","targetHints":{"allow":["GET"]}}],"collection":[{"href":"https:\/\/www.oidossucios.com\/site\/wp-json\/wp\/v2\/posts"}],"about":[{"href":"https:\/\/www.oidossucios.com\/site\/wp-json\/wp\/v2\/types\/post"}],"author":[{"embeddable":true,"href":"https:\/\/www.oidossucios.com\/site\/wp-json\/wp\/v2\/users\/4"}],"replies":[{"embeddable":true,"href":"https:\/\/www.oidossucios.com\/site\/wp-json\/wp\/v2\/comments?post=1208"}],"version-history":[{"count":0,"href":"https:\/\/www.oidossucios.com\/site\/wp-json\/wp\/v2\/posts\/1208\/revisions"}],"wp:featuredmedia":[{"embeddable":true,"href":"https:\/\/www.oidossucios.com\/site\/wp-json\/wp\/v2\/media\/100001204"}],"wp:attachment":[{"href":"https:\/\/www.oidossucios.com\/site\/wp-json\/wp\/v2\/media?parent=1208"}],"wp:term":[{"taxonomy":"category","embeddable":true,"href":"https:\/\/www.oidossucios.com\/site\/wp-json\/wp\/v2\/categories?post=1208"},{"taxonomy":"post_tag","embeddable":true,"href":"https:\/\/www.oidossucios.com\/site\/wp-json\/wp\/v2\/tags?post=1208"}],"curies":[{"name":"wp","href":"https:\/\/api.w.org\/{rel}","templated":true}]}}