{"id":1225,"date":"2007-05-13T22:33:00","date_gmt":"2007-05-13T22:33:00","guid":{"rendered":"https:\/\/www.oidossucios.com\/site\/2007\/05\/13\/la-tarima-allegro-sigue\/"},"modified":"2007-05-13T22:33:00","modified_gmt":"2007-05-13T22:33:00","slug":"la-tarima-allegro-sigue","status":"publish","type":"post","link":"https:\/\/www.oidossucios.com\/site\/la-tarima-allegro-sigue\/","title":{"rendered":"La Tarima Allegro sigue&#8230;"},"content":{"rendered":"<p>El nuevo escenario emergente contin\u00faa presentando a bandas nacionales de diversos g\u00e9neros en las tiendas Allegro de Chaca\u00edto y del Centro Comercial San Ignacio durante mayo.<\/p>\n<p>En lo que va de mes se han presentando Cirrus, M\u00e1s Quejas y Jinko Biloba. <\/p>\n<p>Las pr\u00f3ximas fechas son:<\/p>\n<p>Allegro Chaca\u00edto:<br \/>19\/05: Toxic Hoffman <br \/>26\/05: Yo y Los Otros    <\/p>\n<p>Allegro San Ignacio:<br \/>19\/05: Telegrama  <br \/>26\/05: Embas<\/p>\n<p>Este evento que se mantendr\u00e1 hasta diciembre es organizado por el programa de radio Rock en \u00d1 y Allegro con el apoyo de OidosSucios.Com. <\/p>\n<p>Si quieres participar en la Tarima Allegro env\u00eda un correo a prensa@oiodossucios.com con una gacetilla de prensa de tu banda, datos completos de cada integrante, rider t\u00e9cnico y una direcci\u00f3n web desde donde se pueda escuchar la m\u00fasica que hacen. Esta informaci\u00f3n ser\u00e1 entregada al equipo de producci\u00f3n de estos shows.<\/p>\n","protected":false},"excerpt":{"rendered":"<p>El ciclo de conciertos que tiene lugar en las dos tiendas musicales caraque\u00f1as presentar\u00e1 en sus pr\u00f3ximas fechas a Toxic Hoffman, Yo y los Otros, Telegrama y Embas.<\/p>\n","protected":false},"author":4,"featured_media":100001221,"comment_status":"open","ping_status":"open","sticky":false,"template":"","format":"standard","meta":{"_jetpack_memberships_contains_paid_content":false,"footnotes":""},"categories":[250],"tags":[451],"class_list":["post-1225","post","type-post","status-publish","format-standard","has-post-thumbnail","hentry","category-noticias","tag-allegro"],"jetpack_featured_media_url":"https:\/\/www.oidossucios.com\/site\/wp-content\/uploads\/2007\/05\/1221.jpg","yoast_head":"<!-- This site is optimized with the Yoast SEO plugin v14.0.4 - https:\/\/yoast.com\/wordpress\/plugins\/seo\/ -->\n<title>La Tarima Allegro sigue... - OidosSucios.Com<\/title>\n<meta name=\"description\" content=\"Tocar\u00e1n el domingo 6 de mayo en el escenario principal de este importante festival que se realizar\u00e1 este fin de semana en el D.F. Mexicano.\" \/>\n<meta name=\"robots\" content=\"index, follow\" \/>\n<meta name=\"googlebot\" content=\"index, follow, max-snippet:-1, max-image-preview:large, max-video-preview:-1\" \/>\n<meta name=\"bingbot\" content=\"index, follow, max-snippet:-1, max-image-preview:large, max-video-preview:-1\" \/>\n<link rel=\"canonical\" href=\"https:\/\/www.oidossucios.com\/site\/la-tarima-allegro-sigue\/\" \/>\n<meta property=\"og:locale\" content=\"es_ES\" \/>\n<meta property=\"og:type\" content=\"article\" \/>\n<meta property=\"og:title\" content=\"La Tarima Allegro sigue... - OidosSucios.Com\" \/>\n<meta property=\"og:description\" content=\"Tocar\u00e1n el domingo 6 de mayo en el escenario principal de este importante festival que se realizar\u00e1 este fin de semana en el D.F. Mexicano.\" \/>\n<meta property=\"og:url\" content=\"https:\/\/www.oidossucios.com\/site\/la-tarima-allegro-sigue\/\" \/>\n<meta property=\"og:site_name\" content=\"OidosSucios.Com\" \/>\n<meta property=\"article:published_time\" content=\"2007-05-13T22:33:00+00:00\" \/>\n<meta property=\"og:image\" content=\"https:\/\/www.oidossucios.com\/site\/wp-content\/uploads\/2007\/05\/1221.jpg\" \/>\n\t<meta property=\"og:image:width\" content=\"290\" \/>\n\t<meta property=\"og:image:height\" content=\"100\" \/>\n<meta name=\"twitter:card\" content=\"summary_large_image\" \/>\n<meta name=\"twitter:creator\" content=\"@oidossucios\" \/>\n<script type=\"application\/ld+json\" class=\"yoast-schema-graph\">{\"@context\":\"https:\/\/schema.org\",\"@graph\":[{\"@type\":\"WebSite\",\"@id\":\"https:\/\/www.oidossucios.com\/site\/#website\",\"url\":\"https:\/\/www.oidossucios.com\/site\/\",\"name\":\"OidosSucios.Com\",\"description\":\"M\\u00fasica, conciertos, discos\",\"potentialAction\":[{\"@type\":\"SearchAction\",\"target\":\"https:\/\/www.oidossucios.com\/site\/?s={search_term_string}\",\"query-input\":\"required name=search_term_string\"}],\"inLanguage\":\"es\"},{\"@type\":\"ImageObject\",\"@id\":\"https:\/\/www.oidossucios.com\/site\/la-tarima-allegro-sigue\/#primaryimage\",\"inLanguage\":\"es\",\"url\":\"https:\/\/www.oidossucios.com\/site\/wp-content\/uploads\/2007\/05\/1221.jpg\",\"width\":290,\"height\":100},{\"@type\":\"WebPage\",\"@id\":\"https:\/\/www.oidossucios.com\/site\/la-tarima-allegro-sigue\/#webpage\",\"url\":\"https:\/\/www.oidossucios.com\/site\/la-tarima-allegro-sigue\/\",\"name\":\"La Tarima Allegro sigue... - OidosSucios.Com\",\"isPartOf\":{\"@id\":\"https:\/\/www.oidossucios.com\/site\/#website\"},\"primaryImageOfPage\":{\"@id\":\"https:\/\/www.oidossucios.com\/site\/la-tarima-allegro-sigue\/#primaryimage\"},\"datePublished\":\"2007-05-13T22:33:00+00:00\",\"dateModified\":\"2007-05-13T22:33:00+00:00\",\"author\":{\"@id\":\"https:\/\/www.oidossucios.com\/site\/#\/schema\/person\/24559eeb76bf83a63296fb072393a688\"},\"description\":\"Tocar\\u00e1n el domingo 6 de mayo en el escenario principal de este importante festival que se realizar\\u00e1 este fin de semana en el D.F. Mexicano.\",\"inLanguage\":\"es\",\"potentialAction\":[{\"@type\":\"ReadAction\",\"target\":[\"https:\/\/www.oidossucios.com\/site\/la-tarima-allegro-sigue\/\"]}]},{\"@type\":[\"Person\"],\"@id\":\"https:\/\/www.oidossucios.com\/site\/#\/schema\/person\/24559eeb76bf83a63296fb072393a688\",\"name\":\"Oidossucios\",\"image\":{\"@type\":\"ImageObject\",\"@id\":\"https:\/\/www.oidossucios.com\/site\/#personlogo\",\"inLanguage\":\"es\",\"url\":\"https:\/\/secure.gravatar.com\/avatar\/74fcb480f42f1a33e50a0b6e6369a3f907be2e43dc84fa5f76c66e9c22b4a5ab?s=96&d=mm&r=g\",\"caption\":\"Oidossucios\"},\"sameAs\":[\"https:\/\/twitter.com\/oidossucios\"]}]}<\/script>\n<!-- \/ Yoast SEO plugin. -->","jetpack_sharing_enabled":true,"_links":{"self":[{"href":"https:\/\/www.oidossucios.com\/site\/wp-json\/wp\/v2\/posts\/1225","targetHints":{"allow":["GET"]}}],"collection":[{"href":"https:\/\/www.oidossucios.com\/site\/wp-json\/wp\/v2\/posts"}],"about":[{"href":"https:\/\/www.oidossucios.com\/site\/wp-json\/wp\/v2\/types\/post"}],"author":[{"embeddable":true,"href":"https:\/\/www.oidossucios.com\/site\/wp-json\/wp\/v2\/users\/4"}],"replies":[{"embeddable":true,"href":"https:\/\/www.oidossucios.com\/site\/wp-json\/wp\/v2\/comments?post=1225"}],"version-history":[{"count":0,"href":"https:\/\/www.oidossucios.com\/site\/wp-json\/wp\/v2\/posts\/1225\/revisions"}],"wp:featuredmedia":[{"embeddable":true,"href":"https:\/\/www.oidossucios.com\/site\/wp-json\/wp\/v2\/media\/100001221"}],"wp:attachment":[{"href":"https:\/\/www.oidossucios.com\/site\/wp-json\/wp\/v2\/media?parent=1225"}],"wp:term":[{"taxonomy":"category","embeddable":true,"href":"https:\/\/www.oidossucios.com\/site\/wp-json\/wp\/v2\/categories?post=1225"},{"taxonomy":"post_tag","embeddable":true,"href":"https:\/\/www.oidossucios.com\/site\/wp-json\/wp\/v2\/tags?post=1225"}],"curies":[{"name":"wp","href":"https:\/\/api.w.org\/{rel}","templated":true}]}}