{"id":1237,"date":"2007-06-06T17:06:00","date_gmt":"2007-06-06T17:06:00","guid":{"rendered":"https:\/\/www.oidossucios.com\/site\/2007\/06\/06\/vuelve-soda\/"},"modified":"2007-06-06T17:06:00","modified_gmt":"2007-06-06T17:06:00","slug":"vuelve-soda","status":"publish","type":"post","link":"https:\/\/www.oidossucios.com\/site\/vuelve-soda\/","title":{"rendered":"\u00a1Vuelve Soda!"},"content":{"rendered":"<p>Gustavo Cerati, Zeta Bossio y Charly Alberti vuelven a los escenarios despu&eacute;s de 10 a&ntilde;os de ausencia para realizar una gira por Latinoam&eacute;rica. Las fechas exactas y lugares para estas presentaciones ser&aacute;n confirmadas en una rueda de prensa que el tr&iacute;o argentino dar&aacute; en los pr&oacute;ximos d&iacute;as.<\/p>\n<p>Diversos medios de comunicaci&oacute;n argentinos afirman que la banda ya ha ensayado y que esta gira contar&aacute; con 12 fechas a realizarse entre noviembre y diciembre de 2007.<\/p>\n<p>De esta manera, los rumores que ven&iacute;an escuch&aacute;ndose desde hace varios a&ntilde;os, pero que se hab&iacute;an intensificado los &uacute;ltimos meses, pasan a convertirse en hechos concretos.<\/p>\n<p>Como es sabido, Soda Stereo se separ&oacute; en septiembre de 1997 luego de hacer una minigira que recorri&oacute; M&eacute;xico, Venezuela, Chile y Argentina y que llev&oacute; por nombre &ldquo;El &Uacute;ltimo Concierto&rdquo;. <\/p>\n<p>En aquellos a&ntilde;os Cerati hab&iacute;a sentenciado: &#8220;No est&aacute;bamos entusiasmados con seguir dando pasos juntos, pero no es una separaci&oacute;n enemistada&#8221;.<\/p>\n","protected":false},"excerpt":{"rendered":"<p>La prensa argentina amaneci\u00f3 hoy confirmando lo que se ven\u00eda especulando en los \u00faltimos meses: Soda Stereo vuelve. Preparan una gira por Latinoam\u00e9rica con 12 presentaciones entre noviembre y diciembre de 2007.<\/p>\n","protected":false},"author":4,"featured_media":100001233,"comment_status":"open","ping_status":"open","sticky":false,"template":"","format":"standard","meta":{"_jetpack_memberships_contains_paid_content":false,"footnotes":""},"categories":[250],"tags":[206],"class_list":["post-1237","post","type-post","status-publish","format-standard","has-post-thumbnail","hentry","category-noticias","tag-nuevas-bandas"],"jetpack_featured_media_url":"https:\/\/www.oidossucios.com\/site\/wp-content\/uploads\/2007\/05\/1233.jpg","yoast_head":"<!-- This site is optimized with the Yoast SEO plugin v14.0.4 - https:\/\/yoast.com\/wordpress\/plugins\/seo\/ -->\n<title>\u00a1Vuelve Soda! - OidosSucios.Com<\/title>\n<meta name=\"description\" content=\"Debido a la actual situaci\u00f3n reinante en el pa\u00eds, la Fundaci\u00f3n Nuevas bandas ha decidido posponer el evento que estaba pautado desde este jueves 31 de mayo hasta el domingo 02 de junio.\" \/>\n<meta name=\"robots\" content=\"index, follow\" \/>\n<meta name=\"googlebot\" content=\"index, follow, max-snippet:-1, max-image-preview:large, max-video-preview:-1\" \/>\n<meta name=\"bingbot\" content=\"index, follow, max-snippet:-1, max-image-preview:large, max-video-preview:-1\" \/>\n<link rel=\"canonical\" href=\"https:\/\/www.oidossucios.com\/site\/vuelve-soda\/\" \/>\n<meta property=\"og:locale\" content=\"es_ES\" \/>\n<meta property=\"og:type\" content=\"article\" \/>\n<meta property=\"og:title\" content=\"\u00a1Vuelve Soda! - OidosSucios.Com\" \/>\n<meta property=\"og:description\" content=\"Debido a la actual situaci\u00f3n reinante en el pa\u00eds, la Fundaci\u00f3n Nuevas bandas ha decidido posponer el evento que estaba pautado desde este jueves 31 de mayo hasta el domingo 02 de junio.\" \/>\n<meta property=\"og:url\" content=\"https:\/\/www.oidossucios.com\/site\/vuelve-soda\/\" \/>\n<meta property=\"og:site_name\" content=\"OidosSucios.Com\" \/>\n<meta property=\"article:published_time\" content=\"2007-06-06T17:06:00+00:00\" \/>\n<meta property=\"og:image\" content=\"https:\/\/www.oidossucios.com\/site\/wp-content\/uploads\/2007\/05\/1233.jpg\" \/>\n\t<meta property=\"og:image:width\" content=\"290\" \/>\n\t<meta property=\"og:image:height\" content=\"100\" \/>\n<meta name=\"twitter:card\" content=\"summary_large_image\" \/>\n<meta name=\"twitter:creator\" content=\"@oidossucios\" \/>\n<script type=\"application\/ld+json\" class=\"yoast-schema-graph\">{\"@context\":\"https:\/\/schema.org\",\"@graph\":[{\"@type\":\"WebSite\",\"@id\":\"https:\/\/www.oidossucios.com\/site\/#website\",\"url\":\"https:\/\/www.oidossucios.com\/site\/\",\"name\":\"OidosSucios.Com\",\"description\":\"M\\u00fasica, conciertos, discos\",\"potentialAction\":[{\"@type\":\"SearchAction\",\"target\":\"https:\/\/www.oidossucios.com\/site\/?s={search_term_string}\",\"query-input\":\"required name=search_term_string\"}],\"inLanguage\":\"es\"},{\"@type\":\"ImageObject\",\"@id\":\"https:\/\/www.oidossucios.com\/site\/vuelve-soda\/#primaryimage\",\"inLanguage\":\"es\",\"url\":\"https:\/\/www.oidossucios.com\/site\/wp-content\/uploads\/2007\/05\/1233.jpg\",\"width\":290,\"height\":100},{\"@type\":\"WebPage\",\"@id\":\"https:\/\/www.oidossucios.com\/site\/vuelve-soda\/#webpage\",\"url\":\"https:\/\/www.oidossucios.com\/site\/vuelve-soda\/\",\"name\":\"\\u00a1Vuelve Soda! - OidosSucios.Com\",\"isPartOf\":{\"@id\":\"https:\/\/www.oidossucios.com\/site\/#website\"},\"primaryImageOfPage\":{\"@id\":\"https:\/\/www.oidossucios.com\/site\/vuelve-soda\/#primaryimage\"},\"datePublished\":\"2007-06-06T17:06:00+00:00\",\"dateModified\":\"2007-06-06T17:06:00+00:00\",\"author\":{\"@id\":\"https:\/\/www.oidossucios.com\/site\/#\/schema\/person\/24559eeb76bf83a63296fb072393a688\"},\"description\":\"Debido a la actual situaci\\u00f3n reinante en el pa\\u00eds, la Fundaci\\u00f3n Nuevas bandas ha decidido posponer el evento que estaba pautado desde este jueves 31 de mayo hasta el domingo 02 de junio.\",\"inLanguage\":\"es\",\"potentialAction\":[{\"@type\":\"ReadAction\",\"target\":[\"https:\/\/www.oidossucios.com\/site\/vuelve-soda\/\"]}]},{\"@type\":[\"Person\"],\"@id\":\"https:\/\/www.oidossucios.com\/site\/#\/schema\/person\/24559eeb76bf83a63296fb072393a688\",\"name\":\"Oidossucios\",\"image\":{\"@type\":\"ImageObject\",\"@id\":\"https:\/\/www.oidossucios.com\/site\/#personlogo\",\"inLanguage\":\"es\",\"url\":\"https:\/\/secure.gravatar.com\/avatar\/74fcb480f42f1a33e50a0b6e6369a3f907be2e43dc84fa5f76c66e9c22b4a5ab?s=96&d=mm&r=g\",\"caption\":\"Oidossucios\"},\"sameAs\":[\"https:\/\/twitter.com\/oidossucios\"]}]}<\/script>\n<!-- \/ Yoast SEO plugin. -->","jetpack_sharing_enabled":true,"_links":{"self":[{"href":"https:\/\/www.oidossucios.com\/site\/wp-json\/wp\/v2\/posts\/1237","targetHints":{"allow":["GET"]}}],"collection":[{"href":"https:\/\/www.oidossucios.com\/site\/wp-json\/wp\/v2\/posts"}],"about":[{"href":"https:\/\/www.oidossucios.com\/site\/wp-json\/wp\/v2\/types\/post"}],"author":[{"embeddable":true,"href":"https:\/\/www.oidossucios.com\/site\/wp-json\/wp\/v2\/users\/4"}],"replies":[{"embeddable":true,"href":"https:\/\/www.oidossucios.com\/site\/wp-json\/wp\/v2\/comments?post=1237"}],"version-history":[{"count":0,"href":"https:\/\/www.oidossucios.com\/site\/wp-json\/wp\/v2\/posts\/1237\/revisions"}],"wp:featuredmedia":[{"embeddable":true,"href":"https:\/\/www.oidossucios.com\/site\/wp-json\/wp\/v2\/media\/100001233"}],"wp:attachment":[{"href":"https:\/\/www.oidossucios.com\/site\/wp-json\/wp\/v2\/media?parent=1237"}],"wp:term":[{"taxonomy":"category","embeddable":true,"href":"https:\/\/www.oidossucios.com\/site\/wp-json\/wp\/v2\/categories?post=1237"},{"taxonomy":"post_tag","embeddable":true,"href":"https:\/\/www.oidossucios.com\/site\/wp-json\/wp\/v2\/tags?post=1237"}],"curies":[{"name":"wp","href":"https:\/\/api.w.org\/{rel}","templated":true}]}}