{"id":1239,"date":"2007-06-09T03:54:00","date_gmt":"2007-06-09T03:54:00","guid":{"rendered":"https:\/\/www.oidossucios.com\/site\/2007\/06\/09\/se-reanuda-la-tarima-allegro\/"},"modified":"2007-06-09T03:54:00","modified_gmt":"2007-06-09T03:54:00","slug":"se-reanuda-la-tarima-allegro","status":"publish","type":"post","link":"https:\/\/www.oidossucios.com\/site\/se-reanuda-la-tarima-allegro\/","title":{"rendered":"Se reanuda la tarima Allegro"},"content":{"rendered":"<p>Despu\u00e9s de los hechos que han transcurrido en el pa\u00eds y la alta tensi\u00f3n en las calles, los productores de este ciclo decidieron suspender la agenda, posponi\u00e9ndose as\u00ed las presentaciones de Hagane y La Fe, a quienes les correspond\u00eda presentarse el s\u00e1bado pasado (ambas agrupaciones tendr\u00e1n nueva fecha).<\/p>\n<p>Sin embargo, a pesar de las manifestaciones que a\u00fan siguen latentes en las calles caraque\u00f1as, la producci\u00f3n  de Rock en \u00d1 junto con el apoyo de OidosSucios.Com, ha decidido retomar esta actividad, con el fin de continuar con la agenda pautada y seguir recreando las tardes sabatinas con talento nacional, y en aras de la libertad de expresi\u00f3n.<\/p>\n<p>Para este s\u00e1bado 9 de junio, le corresponde el turno a Lado B a las 3:00 pm en Allegro de Chaca\u00edto, y Electrocirkus con cita a las 4:30 pm en Allegro del C.C. San Ignacio.<\/p>\n<p>Las presentaciones para junio ser\u00e1n las siguientes:<\/p>\n<p>Allegro Chaca\u00edto:<\/p>\n<p>16\/06: Cricket 27 <br \/>23\/06: Sin Sospechas <br \/>30\/06: Kinesia <\/p>\n<p>Allegro San Ignacio:<\/p>\n<p>16\/06: Mojo Pojo <br \/>23\/06: Samantha Dagnino <br \/>30\/06: Deja Vu<\/p>\n","protected":false},"excerpt":{"rendered":"<p>Este s\u00e1bado se presentar\u00e1n Lado B en la tienda de Chaca\u00edto, y Elektrocircus en Allegro del San Ignacio.<\/p>\n","protected":false},"author":4,"featured_media":100001235,"comment_status":"open","ping_status":"open","sticky":false,"template":"","format":"standard","meta":{"_jetpack_memberships_contains_paid_content":false,"footnotes":""},"categories":[250],"tags":[451],"class_list":["post-1239","post","type-post","status-publish","format-standard","has-post-thumbnail","hentry","category-noticias","tag-allegro"],"jetpack_featured_media_url":"https:\/\/www.oidossucios.com\/site\/wp-content\/uploads\/2007\/06\/1235.jpg","yoast_head":"<!-- This site is optimized with the Yoast SEO plugin v14.0.4 - https:\/\/yoast.com\/wordpress\/plugins\/seo\/ -->\n<title>Se reanuda la tarima Allegro - OidosSucios.Com<\/title>\n<meta name=\"description\" content=\"Una serie de eventos que se repetir\u00e1n todos los domingos del mes de junio en el conocido local La Cigarra comienza este domingo. Los conciertos son para todas las edades.\" \/>\n<meta name=\"robots\" content=\"index, follow\" \/>\n<meta name=\"googlebot\" content=\"index, follow, max-snippet:-1, max-image-preview:large, max-video-preview:-1\" \/>\n<meta name=\"bingbot\" content=\"index, follow, max-snippet:-1, max-image-preview:large, max-video-preview:-1\" \/>\n<link rel=\"canonical\" href=\"https:\/\/www.oidossucios.com\/site\/se-reanuda-la-tarima-allegro\/\" \/>\n<meta property=\"og:locale\" content=\"es_ES\" \/>\n<meta property=\"og:type\" content=\"article\" \/>\n<meta property=\"og:title\" content=\"Se reanuda la tarima Allegro - OidosSucios.Com\" \/>\n<meta property=\"og:description\" content=\"Una serie de eventos que se repetir\u00e1n todos los domingos del mes de junio en el conocido local La Cigarra comienza este domingo. Los conciertos son para todas las edades.\" \/>\n<meta property=\"og:url\" content=\"https:\/\/www.oidossucios.com\/site\/se-reanuda-la-tarima-allegro\/\" \/>\n<meta property=\"og:site_name\" content=\"OidosSucios.Com\" \/>\n<meta property=\"article:published_time\" content=\"2007-06-09T03:54:00+00:00\" \/>\n<meta property=\"og:image\" content=\"https:\/\/www.oidossucios.com\/site\/wp-content\/uploads\/2007\/06\/1235.jpg\" \/>\n\t<meta property=\"og:image:width\" content=\"290\" \/>\n\t<meta property=\"og:image:height\" content=\"100\" \/>\n<meta name=\"twitter:card\" content=\"summary_large_image\" \/>\n<meta name=\"twitter:creator\" content=\"@oidossucios\" \/>\n<script type=\"application\/ld+json\" class=\"yoast-schema-graph\">{\"@context\":\"https:\/\/schema.org\",\"@graph\":[{\"@type\":\"WebSite\",\"@id\":\"https:\/\/www.oidossucios.com\/site\/#website\",\"url\":\"https:\/\/www.oidossucios.com\/site\/\",\"name\":\"OidosSucios.Com\",\"description\":\"M\\u00fasica, conciertos, discos\",\"potentialAction\":[{\"@type\":\"SearchAction\",\"target\":\"https:\/\/www.oidossucios.com\/site\/?s={search_term_string}\",\"query-input\":\"required name=search_term_string\"}],\"inLanguage\":\"es\"},{\"@type\":\"ImageObject\",\"@id\":\"https:\/\/www.oidossucios.com\/site\/se-reanuda-la-tarima-allegro\/#primaryimage\",\"inLanguage\":\"es\",\"url\":\"https:\/\/www.oidossucios.com\/site\/wp-content\/uploads\/2007\/06\/1235.jpg\",\"width\":290,\"height\":100},{\"@type\":\"WebPage\",\"@id\":\"https:\/\/www.oidossucios.com\/site\/se-reanuda-la-tarima-allegro\/#webpage\",\"url\":\"https:\/\/www.oidossucios.com\/site\/se-reanuda-la-tarima-allegro\/\",\"name\":\"Se reanuda la tarima Allegro - OidosSucios.Com\",\"isPartOf\":{\"@id\":\"https:\/\/www.oidossucios.com\/site\/#website\"},\"primaryImageOfPage\":{\"@id\":\"https:\/\/www.oidossucios.com\/site\/se-reanuda-la-tarima-allegro\/#primaryimage\"},\"datePublished\":\"2007-06-09T03:54:00+00:00\",\"dateModified\":\"2007-06-09T03:54:00+00:00\",\"author\":{\"@id\":\"https:\/\/www.oidossucios.com\/site\/#\/schema\/person\/24559eeb76bf83a63296fb072393a688\"},\"description\":\"Una serie de eventos que se repetir\\u00e1n todos los domingos del mes de junio en el conocido local La Cigarra comienza este domingo. Los conciertos son para todas las edades.\",\"inLanguage\":\"es\",\"potentialAction\":[{\"@type\":\"ReadAction\",\"target\":[\"https:\/\/www.oidossucios.com\/site\/se-reanuda-la-tarima-allegro\/\"]}]},{\"@type\":[\"Person\"],\"@id\":\"https:\/\/www.oidossucios.com\/site\/#\/schema\/person\/24559eeb76bf83a63296fb072393a688\",\"name\":\"Oidossucios\",\"image\":{\"@type\":\"ImageObject\",\"@id\":\"https:\/\/www.oidossucios.com\/site\/#personlogo\",\"inLanguage\":\"es\",\"url\":\"https:\/\/secure.gravatar.com\/avatar\/74fcb480f42f1a33e50a0b6e6369a3f907be2e43dc84fa5f76c66e9c22b4a5ab?s=96&d=mm&r=g\",\"caption\":\"Oidossucios\"},\"sameAs\":[\"https:\/\/twitter.com\/oidossucios\"]}]}<\/script>\n<!-- \/ Yoast SEO plugin. -->","jetpack_sharing_enabled":true,"_links":{"self":[{"href":"https:\/\/www.oidossucios.com\/site\/wp-json\/wp\/v2\/posts\/1239","targetHints":{"allow":["GET"]}}],"collection":[{"href":"https:\/\/www.oidossucios.com\/site\/wp-json\/wp\/v2\/posts"}],"about":[{"href":"https:\/\/www.oidossucios.com\/site\/wp-json\/wp\/v2\/types\/post"}],"author":[{"embeddable":true,"href":"https:\/\/www.oidossucios.com\/site\/wp-json\/wp\/v2\/users\/4"}],"replies":[{"embeddable":true,"href":"https:\/\/www.oidossucios.com\/site\/wp-json\/wp\/v2\/comments?post=1239"}],"version-history":[{"count":0,"href":"https:\/\/www.oidossucios.com\/site\/wp-json\/wp\/v2\/posts\/1239\/revisions"}],"wp:featuredmedia":[{"embeddable":true,"href":"https:\/\/www.oidossucios.com\/site\/wp-json\/wp\/v2\/media\/100001235"}],"wp:attachment":[{"href":"https:\/\/www.oidossucios.com\/site\/wp-json\/wp\/v2\/media?parent=1239"}],"wp:term":[{"taxonomy":"category","embeddable":true,"href":"https:\/\/www.oidossucios.com\/site\/wp-json\/wp\/v2\/categories?post=1239"},{"taxonomy":"post_tag","embeddable":true,"href":"https:\/\/www.oidossucios.com\/site\/wp-json\/wp\/v2\/tags?post=1239"}],"curies":[{"name":"wp","href":"https:\/\/api.w.org\/{rel}","templated":true}]}}