{"id":1254,"date":"2007-07-04T03:42:00","date_gmt":"2007-07-04T03:42:00","guid":{"rendered":"https:\/\/www.oidossucios.com\/site\/2007\/07\/04\/eddie-vedder-como-solista\/"},"modified":"2007-07-04T03:42:00","modified_gmt":"2007-07-04T03:42:00","slug":"eddie-vedder-como-solista","status":"publish","type":"post","link":"https:\/\/www.oidossucios.com\/site\/eddie-vedder-como-solista\/","title":{"rendered":"Eddie Vedder como solista"},"content":{"rendered":"<p>El vocalista de la agrupaci\u00f3n que sobrevivi\u00f3 al grunge se encuentra finalizando la grabaci\u00f3n de su primer disco como solista, la banda sonora del film &#8220;Into the wild&#8221;, dirigida por Sean Penn.<\/p>\n<p>Tanto la pel\u00edcula, como el disco con la m\u00fasica de Vedder, ver\u00e1n luz p\u00fablica en septiembre. <\/p>\n<p>Antes de este LP, Eddie Vedder hab\u00eda grabado canciones para las pel\u00edculas &#8220;Dead man walking&#8221; y &#8220;I am Sam&#8221;, ambas protagonizadas por Penn.<\/p>\n<p>Contrario a lo que afirman algunas p\u00e1ginas web, fuentes oficiales han confirmado que el l\u00edder de Pearl Jam no aparece en la pel\u00edcula como actor.<\/p>\n","protected":false},"excerpt":{"rendered":"<p>El cantante de Pearl Jam se encuentra finalizando la grabaci\u00f3n de su primer \u00e1lbum como solista: la  banda sonora de la pel\u00edcula &#8220;Into the wild&#8221;, a estrenarse en septiembre.<\/p>\n","protected":false},"author":4,"featured_media":100001250,"comment_status":"open","ping_status":"open","sticky":false,"template":"","format":"standard","meta":{"_jetpack_memberships_contains_paid_content":false,"footnotes":""},"categories":[250],"tags":[485],"class_list":["post-1254","post","type-post","status-publish","format-standard","has-post-thumbnail","hentry","category-noticias","tag-eddie-vedder"],"jetpack_featured_media_url":"https:\/\/www.oidossucios.com\/site\/wp-content\/uploads\/2007\/06\/1250.jpg","yoast_head":"<!-- This site is optimized with the Yoast SEO plugin v14.0.4 - https:\/\/yoast.com\/wordpress\/plugins\/seo\/ -->\n<title>Eddie Vedder como solista - OidosSucios.Com<\/title>\n<meta name=\"description\" content=\"La banda de hardcore metal caraque\u00f1o lanza a la calle su primera placa discogr\u00e1fica, cuyo show case se realizar\u00e1 el viernes 29 de junio en La Cigarra.\" \/>\n<meta name=\"robots\" content=\"index, follow\" \/>\n<meta name=\"googlebot\" content=\"index, follow, max-snippet:-1, max-image-preview:large, max-video-preview:-1\" \/>\n<meta name=\"bingbot\" content=\"index, follow, max-snippet:-1, max-image-preview:large, max-video-preview:-1\" \/>\n<link rel=\"canonical\" href=\"https:\/\/www.oidossucios.com\/site\/eddie-vedder-como-solista\/\" \/>\n<meta property=\"og:locale\" content=\"es_ES\" \/>\n<meta property=\"og:type\" content=\"article\" \/>\n<meta property=\"og:title\" content=\"Eddie Vedder como solista - OidosSucios.Com\" \/>\n<meta property=\"og:description\" content=\"La banda de hardcore metal caraque\u00f1o lanza a la calle su primera placa discogr\u00e1fica, cuyo show case se realizar\u00e1 el viernes 29 de junio en La Cigarra.\" \/>\n<meta property=\"og:url\" content=\"https:\/\/www.oidossucios.com\/site\/eddie-vedder-como-solista\/\" \/>\n<meta property=\"og:site_name\" content=\"OidosSucios.Com\" \/>\n<meta property=\"article:published_time\" content=\"2007-07-04T03:42:00+00:00\" \/>\n<meta property=\"og:image\" content=\"https:\/\/www.oidossucios.com\/site\/wp-content\/uploads\/2007\/06\/1250.jpg\" \/>\n\t<meta property=\"og:image:width\" content=\"290\" \/>\n\t<meta property=\"og:image:height\" content=\"100\" \/>\n<meta name=\"twitter:card\" content=\"summary_large_image\" \/>\n<meta name=\"twitter:creator\" content=\"@oidossucios\" \/>\n<script type=\"application\/ld+json\" class=\"yoast-schema-graph\">{\"@context\":\"https:\/\/schema.org\",\"@graph\":[{\"@type\":\"WebSite\",\"@id\":\"https:\/\/www.oidossucios.com\/site\/#website\",\"url\":\"https:\/\/www.oidossucios.com\/site\/\",\"name\":\"OidosSucios.Com\",\"description\":\"M\\u00fasica, conciertos, discos\",\"potentialAction\":[{\"@type\":\"SearchAction\",\"target\":\"https:\/\/www.oidossucios.com\/site\/?s={search_term_string}\",\"query-input\":\"required name=search_term_string\"}],\"inLanguage\":\"es\"},{\"@type\":\"ImageObject\",\"@id\":\"https:\/\/www.oidossucios.com\/site\/eddie-vedder-como-solista\/#primaryimage\",\"inLanguage\":\"es\",\"url\":\"https:\/\/www.oidossucios.com\/site\/wp-content\/uploads\/2007\/06\/1250.jpg\",\"width\":290,\"height\":100},{\"@type\":\"WebPage\",\"@id\":\"https:\/\/www.oidossucios.com\/site\/eddie-vedder-como-solista\/#webpage\",\"url\":\"https:\/\/www.oidossucios.com\/site\/eddie-vedder-como-solista\/\",\"name\":\"Eddie Vedder como solista - OidosSucios.Com\",\"isPartOf\":{\"@id\":\"https:\/\/www.oidossucios.com\/site\/#website\"},\"primaryImageOfPage\":{\"@id\":\"https:\/\/www.oidossucios.com\/site\/eddie-vedder-como-solista\/#primaryimage\"},\"datePublished\":\"2007-07-04T03:42:00+00:00\",\"dateModified\":\"2007-07-04T03:42:00+00:00\",\"author\":{\"@id\":\"https:\/\/www.oidossucios.com\/site\/#\/schema\/person\/24559eeb76bf83a63296fb072393a688\"},\"description\":\"La banda de hardcore metal caraque\\u00f1o lanza a la calle su primera placa discogr\\u00e1fica, cuyo show case se realizar\\u00e1 el viernes 29 de junio en La Cigarra.\",\"inLanguage\":\"es\",\"potentialAction\":[{\"@type\":\"ReadAction\",\"target\":[\"https:\/\/www.oidossucios.com\/site\/eddie-vedder-como-solista\/\"]}]},{\"@type\":[\"Person\"],\"@id\":\"https:\/\/www.oidossucios.com\/site\/#\/schema\/person\/24559eeb76bf83a63296fb072393a688\",\"name\":\"Oidossucios\",\"image\":{\"@type\":\"ImageObject\",\"@id\":\"https:\/\/www.oidossucios.com\/site\/#personlogo\",\"inLanguage\":\"es\",\"url\":\"https:\/\/secure.gravatar.com\/avatar\/74fcb480f42f1a33e50a0b6e6369a3f907be2e43dc84fa5f76c66e9c22b4a5ab?s=96&d=mm&r=g\",\"caption\":\"Oidossucios\"},\"sameAs\":[\"https:\/\/twitter.com\/oidossucios\"]}]}<\/script>\n<!-- \/ Yoast SEO plugin. -->","jetpack_sharing_enabled":true,"_links":{"self":[{"href":"https:\/\/www.oidossucios.com\/site\/wp-json\/wp\/v2\/posts\/1254","targetHints":{"allow":["GET"]}}],"collection":[{"href":"https:\/\/www.oidossucios.com\/site\/wp-json\/wp\/v2\/posts"}],"about":[{"href":"https:\/\/www.oidossucios.com\/site\/wp-json\/wp\/v2\/types\/post"}],"author":[{"embeddable":true,"href":"https:\/\/www.oidossucios.com\/site\/wp-json\/wp\/v2\/users\/4"}],"replies":[{"embeddable":true,"href":"https:\/\/www.oidossucios.com\/site\/wp-json\/wp\/v2\/comments?post=1254"}],"version-history":[{"count":0,"href":"https:\/\/www.oidossucios.com\/site\/wp-json\/wp\/v2\/posts\/1254\/revisions"}],"wp:featuredmedia":[{"embeddable":true,"href":"https:\/\/www.oidossucios.com\/site\/wp-json\/wp\/v2\/media\/100001250"}],"wp:attachment":[{"href":"https:\/\/www.oidossucios.com\/site\/wp-json\/wp\/v2\/media?parent=1254"}],"wp:term":[{"taxonomy":"category","embeddable":true,"href":"https:\/\/www.oidossucios.com\/site\/wp-json\/wp\/v2\/categories?post=1254"},{"taxonomy":"post_tag","embeddable":true,"href":"https:\/\/www.oidossucios.com\/site\/wp-json\/wp\/v2\/tags?post=1254"}],"curies":[{"name":"wp","href":"https:\/\/api.w.org\/{rel}","templated":true}]}}