{"id":1256,"date":"2007-07-07T14:34:00","date_gmt":"2007-07-07T14:34:00","guid":{"rendered":"https:\/\/www.oidossucios.com\/site\/2007\/07\/07\/la-tarima-allegro-pica-y-se-extiende\/"},"modified":"2007-07-07T14:34:00","modified_gmt":"2007-07-07T14:34:00","slug":"la-tarima-allegro-pica-y-se-extiende","status":"publish","type":"post","link":"https:\/\/www.oidossucios.com\/site\/la-tarima-allegro-pica-y-se-extiende\/","title":{"rendered":"La Tarima Allegro pica y se extiende"},"content":{"rendered":"<p>Los productores de estos toques sabatinos, afirmaron que &#8220;a medida que siga llegando material de bandas interesadas en presentarse gratuitamente al p\u00fablico, en los espacios de San Ignacio y Chaca\u00edto, Rock en \u00d1 seguir\u00e1 extendiendo la agenda sin l\u00edmite temporal&#8230; y con lo que ha llegado, este ciclo va para largo&#8221;. El comit\u00e9 de selecci\u00f3n de dicho programa de radio, cuyo espacio es conducido por Ver\u00f3nica G\u00f3mez de lunes a viernes de 10:00 pm por La Mega 107.3 FM, tambi\u00e9n asom\u00f3 la idea de invitar a las bandas del interior a que se unan a este circuito.<\/p>\n<p>Las agrupaciones interesadas, pueden enviar su rider t\u00e9cnico y cd a La Mega en un sobre que diga Rock en \u00d1, o a trav\u00e9s de Oidossucios.com enviando un mail a prensa@oidossucios.com con una direcci\u00f3n web desde donde se pueda escuchar la m\u00fasica que hacen. Esta informaci\u00f3n ser\u00e1 entregada al equipo de producci\u00f3n de estos shows.<\/p>\n<p>La agenda de julio, es la siguiente:<\/p>\n<p>Allegro Chaca\u00edto<\/p>\n<p>7\/07: A\u00e9rea<br \/>14\/07: Skamorphosis<br \/>21\/07: T\u00f4tem<br \/>28\/07: Saliv4<\/p>\n<p>Allegro San Ignacio:<\/p>\n<p>7\/07: Gerardo Rosales (cl\u00ednica de bater\u00eda)<br \/>14\/07: Suite<br \/>21\/07: Din\u00e4mo<br \/>28\/07: Buen Invento<\/p>\n","protected":false},"excerpt":{"rendered":"<p>Los eventos que hasta la fecha han sido producidos por Rock en \u00d1 en los espacios de Allegro Musical, con el apoyo de Oidossucios.com, tienen nueva agenda para el mes de Julio.<\/p>\n","protected":false},"author":4,"featured_media":100001252,"comment_status":"open","ping_status":"open","sticky":false,"template":"","format":"standard","meta":{"_jetpack_memberships_contains_paid_content":false,"footnotes":""},"categories":[250],"tags":[451],"class_list":["post-1256","post","type-post","status-publish","format-standard","has-post-thumbnail","hentry","category-noticias","tag-allegro"],"jetpack_featured_media_url":"https:\/\/www.oidossucios.com\/site\/wp-content\/uploads\/2007\/06\/1252.jpg","yoast_head":"<!-- This site is optimized with the Yoast SEO plugin v14.0.4 - https:\/\/yoast.com\/wordpress\/plugins\/seo\/ -->\n<title>La Tarima Allegro pica y se extiende - OidosSucios.Com<\/title>\n<meta name=\"description\" content=\"El espect\u00e1culo que se realizar\u00e1 el pr\u00f3ximo Mi\u00e9rcoles 4 de Julio del guitarrista Paul Gilbert, se encuentra en su tercera etapa de preventa a un costo de Bs. 150.000.\" \/>\n<meta name=\"robots\" content=\"index, follow\" \/>\n<meta name=\"googlebot\" content=\"index, follow, max-snippet:-1, max-image-preview:large, max-video-preview:-1\" \/>\n<meta name=\"bingbot\" content=\"index, follow, max-snippet:-1, max-image-preview:large, max-video-preview:-1\" \/>\n<link rel=\"canonical\" href=\"https:\/\/www.oidossucios.com\/site\/la-tarima-allegro-pica-y-se-extiende\/\" \/>\n<meta property=\"og:locale\" content=\"es_ES\" \/>\n<meta property=\"og:type\" content=\"article\" \/>\n<meta property=\"og:title\" content=\"La Tarima Allegro pica y se extiende - OidosSucios.Com\" \/>\n<meta property=\"og:description\" content=\"El espect\u00e1culo que se realizar\u00e1 el pr\u00f3ximo Mi\u00e9rcoles 4 de Julio del guitarrista Paul Gilbert, se encuentra en su tercera etapa de preventa a un costo de Bs. 150.000.\" \/>\n<meta property=\"og:url\" content=\"https:\/\/www.oidossucios.com\/site\/la-tarima-allegro-pica-y-se-extiende\/\" \/>\n<meta property=\"og:site_name\" content=\"OidosSucios.Com\" \/>\n<meta property=\"article:published_time\" content=\"2007-07-07T14:34:00+00:00\" \/>\n<meta property=\"og:image\" content=\"https:\/\/www.oidossucios.com\/site\/wp-content\/uploads\/2007\/06\/1252.jpg\" \/>\n\t<meta property=\"og:image:width\" content=\"289\" \/>\n\t<meta property=\"og:image:height\" content=\"100\" \/>\n<meta name=\"twitter:card\" content=\"summary_large_image\" \/>\n<meta name=\"twitter:creator\" content=\"@oidossucios\" \/>\n<script type=\"application\/ld+json\" class=\"yoast-schema-graph\">{\"@context\":\"https:\/\/schema.org\",\"@graph\":[{\"@type\":\"WebSite\",\"@id\":\"https:\/\/www.oidossucios.com\/site\/#website\",\"url\":\"https:\/\/www.oidossucios.com\/site\/\",\"name\":\"OidosSucios.Com\",\"description\":\"M\\u00fasica, conciertos, discos\",\"potentialAction\":[{\"@type\":\"SearchAction\",\"target\":\"https:\/\/www.oidossucios.com\/site\/?s={search_term_string}\",\"query-input\":\"required name=search_term_string\"}],\"inLanguage\":\"es\"},{\"@type\":\"ImageObject\",\"@id\":\"https:\/\/www.oidossucios.com\/site\/la-tarima-allegro-pica-y-se-extiende\/#primaryimage\",\"inLanguage\":\"es\",\"url\":\"https:\/\/www.oidossucios.com\/site\/wp-content\/uploads\/2007\/06\/1252.jpg\",\"width\":289,\"height\":100},{\"@type\":\"WebPage\",\"@id\":\"https:\/\/www.oidossucios.com\/site\/la-tarima-allegro-pica-y-se-extiende\/#webpage\",\"url\":\"https:\/\/www.oidossucios.com\/site\/la-tarima-allegro-pica-y-se-extiende\/\",\"name\":\"La Tarima Allegro pica y se extiende - OidosSucios.Com\",\"isPartOf\":{\"@id\":\"https:\/\/www.oidossucios.com\/site\/#website\"},\"primaryImageOfPage\":{\"@id\":\"https:\/\/www.oidossucios.com\/site\/la-tarima-allegro-pica-y-se-extiende\/#primaryimage\"},\"datePublished\":\"2007-07-07T14:34:00+00:00\",\"dateModified\":\"2007-07-07T14:34:00+00:00\",\"author\":{\"@id\":\"https:\/\/www.oidossucios.com\/site\/#\/schema\/person\/24559eeb76bf83a63296fb072393a688\"},\"description\":\"El espect\\u00e1culo que se realizar\\u00e1 el pr\\u00f3ximo Mi\\u00e9rcoles 4 de Julio del guitarrista Paul Gilbert, se encuentra en su tercera etapa de preventa a un costo de Bs. 150.000.\",\"inLanguage\":\"es\",\"potentialAction\":[{\"@type\":\"ReadAction\",\"target\":[\"https:\/\/www.oidossucios.com\/site\/la-tarima-allegro-pica-y-se-extiende\/\"]}]},{\"@type\":[\"Person\"],\"@id\":\"https:\/\/www.oidossucios.com\/site\/#\/schema\/person\/24559eeb76bf83a63296fb072393a688\",\"name\":\"Oidossucios\",\"image\":{\"@type\":\"ImageObject\",\"@id\":\"https:\/\/www.oidossucios.com\/site\/#personlogo\",\"inLanguage\":\"es\",\"url\":\"https:\/\/secure.gravatar.com\/avatar\/74fcb480f42f1a33e50a0b6e6369a3f907be2e43dc84fa5f76c66e9c22b4a5ab?s=96&d=mm&r=g\",\"caption\":\"Oidossucios\"},\"sameAs\":[\"https:\/\/twitter.com\/oidossucios\"]}]}<\/script>\n<!-- \/ Yoast SEO plugin. -->","jetpack_sharing_enabled":true,"_links":{"self":[{"href":"https:\/\/www.oidossucios.com\/site\/wp-json\/wp\/v2\/posts\/1256","targetHints":{"allow":["GET"]}}],"collection":[{"href":"https:\/\/www.oidossucios.com\/site\/wp-json\/wp\/v2\/posts"}],"about":[{"href":"https:\/\/www.oidossucios.com\/site\/wp-json\/wp\/v2\/types\/post"}],"author":[{"embeddable":true,"href":"https:\/\/www.oidossucios.com\/site\/wp-json\/wp\/v2\/users\/4"}],"replies":[{"embeddable":true,"href":"https:\/\/www.oidossucios.com\/site\/wp-json\/wp\/v2\/comments?post=1256"}],"version-history":[{"count":0,"href":"https:\/\/www.oidossucios.com\/site\/wp-json\/wp\/v2\/posts\/1256\/revisions"}],"wp:featuredmedia":[{"embeddable":true,"href":"https:\/\/www.oidossucios.com\/site\/wp-json\/wp\/v2\/media\/100001252"}],"wp:attachment":[{"href":"https:\/\/www.oidossucios.com\/site\/wp-json\/wp\/v2\/media?parent=1256"}],"wp:term":[{"taxonomy":"category","embeddable":true,"href":"https:\/\/www.oidossucios.com\/site\/wp-json\/wp\/v2\/categories?post=1256"},{"taxonomy":"post_tag","embeddable":true,"href":"https:\/\/www.oidossucios.com\/site\/wp-json\/wp\/v2\/tags?post=1256"}],"curies":[{"name":"wp","href":"https:\/\/api.w.org\/{rel}","templated":true}]}}