{"id":1316,"date":"2007-10-31T05:37:00","date_gmt":"2007-10-31T05:37:00","guid":{"rendered":"https:\/\/www.oidossucios.com\/site\/2007\/10\/31\/famasloop-de-halloween-en-205\/"},"modified":"2007-10-31T05:37:00","modified_gmt":"2007-10-31T05:37:00","slug":"famasloop-de-halloween-en-205","status":"publish","type":"post","link":"https:\/\/www.oidossucios.com\/site\/famasloop-de-halloween-en-205\/","title":{"rendered":"Famasloop de Halloween en 205"},"content":{"rendered":"<p>Luego de su llegada de la gira &#8220;Sonido y luces son nuestras primeras necesidades&#8221;por Argentina, Uruguay y Colombia, la agrupaci\u00f3n Famasloop retornan a tierras caraque\u00f1as para reencontrarse con su p\u00fablico en concierto.<\/p>\n<p>Alain G\u00f3mez (producci\u00f3n, voz, programaci\u00f3n, guitarra), Alejandro Gonz\u00e1lez (producci\u00f3n, programaci\u00f3n, sintetizador), Gabriel Mill\u00e1n (teclado, programaci\u00f3n) y Rafael Urbina (bater\u00eda),  estar\u00e1n ofreciendo su ya conocida mezcla de pop-rock-electr\u00f3nico influenciado  por el trip-hop, hip-hop, tango, jazz, m\u00fasica latina, afro-venezolana, cl\u00e1sica e hind\u00fa.<\/p>\n<p>La banda dice tener material nuevo que piensan iniciar sus grabaciones, mientras tanto, ya est\u00e1n preparando la segunda parte de la gira internacional. El cuarteto creador de los  temas &#8220;Pararrayos&#8221;, &#8220;Avi\u00f3n A&#8221;, &#8220;Lu Arbole&#8221;o &#8220;Mundo&#8221;, espera ofrecer a sus seguidores, curiosos, amantes de la m\u00fasica y todo aquel interesado en apreciar su propuesta el pr\u00f3ximo mi\u00e9rcoles en 205, el repertorio ya grabado y algunos temas nuevos.  <\/p>\n<p>&#8220;3 Casas&#8221;, su primer larga duraci\u00f3n, fue editado a principio de a\u00f1os bajo la producci\u00f3n  de Oswaldo Rodr\u00edguez (Sur Carabella), el argentino Tweety Gonz\u00e1lez, Alain G\u00f3mez y Piti. Gracias a este trabajo discogr\u00e1fico la banda ha incrementado su exposici\u00f3n musical en distintos escenarios para conectar sus ideas conceptuales con todo aquel que se acerque a experimentar esta particular visi\u00f3n art\u00edstica.<\/p>\n","protected":false},"excerpt":{"rendered":"<p>Este mi\u00e9rcoles 31 de Octubre a partir de las 9:00 pm se estar\u00e1n presentado en el local 205 del San Ignacio. La entrada es libre.<\/p>\n","protected":false},"author":4,"featured_media":100001312,"comment_status":"open","ping_status":"open","sticky":false,"template":"","format":"standard","meta":{"_jetpack_memberships_contains_paid_content":false,"footnotes":""},"categories":[250],"tags":[161],"class_list":["post-1316","post","type-post","status-publish","format-standard","has-post-thumbnail","hentry","category-noticias","tag-famasloop"],"jetpack_featured_media_url":"https:\/\/www.oidossucios.com\/site\/wp-content\/uploads\/2007\/10\/1312.jpg","yoast_head":"<!-- This site is optimized with the Yoast SEO plugin v14.0.4 - https:\/\/yoast.com\/wordpress\/plugins\/seo\/ -->\n<title>Famasloop de Halloween en 205 - OidosSucios.Com<\/title>\n<meta name=\"description\" content=\"La primera etapa de preventa para el concierto que Soda Stereo dar\u00e1 el 29 de noviembre en Caracas dur\u00f3 pocas horas en los distintos puntos de venta. La segunda est\u00e1 agotada en casi todas las tiendas.\" \/>\n<meta name=\"robots\" content=\"index, follow\" \/>\n<meta name=\"googlebot\" content=\"index, follow, max-snippet:-1, max-image-preview:large, max-video-preview:-1\" \/>\n<meta name=\"bingbot\" content=\"index, follow, max-snippet:-1, max-image-preview:large, max-video-preview:-1\" \/>\n<link rel=\"canonical\" href=\"https:\/\/www.oidossucios.com\/site\/famasloop-de-halloween-en-205\/\" \/>\n<meta property=\"og:locale\" content=\"es_ES\" \/>\n<meta property=\"og:type\" content=\"article\" \/>\n<meta property=\"og:title\" content=\"Famasloop de Halloween en 205 - OidosSucios.Com\" \/>\n<meta property=\"og:description\" content=\"La primera etapa de preventa para el concierto que Soda Stereo dar\u00e1 el 29 de noviembre en Caracas dur\u00f3 pocas horas en los distintos puntos de venta. La segunda est\u00e1 agotada en casi todas las tiendas.\" \/>\n<meta property=\"og:url\" content=\"https:\/\/www.oidossucios.com\/site\/famasloop-de-halloween-en-205\/\" \/>\n<meta property=\"og:site_name\" content=\"OidosSucios.Com\" \/>\n<meta property=\"article:published_time\" content=\"2007-10-31T05:37:00+00:00\" \/>\n<meta property=\"og:image\" content=\"https:\/\/www.oidossucios.com\/site\/wp-content\/uploads\/2007\/10\/1312.jpg\" \/>\n\t<meta property=\"og:image:width\" content=\"290\" \/>\n\t<meta property=\"og:image:height\" content=\"100\" \/>\n<meta name=\"twitter:card\" content=\"summary_large_image\" \/>\n<meta name=\"twitter:creator\" content=\"@oidossucios\" \/>\n<script type=\"application\/ld+json\" class=\"yoast-schema-graph\">{\"@context\":\"https:\/\/schema.org\",\"@graph\":[{\"@type\":\"WebSite\",\"@id\":\"https:\/\/www.oidossucios.com\/site\/#website\",\"url\":\"https:\/\/www.oidossucios.com\/site\/\",\"name\":\"OidosSucios.Com\",\"description\":\"M\\u00fasica, conciertos, discos\",\"potentialAction\":[{\"@type\":\"SearchAction\",\"target\":\"https:\/\/www.oidossucios.com\/site\/?s={search_term_string}\",\"query-input\":\"required name=search_term_string\"}],\"inLanguage\":\"es\"},{\"@type\":\"ImageObject\",\"@id\":\"https:\/\/www.oidossucios.com\/site\/famasloop-de-halloween-en-205\/#primaryimage\",\"inLanguage\":\"es\",\"url\":\"https:\/\/www.oidossucios.com\/site\/wp-content\/uploads\/2007\/10\/1312.jpg\",\"width\":290,\"height\":100},{\"@type\":\"WebPage\",\"@id\":\"https:\/\/www.oidossucios.com\/site\/famasloop-de-halloween-en-205\/#webpage\",\"url\":\"https:\/\/www.oidossucios.com\/site\/famasloop-de-halloween-en-205\/\",\"name\":\"Famasloop de Halloween en 205 - OidosSucios.Com\",\"isPartOf\":{\"@id\":\"https:\/\/www.oidossucios.com\/site\/#website\"},\"primaryImageOfPage\":{\"@id\":\"https:\/\/www.oidossucios.com\/site\/famasloop-de-halloween-en-205\/#primaryimage\"},\"datePublished\":\"2007-10-31T05:37:00+00:00\",\"dateModified\":\"2007-10-31T05:37:00+00:00\",\"author\":{\"@id\":\"https:\/\/www.oidossucios.com\/site\/#\/schema\/person\/24559eeb76bf83a63296fb072393a688\"},\"description\":\"La primera etapa de preventa para el concierto que Soda Stereo dar\\u00e1 el 29 de noviembre en Caracas dur\\u00f3 pocas horas en los distintos puntos de venta. La segunda est\\u00e1 agotada en casi todas las tiendas.\",\"inLanguage\":\"es\",\"potentialAction\":[{\"@type\":\"ReadAction\",\"target\":[\"https:\/\/www.oidossucios.com\/site\/famasloop-de-halloween-en-205\/\"]}]},{\"@type\":[\"Person\"],\"@id\":\"https:\/\/www.oidossucios.com\/site\/#\/schema\/person\/24559eeb76bf83a63296fb072393a688\",\"name\":\"Oidossucios\",\"image\":{\"@type\":\"ImageObject\",\"@id\":\"https:\/\/www.oidossucios.com\/site\/#personlogo\",\"inLanguage\":\"es\",\"url\":\"https:\/\/secure.gravatar.com\/avatar\/74fcb480f42f1a33e50a0b6e6369a3f907be2e43dc84fa5f76c66e9c22b4a5ab?s=96&d=mm&r=g\",\"caption\":\"Oidossucios\"},\"sameAs\":[\"https:\/\/twitter.com\/oidossucios\"]}]}<\/script>\n<!-- \/ Yoast SEO plugin. -->","jetpack_sharing_enabled":true,"_links":{"self":[{"href":"https:\/\/www.oidossucios.com\/site\/wp-json\/wp\/v2\/posts\/1316","targetHints":{"allow":["GET"]}}],"collection":[{"href":"https:\/\/www.oidossucios.com\/site\/wp-json\/wp\/v2\/posts"}],"about":[{"href":"https:\/\/www.oidossucios.com\/site\/wp-json\/wp\/v2\/types\/post"}],"author":[{"embeddable":true,"href":"https:\/\/www.oidossucios.com\/site\/wp-json\/wp\/v2\/users\/4"}],"replies":[{"embeddable":true,"href":"https:\/\/www.oidossucios.com\/site\/wp-json\/wp\/v2\/comments?post=1316"}],"version-history":[{"count":0,"href":"https:\/\/www.oidossucios.com\/site\/wp-json\/wp\/v2\/posts\/1316\/revisions"}],"wp:featuredmedia":[{"embeddable":true,"href":"https:\/\/www.oidossucios.com\/site\/wp-json\/wp\/v2\/media\/100001312"}],"wp:attachment":[{"href":"https:\/\/www.oidossucios.com\/site\/wp-json\/wp\/v2\/media?parent=1316"}],"wp:term":[{"taxonomy":"category","embeddable":true,"href":"https:\/\/www.oidossucios.com\/site\/wp-json\/wp\/v2\/categories?post=1316"},{"taxonomy":"post_tag","embeddable":true,"href":"https:\/\/www.oidossucios.com\/site\/wp-json\/wp\/v2\/tags?post=1316"}],"curies":[{"name":"wp","href":"https:\/\/api.w.org\/{rel}","templated":true}]}}