{"id":1335,"date":"2007-12-09T05:10:00","date_gmt":"2007-12-09T05:10:00","guid":{"rendered":"https:\/\/www.oidossucios.com\/site\/2007\/12\/09\/en-navidad-tambien-habra-tarima-allegro\/"},"modified":"2007-12-09T05:10:00","modified_gmt":"2007-12-09T05:10:00","slug":"en-navidad-tambien-habra-tarima-allegro","status":"publish","type":"post","link":"https:\/\/www.oidossucios.com\/site\/en-navidad-tambien-habra-tarima-allegro\/","title":{"rendered":"En Navidad tambi\u00e9n habr\u00e1 Tarima Allegro"},"content":{"rendered":"<p>En diciembre culmina el ciclo de presentaciones que s\u00e1bado a s\u00e1bado entretuvo gratuitamente a p\u00fablico adepto al rock nacional, y por otro lado le ense\u00f1\u00f3 algo nuevo a las personas nuevas que simplemente caminaban por la calle y se enganchaban con el sonido que durante este 2007 estuvo presente en Chaca\u00edto y en el Centro Comercial San Ignacio. <\/p>\n<p>La producci\u00f3n del programa radial Rock en \u00d1, transmitido de lunes a viernes a las 10:00 pm por La Mega 10.7.3 FM, afirman que su alianza con Allegro &#8220;podr\u00eda renovarse para el a\u00f1o que viene, ya que ha llegado suficiente material para cubrir un a\u00f1o m\u00e1s, y ser\u00eda justo continuarlo en el nombre de aquellas bandas que han mostrado su inter\u00e9s en presentarse a un p\u00fablico distinto al que siempre frecuenta en locales nocturnos&#8221;.<\/p>\n<p>La Tarima Allegro, evento producido por Rock en \u00d1 y la Fundaci\u00f3n Nuevas Bandas y bajo el apoyo de OidosSucios.Com, este a\u00f1o demostr\u00f3 un ciclo de eventos diferentes al modelo t\u00edpico de festivales NB, con la distinci\u00f3n que en este ciclo se deja a un lado a la competencia por ser ganadores, y se pretende s\u00f3lo amenizar todas las tardes sabatinas en espacios donde los m\u00fasicos suelen comprar instrumentos, y que por lo general son concurridos por personas que suelen pasear por sus alrededores.<\/p>\n<p>Las agrupaciones que se presentar\u00e1n en este mes navide\u00f1o, son las siguientes:<\/p>\n<p>Allegro Chaca\u00edto:<\/p>\n<p>8\/12: Elixen<br \/>15\/12: Soundrise<\/p>\n<p>Allegro San Ignacio:<\/p>\n<p>8\/12: Amansa Guapo<br \/>15\/12: El Sombrero del Abuelo<\/p>\n","protected":false},"excerpt":{"rendered":"<p>En diciembre culmina el ciclo de presentaciones que s\u00e1bado a s\u00e1bado entretuvo gratuitamente a p\u00fablico adepto al rock nacional.<\/p>\n","protected":false},"author":4,"featured_media":100001331,"comment_status":"open","ping_status":"open","sticky":false,"template":"","format":"standard","meta":{"_jetpack_memberships_contains_paid_content":false,"footnotes":""},"categories":[250],"tags":[511],"class_list":["post-1335","post","type-post","status-publish","format-standard","has-post-thumbnail","hentry","category-noticias","tag-allegro-nuevas-bandas"],"jetpack_featured_media_url":"https:\/\/www.oidossucios.com\/site\/wp-content\/uploads\/2007\/11\/1331.jpg","yoast_head":"<!-- This site is optimized with the Yoast SEO plugin v14.0.4 - https:\/\/yoast.com\/wordpress\/plugins\/seo\/ -->\n<title>En Navidad tambi\u00e9n habr\u00e1 Tarima Allegro - OidosSucios.Com<\/title>\n<meta name=\"description\" content=\"Evenpro acaba de informar que la log\u00edstica anunciada para el concierto se ver\u00e1 afectada por un acto que habr\u00e1 esta noche en el Poliedro con la presencia del Presidente de la Rep\u00fablica. La \u00fanica forma de llegar a la Rinconada ser\u00e1 en metro o autob\u00fas.\" \/>\n<meta name=\"robots\" content=\"index, follow\" \/>\n<meta name=\"googlebot\" content=\"index, follow, max-snippet:-1, max-image-preview:large, max-video-preview:-1\" \/>\n<meta name=\"bingbot\" content=\"index, follow, max-snippet:-1, max-image-preview:large, max-video-preview:-1\" \/>\n<link rel=\"canonical\" href=\"https:\/\/www.oidossucios.com\/site\/en-navidad-tambien-habra-tarima-allegro\/\" \/>\n<meta property=\"og:locale\" content=\"es_ES\" \/>\n<meta property=\"og:type\" content=\"article\" \/>\n<meta property=\"og:title\" content=\"En Navidad tambi\u00e9n habr\u00e1 Tarima Allegro - OidosSucios.Com\" \/>\n<meta property=\"og:description\" content=\"Evenpro acaba de informar que la log\u00edstica anunciada para el concierto se ver\u00e1 afectada por un acto que habr\u00e1 esta noche en el Poliedro con la presencia del Presidente de la Rep\u00fablica. La \u00fanica forma de llegar a la Rinconada ser\u00e1 en metro o autob\u00fas.\" \/>\n<meta property=\"og:url\" content=\"https:\/\/www.oidossucios.com\/site\/en-navidad-tambien-habra-tarima-allegro\/\" \/>\n<meta property=\"og:site_name\" content=\"OidosSucios.Com\" \/>\n<meta property=\"article:published_time\" content=\"2007-12-09T05:10:00+00:00\" \/>\n<meta property=\"og:image\" content=\"https:\/\/www.oidossucios.com\/site\/wp-content\/uploads\/2007\/11\/1331.jpg\" \/>\n\t<meta property=\"og:image:width\" content=\"290\" \/>\n\t<meta property=\"og:image:height\" content=\"100\" \/>\n<meta name=\"twitter:card\" content=\"summary_large_image\" \/>\n<meta name=\"twitter:creator\" content=\"@oidossucios\" \/>\n<script type=\"application\/ld+json\" class=\"yoast-schema-graph\">{\"@context\":\"https:\/\/schema.org\",\"@graph\":[{\"@type\":\"WebSite\",\"@id\":\"https:\/\/www.oidossucios.com\/site\/#website\",\"url\":\"https:\/\/www.oidossucios.com\/site\/\",\"name\":\"OidosSucios.Com\",\"description\":\"M\\u00fasica, conciertos, discos\",\"potentialAction\":[{\"@type\":\"SearchAction\",\"target\":\"https:\/\/www.oidossucios.com\/site\/?s={search_term_string}\",\"query-input\":\"required name=search_term_string\"}],\"inLanguage\":\"es\"},{\"@type\":\"ImageObject\",\"@id\":\"https:\/\/www.oidossucios.com\/site\/en-navidad-tambien-habra-tarima-allegro\/#primaryimage\",\"inLanguage\":\"es\",\"url\":\"https:\/\/www.oidossucios.com\/site\/wp-content\/uploads\/2007\/11\/1331.jpg\",\"width\":290,\"height\":100},{\"@type\":\"WebPage\",\"@id\":\"https:\/\/www.oidossucios.com\/site\/en-navidad-tambien-habra-tarima-allegro\/#webpage\",\"url\":\"https:\/\/www.oidossucios.com\/site\/en-navidad-tambien-habra-tarima-allegro\/\",\"name\":\"En Navidad tambi\\u00e9n habr\\u00e1 Tarima Allegro - OidosSucios.Com\",\"isPartOf\":{\"@id\":\"https:\/\/www.oidossucios.com\/site\/#website\"},\"primaryImageOfPage\":{\"@id\":\"https:\/\/www.oidossucios.com\/site\/en-navidad-tambien-habra-tarima-allegro\/#primaryimage\"},\"datePublished\":\"2007-12-09T05:10:00+00:00\",\"dateModified\":\"2007-12-09T05:10:00+00:00\",\"author\":{\"@id\":\"https:\/\/www.oidossucios.com\/site\/#\/schema\/person\/24559eeb76bf83a63296fb072393a688\"},\"description\":\"Evenpro acaba de informar que la log\\u00edstica anunciada para el concierto se ver\\u00e1 afectada por un acto que habr\\u00e1 esta noche en el Poliedro con la presencia del Presidente de la Rep\\u00fablica. La \\u00fanica forma de llegar a la Rinconada ser\\u00e1 en metro o autob\\u00fas.\",\"inLanguage\":\"es\",\"potentialAction\":[{\"@type\":\"ReadAction\",\"target\":[\"https:\/\/www.oidossucios.com\/site\/en-navidad-tambien-habra-tarima-allegro\/\"]}]},{\"@type\":[\"Person\"],\"@id\":\"https:\/\/www.oidossucios.com\/site\/#\/schema\/person\/24559eeb76bf83a63296fb072393a688\",\"name\":\"Oidossucios\",\"image\":{\"@type\":\"ImageObject\",\"@id\":\"https:\/\/www.oidossucios.com\/site\/#personlogo\",\"inLanguage\":\"es\",\"url\":\"https:\/\/secure.gravatar.com\/avatar\/74fcb480f42f1a33e50a0b6e6369a3f907be2e43dc84fa5f76c66e9c22b4a5ab?s=96&d=mm&r=g\",\"caption\":\"Oidossucios\"},\"sameAs\":[\"https:\/\/twitter.com\/oidossucios\"]}]}<\/script>\n<!-- \/ Yoast SEO plugin. -->","jetpack_sharing_enabled":true,"_links":{"self":[{"href":"https:\/\/www.oidossucios.com\/site\/wp-json\/wp\/v2\/posts\/1335","targetHints":{"allow":["GET"]}}],"collection":[{"href":"https:\/\/www.oidossucios.com\/site\/wp-json\/wp\/v2\/posts"}],"about":[{"href":"https:\/\/www.oidossucios.com\/site\/wp-json\/wp\/v2\/types\/post"}],"author":[{"embeddable":true,"href":"https:\/\/www.oidossucios.com\/site\/wp-json\/wp\/v2\/users\/4"}],"replies":[{"embeddable":true,"href":"https:\/\/www.oidossucios.com\/site\/wp-json\/wp\/v2\/comments?post=1335"}],"version-history":[{"count":0,"href":"https:\/\/www.oidossucios.com\/site\/wp-json\/wp\/v2\/posts\/1335\/revisions"}],"wp:featuredmedia":[{"embeddable":true,"href":"https:\/\/www.oidossucios.com\/site\/wp-json\/wp\/v2\/media\/100001331"}],"wp:attachment":[{"href":"https:\/\/www.oidossucios.com\/site\/wp-json\/wp\/v2\/media?parent=1335"}],"wp:term":[{"taxonomy":"category","embeddable":true,"href":"https:\/\/www.oidossucios.com\/site\/wp-json\/wp\/v2\/categories?post=1335"},{"taxonomy":"post_tag","embeddable":true,"href":"https:\/\/www.oidossucios.com\/site\/wp-json\/wp\/v2\/tags?post=1335"}],"curies":[{"name":"wp","href":"https:\/\/api.w.org\/{rel}","templated":true}]}}