{"id":1337,"date":"2007-12-11T20:27:00","date_gmt":"2007-12-11T20:27:00","guid":{"rendered":"https:\/\/www.oidossucios.com\/site\/2007\/12\/11\/esta-noche-debuta-cultura-3-en-caracas\/"},"modified":"2007-12-11T20:27:00","modified_gmt":"2007-12-11T20:27:00","slug":"esta-noche-debuta-cultura-3-en-caracas","status":"publish","type":"post","link":"https:\/\/www.oidossucios.com\/site\/esta-noche-debuta-cultura-3-en-caracas\/","title":{"rendered":"Esta noche debuta Cultura 3 en Caracas"},"content":{"rendered":"<p>La agrupaci\u00f3n venezolana radicada en Holanda, ha decidido agregar otra fecha en uno de los locales m\u00e1s concurridos del rock caraque\u00f1o en la actualidad. Hace dos d\u00edas, estuvieron present\u00e1ndose en el local NVV, bajo el nombre de Agresi\u00f3n con motivo de saldar cuentas pasadas y dar su despedida en Caracas como en un principio lo desearon. <\/p>\n<p>Sin embargo, la despedida de Agresi\u00f3n a\u00fan le queda una fecha prometida la cual est\u00e1 pautada dentro de su territorio natal de la banda, es decir, en Maracay; esta presentaci\u00f3n se realizar\u00e1 este s\u00e1bado 15 de diciembre en el Coliseo El Lim\u00f3n, donde compartir\u00e1n tarima junto a Epitafio (banda fundada por Alejandro Londo\u00f1o y Juan Manuel Ferrari), Lev\u00edtico, Jugo Ps\u00edquico, Dinamo, No Name, Bosta, Joan City y Gamelote. <\/p>\n<p>La cita para continuar la bienvenida de Cultura 3 como nueva banda venezolana, ser\u00e1 hoy martes 11 de Diciembre; el local abrir\u00e1 a las 10:00 pm en el Moulin Rouge (Av. Francisco Solano) y el cover se pagar\u00e1 en la puerta. Junto a ellos se presentar\u00e1 la agrupaci\u00f3n holandesa, Pendejo.<\/p>\n","protected":false},"excerpt":{"rendered":"<p>La banda venezolano-holandesa Cultura 3, que se present\u00f3 hace dos d\u00edas en Caracas bajo la extinta figura de Agresi\u00f3n, har\u00e1 la presentaci\u00f3n de su nueva imagen esta noche en Moulin Rouge.<\/p>\n","protected":false},"author":4,"featured_media":100001333,"comment_status":"open","ping_status":"open","sticky":false,"template":"","format":"standard","meta":{"_jetpack_memberships_contains_paid_content":false,"footnotes":""},"categories":[250],"tags":[314],"class_list":["post-1337","post","type-post","status-publish","format-standard","has-post-thumbnail","hentry","category-noticias","tag-agresion"],"jetpack_featured_media_url":"https:\/\/www.oidossucios.com\/site\/wp-content\/uploads\/2007\/12\/1333.jpg","yoast_head":"<!-- This site is optimized with the Yoast SEO plugin v14.0.4 - https:\/\/yoast.com\/wordpress\/plugins\/seo\/ -->\n<title>Esta noche debuta Cultura 3 en Caracas - OidosSucios.Com<\/title>\n<meta name=\"description\" content=\"Armados con material nuevo, listos para grabar un nuevo disco y esperando concretar la segunda parte de su gira internacional &quot;Sonido y luces son nuestras primeras necesidades&quot;, el cuarteto creador de temas como &quot;Pararrayos&quot;; &quot;Avi\u00f3n A&quot;, &quot;Lu Arbole&quot;o &quot;Mundo&quot;: no para de tocar en vivo.\" \/>\n<meta name=\"robots\" content=\"index, follow\" \/>\n<meta name=\"googlebot\" content=\"index, follow, max-snippet:-1, max-image-preview:large, max-video-preview:-1\" \/>\n<meta name=\"bingbot\" content=\"index, follow, max-snippet:-1, max-image-preview:large, max-video-preview:-1\" \/>\n<link rel=\"canonical\" href=\"https:\/\/www.oidossucios.com\/site\/esta-noche-debuta-cultura-3-en-caracas\/\" \/>\n<meta property=\"og:locale\" content=\"es_ES\" \/>\n<meta property=\"og:type\" content=\"article\" \/>\n<meta property=\"og:title\" content=\"Esta noche debuta Cultura 3 en Caracas - OidosSucios.Com\" \/>\n<meta property=\"og:description\" content=\"Armados con material nuevo, listos para grabar un nuevo disco y esperando concretar la segunda parte de su gira internacional &quot;Sonido y luces son nuestras primeras necesidades&quot;, el cuarteto creador de temas como &quot;Pararrayos&quot;; &quot;Avi\u00f3n A&quot;, &quot;Lu Arbole&quot;o &quot;Mundo&quot;: no para de tocar en vivo.\" \/>\n<meta property=\"og:url\" content=\"https:\/\/www.oidossucios.com\/site\/esta-noche-debuta-cultura-3-en-caracas\/\" \/>\n<meta property=\"og:site_name\" content=\"OidosSucios.Com\" \/>\n<meta property=\"article:published_time\" content=\"2007-12-11T20:27:00+00:00\" \/>\n<meta property=\"og:image\" content=\"https:\/\/www.oidossucios.com\/site\/wp-content\/uploads\/2007\/12\/1333.jpg\" \/>\n\t<meta property=\"og:image:width\" content=\"290\" \/>\n\t<meta property=\"og:image:height\" content=\"100\" \/>\n<meta name=\"twitter:card\" content=\"summary_large_image\" \/>\n<meta name=\"twitter:creator\" content=\"@oidossucios\" \/>\n<script type=\"application\/ld+json\" class=\"yoast-schema-graph\">{\"@context\":\"https:\/\/schema.org\",\"@graph\":[{\"@type\":\"WebSite\",\"@id\":\"https:\/\/www.oidossucios.com\/site\/#website\",\"url\":\"https:\/\/www.oidossucios.com\/site\/\",\"name\":\"OidosSucios.Com\",\"description\":\"M\\u00fasica, conciertos, discos\",\"potentialAction\":[{\"@type\":\"SearchAction\",\"target\":\"https:\/\/www.oidossucios.com\/site\/?s={search_term_string}\",\"query-input\":\"required name=search_term_string\"}],\"inLanguage\":\"es\"},{\"@type\":\"ImageObject\",\"@id\":\"https:\/\/www.oidossucios.com\/site\/esta-noche-debuta-cultura-3-en-caracas\/#primaryimage\",\"inLanguage\":\"es\",\"url\":\"https:\/\/www.oidossucios.com\/site\/wp-content\/uploads\/2007\/12\/1333.jpg\",\"width\":290,\"height\":100},{\"@type\":\"WebPage\",\"@id\":\"https:\/\/www.oidossucios.com\/site\/esta-noche-debuta-cultura-3-en-caracas\/#webpage\",\"url\":\"https:\/\/www.oidossucios.com\/site\/esta-noche-debuta-cultura-3-en-caracas\/\",\"name\":\"Esta noche debuta Cultura 3 en Caracas - OidosSucios.Com\",\"isPartOf\":{\"@id\":\"https:\/\/www.oidossucios.com\/site\/#website\"},\"primaryImageOfPage\":{\"@id\":\"https:\/\/www.oidossucios.com\/site\/esta-noche-debuta-cultura-3-en-caracas\/#primaryimage\"},\"datePublished\":\"2007-12-11T20:27:00+00:00\",\"dateModified\":\"2007-12-11T20:27:00+00:00\",\"author\":{\"@id\":\"https:\/\/www.oidossucios.com\/site\/#\/schema\/person\/24559eeb76bf83a63296fb072393a688\"},\"description\":\"Armados con material nuevo, listos para grabar un nuevo disco y esperando concretar la segunda parte de su gira internacional \\\"Sonido y luces son nuestras primeras necesidades\\\", el cuarteto creador de temas como \\\"Pararrayos\\\"; \\\"Avi\\u00f3n A\\\", \\\"Lu Arbole\\\"o \\\"Mundo\\\": no para de tocar en vivo.\",\"inLanguage\":\"es\",\"potentialAction\":[{\"@type\":\"ReadAction\",\"target\":[\"https:\/\/www.oidossucios.com\/site\/esta-noche-debuta-cultura-3-en-caracas\/\"]}]},{\"@type\":[\"Person\"],\"@id\":\"https:\/\/www.oidossucios.com\/site\/#\/schema\/person\/24559eeb76bf83a63296fb072393a688\",\"name\":\"Oidossucios\",\"image\":{\"@type\":\"ImageObject\",\"@id\":\"https:\/\/www.oidossucios.com\/site\/#personlogo\",\"inLanguage\":\"es\",\"url\":\"https:\/\/secure.gravatar.com\/avatar\/74fcb480f42f1a33e50a0b6e6369a3f907be2e43dc84fa5f76c66e9c22b4a5ab?s=96&d=mm&r=g\",\"caption\":\"Oidossucios\"},\"sameAs\":[\"https:\/\/twitter.com\/oidossucios\"]}]}<\/script>\n<!-- \/ Yoast SEO plugin. -->","jetpack_sharing_enabled":true,"_links":{"self":[{"href":"https:\/\/www.oidossucios.com\/site\/wp-json\/wp\/v2\/posts\/1337","targetHints":{"allow":["GET"]}}],"collection":[{"href":"https:\/\/www.oidossucios.com\/site\/wp-json\/wp\/v2\/posts"}],"about":[{"href":"https:\/\/www.oidossucios.com\/site\/wp-json\/wp\/v2\/types\/post"}],"author":[{"embeddable":true,"href":"https:\/\/www.oidossucios.com\/site\/wp-json\/wp\/v2\/users\/4"}],"replies":[{"embeddable":true,"href":"https:\/\/www.oidossucios.com\/site\/wp-json\/wp\/v2\/comments?post=1337"}],"version-history":[{"count":0,"href":"https:\/\/www.oidossucios.com\/site\/wp-json\/wp\/v2\/posts\/1337\/revisions"}],"wp:featuredmedia":[{"embeddable":true,"href":"https:\/\/www.oidossucios.com\/site\/wp-json\/wp\/v2\/media\/100001333"}],"wp:attachment":[{"href":"https:\/\/www.oidossucios.com\/site\/wp-json\/wp\/v2\/media?parent=1337"}],"wp:term":[{"taxonomy":"category","embeddable":true,"href":"https:\/\/www.oidossucios.com\/site\/wp-json\/wp\/v2\/categories?post=1337"},{"taxonomy":"post_tag","embeddable":true,"href":"https:\/\/www.oidossucios.com\/site\/wp-json\/wp\/v2\/tags?post=1337"}],"curies":[{"name":"wp","href":"https:\/\/api.w.org\/{rel}","templated":true}]}}