{"id":1352,"date":"2008-01-14T17:15:00","date_gmt":"2008-01-14T17:15:00","guid":{"rendered":"https:\/\/www.oidossucios.com\/site\/2008\/01\/14\/murio-gabo-bajista-de-babasonicos\/"},"modified":"2008-01-14T17:15:00","modified_gmt":"2008-01-14T17:15:00","slug":"murio-gabo-bajista-de-babasonicos","status":"publish","type":"post","link":"https:\/\/www.oidossucios.com\/site\/murio-gabo-bajista-de-babasonicos\/","title":{"rendered":"Muri\u00f3 &#8216;Gabo&#8217;, bajista de Babas\u00f3nicos"},"content":{"rendered":"<p>Gabriel Mannelli, integrante de la banda de rock argentino Babas\u00f3nicos muri\u00f3 la ma\u00f1ana del s\u00e1bado 12 v\u00edctima de Leucemia, enfermedad con la que ven\u00eda luchando desde hace tiempo.<\/p>\n<p>En el site oficial del grupo se puede leer el siguiente comunicado emitido por sus integrantes: <\/p>\n<p>&#8220;Con mucho dolor comunicamos que en la ma\u00f1ana del s\u00e1bado 12 de enero falleci\u00f3 Gabriel Mannelli, victima de una invasiva enfermedad contra la cual luchaba hace tiempo.<\/p>\n<p>Quienes tuvimos la suerte de conocerlo vamos a extra\u00f1arlo mucho.<\/p>\n<p>Lo recordaremos, seguro, como alguien distinto, que entre muchas cosas se preocupo por hacer del mundo un lugar con m\u00e1s arte.&#8221;<\/p>\n<p>Manelli formaba parte de Babas\u00f3nicos desde sus inicios, a principios de la d\u00e9cada de los 90s, cuando se convirtieron en el grupo insignia del movimiento underground del &#8220;rock s\u00f3nico.&#8221;<\/p>\n<p>Actualmente la banda se prepara para partir los primeros d\u00edas de febrero a Londres, donde van a mezclar su novena producci\u00f3n discogr\u00e1fica.<\/p>\n","protected":false},"excerpt":{"rendered":"<p>Gabriel Mannelli, integrante de la banda de rock argentino Babas\u00f3nicos muri\u00f3 la ma\u00f1ana del s\u00e1bado 12 v\u00edctima de una enfermedad con la cual luchaba desde hace tiempo.<\/p>\n","protected":false},"author":4,"featured_media":100001348,"comment_status":"open","ping_status":"open","sticky":false,"template":"","format":"standard","meta":{"_jetpack_memberships_contains_paid_content":false,"footnotes":""},"categories":[250],"tags":[325],"class_list":["post-1352","post","type-post","status-publish","format-standard","has-post-thumbnail","hentry","category-noticias","tag-babasonicos"],"jetpack_featured_media_url":"https:\/\/www.oidossucios.com\/site\/wp-content\/uploads\/2008\/01\/1348.jpg","yoast_head":"<!-- This site is optimized with the Yoast SEO plugin v14.0.4 - https:\/\/yoast.com\/wordpress\/plugins\/seo\/ -->\n<title>Muri\u00f3 &#039;Gabo&#039;, bajista de Babas\u00f3nicos - OidosSucios.Com<\/title>\n<meta name=\"description\" content=\"El cantante de Pearl Jam aparece por primera vez en solitario en un video y esta vez lo hace para darle soporte al film dirigido por Sean Penn: Into the Wild.\" \/>\n<meta name=\"robots\" content=\"index, follow\" \/>\n<meta name=\"googlebot\" content=\"index, follow, max-snippet:-1, max-image-preview:large, max-video-preview:-1\" \/>\n<meta name=\"bingbot\" content=\"index, follow, max-snippet:-1, max-image-preview:large, max-video-preview:-1\" \/>\n<link rel=\"canonical\" href=\"https:\/\/www.oidossucios.com\/site\/murio-gabo-bajista-de-babasonicos\/\" \/>\n<meta property=\"og:locale\" content=\"es_ES\" \/>\n<meta property=\"og:type\" content=\"article\" \/>\n<meta property=\"og:title\" content=\"Muri\u00f3 &#039;Gabo&#039;, bajista de Babas\u00f3nicos - OidosSucios.Com\" \/>\n<meta property=\"og:description\" content=\"El cantante de Pearl Jam aparece por primera vez en solitario en un video y esta vez lo hace para darle soporte al film dirigido por Sean Penn: Into the Wild.\" \/>\n<meta property=\"og:url\" content=\"https:\/\/www.oidossucios.com\/site\/murio-gabo-bajista-de-babasonicos\/\" \/>\n<meta property=\"og:site_name\" content=\"OidosSucios.Com\" \/>\n<meta property=\"article:published_time\" content=\"2008-01-14T17:15:00+00:00\" \/>\n<meta property=\"og:image\" content=\"https:\/\/www.oidossucios.com\/site\/wp-content\/uploads\/2008\/01\/1348.jpg\" \/>\n\t<meta property=\"og:image:width\" content=\"290\" \/>\n\t<meta property=\"og:image:height\" content=\"100\" \/>\n<meta name=\"twitter:card\" content=\"summary_large_image\" \/>\n<meta name=\"twitter:creator\" content=\"@oidossucios\" \/>\n<script type=\"application\/ld+json\" class=\"yoast-schema-graph\">{\"@context\":\"https:\/\/schema.org\",\"@graph\":[{\"@type\":\"WebSite\",\"@id\":\"https:\/\/www.oidossucios.com\/site\/#website\",\"url\":\"https:\/\/www.oidossucios.com\/site\/\",\"name\":\"OidosSucios.Com\",\"description\":\"M\\u00fasica, conciertos, discos\",\"potentialAction\":[{\"@type\":\"SearchAction\",\"target\":\"https:\/\/www.oidossucios.com\/site\/?s={search_term_string}\",\"query-input\":\"required name=search_term_string\"}],\"inLanguage\":\"es\"},{\"@type\":\"ImageObject\",\"@id\":\"https:\/\/www.oidossucios.com\/site\/murio-gabo-bajista-de-babasonicos\/#primaryimage\",\"inLanguage\":\"es\",\"url\":\"https:\/\/www.oidossucios.com\/site\/wp-content\/uploads\/2008\/01\/1348.jpg\",\"width\":290,\"height\":100},{\"@type\":\"WebPage\",\"@id\":\"https:\/\/www.oidossucios.com\/site\/murio-gabo-bajista-de-babasonicos\/#webpage\",\"url\":\"https:\/\/www.oidossucios.com\/site\/murio-gabo-bajista-de-babasonicos\/\",\"name\":\"Muri\\u00f3 'Gabo', bajista de Babas\\u00f3nicos - OidosSucios.Com\",\"isPartOf\":{\"@id\":\"https:\/\/www.oidossucios.com\/site\/#website\"},\"primaryImageOfPage\":{\"@id\":\"https:\/\/www.oidossucios.com\/site\/murio-gabo-bajista-de-babasonicos\/#primaryimage\"},\"datePublished\":\"2008-01-14T17:15:00+00:00\",\"dateModified\":\"2008-01-14T17:15:00+00:00\",\"author\":{\"@id\":\"https:\/\/www.oidossucios.com\/site\/#\/schema\/person\/24559eeb76bf83a63296fb072393a688\"},\"description\":\"El cantante de Pearl Jam aparece por primera vez en solitario en un video y esta vez lo hace para darle soporte al film dirigido por Sean Penn: Into the Wild.\",\"inLanguage\":\"es\",\"potentialAction\":[{\"@type\":\"ReadAction\",\"target\":[\"https:\/\/www.oidossucios.com\/site\/murio-gabo-bajista-de-babasonicos\/\"]}]},{\"@type\":[\"Person\"],\"@id\":\"https:\/\/www.oidossucios.com\/site\/#\/schema\/person\/24559eeb76bf83a63296fb072393a688\",\"name\":\"Oidossucios\",\"image\":{\"@type\":\"ImageObject\",\"@id\":\"https:\/\/www.oidossucios.com\/site\/#personlogo\",\"inLanguage\":\"es\",\"url\":\"https:\/\/secure.gravatar.com\/avatar\/74fcb480f42f1a33e50a0b6e6369a3f907be2e43dc84fa5f76c66e9c22b4a5ab?s=96&d=mm&r=g\",\"caption\":\"Oidossucios\"},\"sameAs\":[\"https:\/\/twitter.com\/oidossucios\"]}]}<\/script>\n<!-- \/ Yoast SEO plugin. -->","jetpack_sharing_enabled":true,"_links":{"self":[{"href":"https:\/\/www.oidossucios.com\/site\/wp-json\/wp\/v2\/posts\/1352","targetHints":{"allow":["GET"]}}],"collection":[{"href":"https:\/\/www.oidossucios.com\/site\/wp-json\/wp\/v2\/posts"}],"about":[{"href":"https:\/\/www.oidossucios.com\/site\/wp-json\/wp\/v2\/types\/post"}],"author":[{"embeddable":true,"href":"https:\/\/www.oidossucios.com\/site\/wp-json\/wp\/v2\/users\/4"}],"replies":[{"embeddable":true,"href":"https:\/\/www.oidossucios.com\/site\/wp-json\/wp\/v2\/comments?post=1352"}],"version-history":[{"count":0,"href":"https:\/\/www.oidossucios.com\/site\/wp-json\/wp\/v2\/posts\/1352\/revisions"}],"wp:featuredmedia":[{"embeddable":true,"href":"https:\/\/www.oidossucios.com\/site\/wp-json\/wp\/v2\/media\/100001348"}],"wp:attachment":[{"href":"https:\/\/www.oidossucios.com\/site\/wp-json\/wp\/v2\/media?parent=1352"}],"wp:term":[{"taxonomy":"category","embeddable":true,"href":"https:\/\/www.oidossucios.com\/site\/wp-json\/wp\/v2\/categories?post=1352"},{"taxonomy":"post_tag","embeddable":true,"href":"https:\/\/www.oidossucios.com\/site\/wp-json\/wp\/v2\/tags?post=1352"}],"curies":[{"name":"wp","href":"https:\/\/api.w.org\/{rel}","templated":true}]}}