{"id":1388,"date":"2008-03-19T19:32:00","date_gmt":"2008-03-19T19:32:00","guid":{"rendered":"https:\/\/www.oidossucios.com\/site\/2008\/03\/19\/se-aplaza-gira-latinoamericana-de-lenny-kravitz\/"},"modified":"2008-03-19T19:32:00","modified_gmt":"2008-03-19T19:32:00","slug":"se-aplaza-gira-latinoamericana-de-lenny-kravitz","status":"publish","type":"post","link":"https:\/\/www.oidossucios.com\/site\/se-aplaza-gira-latinoamericana-de-lenny-kravitz\/","title":{"rendered":"Se aplaza gira latinoamericana de Lenny Kravitz"},"content":{"rendered":"<p>Los fans latinoamericanos de Lenny Kravitz tendr\u00e1n que esperar para poder ver a su artista. El reconocido cantante afroamericano ha tenido que suspender en su totalidad la gira que ten\u00eda armada por la regi\u00f3n debido a problemas de salud.<\/p>\n<p>La productora venezolana Evenpro, encargada del show del cantante en Colombia, ha enviado la siguiente nota de prensa a los medios:<\/p>\n<p>&#8220;Queremos comunicar al p\u00fablico en general y a los medios, que para infortunio nuestro y de sus fans, nos vemos en la penosa situaci\u00f3n de informar que Lenny Kravitz ha decidido aplazar el total de su gira latinoamericana programada para el mes de abril del presente.<\/p>\n<p>El artista ha aducido delicados problemas de salud, haciendo uso del recurso de fuerza mayor para congelar la gira. Esto mismo hizo d\u00edas atr\u00e1s cuando cancel\u00f3 varias de sus presentaciones en Estados Unidos por sus problemas de bronquitis que lo obligaron a internarse en un hospital.<\/p>\n<p>M\u00e9xico, Colombia, Brasil, Chile y Argentina, ciudad esta \u00faltima donde har\u00eda parte del m\u00e1s grande festival de ese pa\u00eds, el Quilmes Rock Fest, son los pa\u00edses damnificados por esta decisi\u00f3n del artista y su representante.&#8221;<\/p>\n","protected":false},"excerpt":{"rendered":"<p>El cantante estadounidense no vendr\u00e1 a latinoam\u00e9rica por los momentos debido a problemas de salud que han venido afect\u00e1ndolo en las \u00faltimas semanas que lo llevaron incluso a estar hospitalizado.<\/p>\n","protected":false},"author":4,"featured_media":100001384,"comment_status":"open","ping_status":"open","sticky":false,"template":"","format":"standard","meta":{"_jetpack_memberships_contains_paid_content":false,"footnotes":""},"categories":[250],"tags":[525],"class_list":["post-1388","post","type-post","status-publish","format-standard","has-post-thumbnail","hentry","category-noticias","tag-lenny-kravitz"],"jetpack_featured_media_url":"https:\/\/www.oidossucios.com\/site\/wp-content\/uploads\/2008\/03\/1384.jpg","yoast_head":"<!-- This site is optimized with the Yoast SEO plugin v14.0.4 - https:\/\/yoast.com\/wordpress\/plugins\/seo\/ -->\n<title>Se aplaza gira latinoamericana de Lenny Kravitz - OidosSucios.Com<\/title>\n<meta name=\"description\" content=\"El sitio web oficial de la banda confirm\u00f3 su visita a Venezuela para el mi\u00e9rcoles 16 de abril en el Poliedro de Caracas. Entradas a la venta desde el jueves 13 de marzo.\" \/>\n<meta name=\"robots\" content=\"index, follow\" \/>\n<meta name=\"googlebot\" content=\"index, follow, max-snippet:-1, max-image-preview:large, max-video-preview:-1\" \/>\n<meta name=\"bingbot\" content=\"index, follow, max-snippet:-1, max-image-preview:large, max-video-preview:-1\" \/>\n<link rel=\"canonical\" href=\"https:\/\/www.oidossucios.com\/site\/se-aplaza-gira-latinoamericana-de-lenny-kravitz\/\" \/>\n<meta property=\"og:locale\" content=\"es_ES\" \/>\n<meta property=\"og:type\" content=\"article\" \/>\n<meta property=\"og:title\" content=\"Se aplaza gira latinoamericana de Lenny Kravitz - OidosSucios.Com\" \/>\n<meta property=\"og:description\" content=\"El sitio web oficial de la banda confirm\u00f3 su visita a Venezuela para el mi\u00e9rcoles 16 de abril en el Poliedro de Caracas. Entradas a la venta desde el jueves 13 de marzo.\" \/>\n<meta property=\"og:url\" content=\"https:\/\/www.oidossucios.com\/site\/se-aplaza-gira-latinoamericana-de-lenny-kravitz\/\" \/>\n<meta property=\"og:site_name\" content=\"OidosSucios.Com\" \/>\n<meta property=\"article:published_time\" content=\"2008-03-19T19:32:00+00:00\" \/>\n<meta property=\"og:image\" content=\"https:\/\/www.oidossucios.com\/site\/wp-content\/uploads\/2008\/03\/1384.jpg\" \/>\n\t<meta property=\"og:image:width\" content=\"290\" \/>\n\t<meta property=\"og:image:height\" content=\"100\" \/>\n<meta name=\"twitter:card\" content=\"summary_large_image\" \/>\n<meta name=\"twitter:creator\" content=\"@oidossucios\" \/>\n<script type=\"application\/ld+json\" class=\"yoast-schema-graph\">{\"@context\":\"https:\/\/schema.org\",\"@graph\":[{\"@type\":\"WebSite\",\"@id\":\"https:\/\/www.oidossucios.com\/site\/#website\",\"url\":\"https:\/\/www.oidossucios.com\/site\/\",\"name\":\"OidosSucios.Com\",\"description\":\"M\\u00fasica, conciertos, discos\",\"potentialAction\":[{\"@type\":\"SearchAction\",\"target\":\"https:\/\/www.oidossucios.com\/site\/?s={search_term_string}\",\"query-input\":\"required name=search_term_string\"}],\"inLanguage\":\"es\"},{\"@type\":\"ImageObject\",\"@id\":\"https:\/\/www.oidossucios.com\/site\/se-aplaza-gira-latinoamericana-de-lenny-kravitz\/#primaryimage\",\"inLanguage\":\"es\",\"url\":\"https:\/\/www.oidossucios.com\/site\/wp-content\/uploads\/2008\/03\/1384.jpg\",\"width\":290,\"height\":100},{\"@type\":\"WebPage\",\"@id\":\"https:\/\/www.oidossucios.com\/site\/se-aplaza-gira-latinoamericana-de-lenny-kravitz\/#webpage\",\"url\":\"https:\/\/www.oidossucios.com\/site\/se-aplaza-gira-latinoamericana-de-lenny-kravitz\/\",\"name\":\"Se aplaza gira latinoamericana de Lenny Kravitz - OidosSucios.Com\",\"isPartOf\":{\"@id\":\"https:\/\/www.oidossucios.com\/site\/#website\"},\"primaryImageOfPage\":{\"@id\":\"https:\/\/www.oidossucios.com\/site\/se-aplaza-gira-latinoamericana-de-lenny-kravitz\/#primaryimage\"},\"datePublished\":\"2008-03-19T19:32:00+00:00\",\"dateModified\":\"2008-03-19T19:32:00+00:00\",\"author\":{\"@id\":\"https:\/\/www.oidossucios.com\/site\/#\/schema\/person\/24559eeb76bf83a63296fb072393a688\"},\"description\":\"El sitio web oficial de la banda confirm\\u00f3 su visita a Venezuela para el mi\\u00e9rcoles 16 de abril en el Poliedro de Caracas. Entradas a la venta desde el jueves 13 de marzo.\",\"inLanguage\":\"es\",\"potentialAction\":[{\"@type\":\"ReadAction\",\"target\":[\"https:\/\/www.oidossucios.com\/site\/se-aplaza-gira-latinoamericana-de-lenny-kravitz\/\"]}]},{\"@type\":[\"Person\"],\"@id\":\"https:\/\/www.oidossucios.com\/site\/#\/schema\/person\/24559eeb76bf83a63296fb072393a688\",\"name\":\"Oidossucios\",\"image\":{\"@type\":\"ImageObject\",\"@id\":\"https:\/\/www.oidossucios.com\/site\/#personlogo\",\"inLanguage\":\"es\",\"url\":\"https:\/\/secure.gravatar.com\/avatar\/74fcb480f42f1a33e50a0b6e6369a3f907be2e43dc84fa5f76c66e9c22b4a5ab?s=96&d=mm&r=g\",\"caption\":\"Oidossucios\"},\"sameAs\":[\"https:\/\/twitter.com\/oidossucios\"]}]}<\/script>\n<!-- \/ Yoast SEO plugin. -->","jetpack_sharing_enabled":true,"_links":{"self":[{"href":"https:\/\/www.oidossucios.com\/site\/wp-json\/wp\/v2\/posts\/1388","targetHints":{"allow":["GET"]}}],"collection":[{"href":"https:\/\/www.oidossucios.com\/site\/wp-json\/wp\/v2\/posts"}],"about":[{"href":"https:\/\/www.oidossucios.com\/site\/wp-json\/wp\/v2\/types\/post"}],"author":[{"embeddable":true,"href":"https:\/\/www.oidossucios.com\/site\/wp-json\/wp\/v2\/users\/4"}],"replies":[{"embeddable":true,"href":"https:\/\/www.oidossucios.com\/site\/wp-json\/wp\/v2\/comments?post=1388"}],"version-history":[{"count":0,"href":"https:\/\/www.oidossucios.com\/site\/wp-json\/wp\/v2\/posts\/1388\/revisions"}],"wp:featuredmedia":[{"embeddable":true,"href":"https:\/\/www.oidossucios.com\/site\/wp-json\/wp\/v2\/media\/100001384"}],"wp:attachment":[{"href":"https:\/\/www.oidossucios.com\/site\/wp-json\/wp\/v2\/media?parent=1388"}],"wp:term":[{"taxonomy":"category","embeddable":true,"href":"https:\/\/www.oidossucios.com\/site\/wp-json\/wp\/v2\/categories?post=1388"},{"taxonomy":"post_tag","embeddable":true,"href":"https:\/\/www.oidossucios.com\/site\/wp-json\/wp\/v2\/tags?post=1388"}],"curies":[{"name":"wp","href":"https:\/\/api.w.org\/{rel}","templated":true}]}}