{"id":1396,"date":"2008-03-26T19:11:00","date_gmt":"2008-03-26T19:11:00","guid":{"rendered":"https:\/\/www.oidossucios.com\/site\/2008\/03\/26\/karma-coma-lanzara-su-primer-disco-por-internet\/"},"modified":"2008-03-26T19:11:00","modified_gmt":"2008-03-26T19:11:00","slug":"karma-coma-lanzara-su-primer-disco-por-internet","status":"publish","type":"post","link":"https:\/\/www.oidossucios.com\/site\/karma-coma-lanzara-su-primer-disco-por-internet\/","title":{"rendered":"Karma Coma lanzar\u00e1 su primer disco por internet"},"content":{"rendered":"<p>Karma Coma, banda barquisimetana que desde el a\u00f1o 2001 ha formado parte de la escena electr\u00f3nica del centro-occidente del pa\u00eds, publicar\u00e1 el 27 de marzo de forma gratuita su primer disco titulado &#8220;Ek\u00e1dasi&#8221;, a trav\u00e9s  de  su myspace oficial.<\/p>\n<p>&#8220;Ek\u00e1dasi&#8221; (Karmahus.2008), grabado y producido de manera independiente, es una antolog\u00eda de 11 canciones que representa las diversas etapas creativas de la agrupaci\u00f3n desde su formaci\u00f3n.<\/p>\n<p>El disco\/Web incluye las 11 canciones en formato Mp3 m\u00e1s 3 archivos PDF con informaci\u00f3n t\u00e9cnica y art\u00edstica, as\u00ed como el arte del disco y car\u00e1tula para imprimir.<\/p>\n<p>Posteriormente ser\u00e1 lanzada una edici\u00f3n f\u00edsica  limitada a manera de disco doble (CD Interactivo+DVD) que contiene informaci\u00f3n  t\u00e9cnica y art\u00edstica, video arte, fotograf\u00edas, video clip y arte grafica.<\/p>\n<p>Karma Coma &#8220;Ek\u00e1dasi&#8221; version disco\/Web podr\u00e1 ser bajado a tr\u00e1ves de la siguiente direcci\u00f3n: www.myspace.com\/thekarmacoma<\/p>\n","protected":false},"excerpt":{"rendered":"<p>La banda barquisimetana publicar\u00e1 el 27 de marzo de forma gratuita su primer disco titulado &#8220;Ek\u00e1dasi&#8221;, a trav\u00e9s de su myspace oficial.<\/p>\n","protected":false},"author":4,"featured_media":100001392,"comment_status":"open","ping_status":"open","sticky":false,"template":"","format":"standard","meta":{"_jetpack_memberships_contains_paid_content":false,"footnotes":""},"categories":[250],"tags":[534],"class_list":["post-1396","post","type-post","status-publish","format-standard","has-post-thumbnail","hentry","category-noticias","tag-karma-coma"],"jetpack_featured_media_url":"https:\/\/www.oidossucios.com\/site\/wp-content\/uploads\/2008\/03\/1392.jpg","yoast_head":"<!-- This site is optimized with the Yoast SEO plugin v14.0.4 - https:\/\/yoast.com\/wordpress\/plugins\/seo\/ -->\n<title>Karma Coma lanzar\u00e1 su primer disco por internet - OidosSucios.Com<\/title>\n<meta name=\"description\" content=\"Vuelve a Venezuela la banda espa\u00f1ola, esta vez con su &quot;Borriquito tour 2008&quot;. El concierto se realizar\u00e1 en el For\u00fam de la capital carabobe\u00f1a el 10 de abril.\" \/>\n<meta name=\"robots\" content=\"index, follow\" \/>\n<meta name=\"googlebot\" content=\"index, follow, max-snippet:-1, max-image-preview:large, max-video-preview:-1\" \/>\n<meta name=\"bingbot\" content=\"index, follow, max-snippet:-1, max-image-preview:large, max-video-preview:-1\" \/>\n<link rel=\"canonical\" href=\"https:\/\/www.oidossucios.com\/site\/karma-coma-lanzara-su-primer-disco-por-internet\/\" \/>\n<meta property=\"og:locale\" content=\"es_ES\" \/>\n<meta property=\"og:type\" content=\"article\" \/>\n<meta property=\"og:title\" content=\"Karma Coma lanzar\u00e1 su primer disco por internet - OidosSucios.Com\" \/>\n<meta property=\"og:description\" content=\"Vuelve a Venezuela la banda espa\u00f1ola, esta vez con su &quot;Borriquito tour 2008&quot;. El concierto se realizar\u00e1 en el For\u00fam de la capital carabobe\u00f1a el 10 de abril.\" \/>\n<meta property=\"og:url\" content=\"https:\/\/www.oidossucios.com\/site\/karma-coma-lanzara-su-primer-disco-por-internet\/\" \/>\n<meta property=\"og:site_name\" content=\"OidosSucios.Com\" \/>\n<meta property=\"article:published_time\" content=\"2008-03-26T19:11:00+00:00\" \/>\n<meta property=\"og:image\" content=\"https:\/\/www.oidossucios.com\/site\/wp-content\/uploads\/2008\/03\/1392.jpg\" \/>\n\t<meta property=\"og:image:width\" content=\"290\" \/>\n\t<meta property=\"og:image:height\" content=\"100\" \/>\n<meta name=\"twitter:card\" content=\"summary_large_image\" \/>\n<meta name=\"twitter:creator\" content=\"@oidossucios\" \/>\n<script type=\"application\/ld+json\" class=\"yoast-schema-graph\">{\"@context\":\"https:\/\/schema.org\",\"@graph\":[{\"@type\":\"WebSite\",\"@id\":\"https:\/\/www.oidossucios.com\/site\/#website\",\"url\":\"https:\/\/www.oidossucios.com\/site\/\",\"name\":\"OidosSucios.Com\",\"description\":\"M\\u00fasica, conciertos, discos\",\"potentialAction\":[{\"@type\":\"SearchAction\",\"target\":\"https:\/\/www.oidossucios.com\/site\/?s={search_term_string}\",\"query-input\":\"required name=search_term_string\"}],\"inLanguage\":\"es\"},{\"@type\":\"ImageObject\",\"@id\":\"https:\/\/www.oidossucios.com\/site\/karma-coma-lanzara-su-primer-disco-por-internet\/#primaryimage\",\"inLanguage\":\"es\",\"url\":\"https:\/\/www.oidossucios.com\/site\/wp-content\/uploads\/2008\/03\/1392.jpg\",\"width\":290,\"height\":100},{\"@type\":\"WebPage\",\"@id\":\"https:\/\/www.oidossucios.com\/site\/karma-coma-lanzara-su-primer-disco-por-internet\/#webpage\",\"url\":\"https:\/\/www.oidossucios.com\/site\/karma-coma-lanzara-su-primer-disco-por-internet\/\",\"name\":\"Karma Coma lanzar\\u00e1 su primer disco por internet - OidosSucios.Com\",\"isPartOf\":{\"@id\":\"https:\/\/www.oidossucios.com\/site\/#website\"},\"primaryImageOfPage\":{\"@id\":\"https:\/\/www.oidossucios.com\/site\/karma-coma-lanzara-su-primer-disco-por-internet\/#primaryimage\"},\"datePublished\":\"2008-03-26T19:11:00+00:00\",\"dateModified\":\"2008-03-26T19:11:00+00:00\",\"author\":{\"@id\":\"https:\/\/www.oidossucios.com\/site\/#\/schema\/person\/24559eeb76bf83a63296fb072393a688\"},\"description\":\"Vuelve a Venezuela la banda espa\\u00f1ola, esta vez con su \\\"Borriquito tour 2008\\\". El concierto se realizar\\u00e1 en el For\\u00fam de la capital carabobe\\u00f1a el 10 de abril.\",\"inLanguage\":\"es\",\"potentialAction\":[{\"@type\":\"ReadAction\",\"target\":[\"https:\/\/www.oidossucios.com\/site\/karma-coma-lanzara-su-primer-disco-por-internet\/\"]}]},{\"@type\":[\"Person\"],\"@id\":\"https:\/\/www.oidossucios.com\/site\/#\/schema\/person\/24559eeb76bf83a63296fb072393a688\",\"name\":\"Oidossucios\",\"image\":{\"@type\":\"ImageObject\",\"@id\":\"https:\/\/www.oidossucios.com\/site\/#personlogo\",\"inLanguage\":\"es\",\"url\":\"https:\/\/secure.gravatar.com\/avatar\/74fcb480f42f1a33e50a0b6e6369a3f907be2e43dc84fa5f76c66e9c22b4a5ab?s=96&d=mm&r=g\",\"caption\":\"Oidossucios\"},\"sameAs\":[\"https:\/\/twitter.com\/oidossucios\"]}]}<\/script>\n<!-- \/ Yoast SEO plugin. -->","jetpack_sharing_enabled":true,"_links":{"self":[{"href":"https:\/\/www.oidossucios.com\/site\/wp-json\/wp\/v2\/posts\/1396","targetHints":{"allow":["GET"]}}],"collection":[{"href":"https:\/\/www.oidossucios.com\/site\/wp-json\/wp\/v2\/posts"}],"about":[{"href":"https:\/\/www.oidossucios.com\/site\/wp-json\/wp\/v2\/types\/post"}],"author":[{"embeddable":true,"href":"https:\/\/www.oidossucios.com\/site\/wp-json\/wp\/v2\/users\/4"}],"replies":[{"embeddable":true,"href":"https:\/\/www.oidossucios.com\/site\/wp-json\/wp\/v2\/comments?post=1396"}],"version-history":[{"count":0,"href":"https:\/\/www.oidossucios.com\/site\/wp-json\/wp\/v2\/posts\/1396\/revisions"}],"wp:featuredmedia":[{"embeddable":true,"href":"https:\/\/www.oidossucios.com\/site\/wp-json\/wp\/v2\/media\/100001392"}],"wp:attachment":[{"href":"https:\/\/www.oidossucios.com\/site\/wp-json\/wp\/v2\/media?parent=1396"}],"wp:term":[{"taxonomy":"category","embeddable":true,"href":"https:\/\/www.oidossucios.com\/site\/wp-json\/wp\/v2\/categories?post=1396"},{"taxonomy":"post_tag","embeddable":true,"href":"https:\/\/www.oidossucios.com\/site\/wp-json\/wp\/v2\/tags?post=1396"}],"curies":[{"name":"wp","href":"https:\/\/api.w.org\/{rel}","templated":true}]}}