{"id":1409,"date":"2008-04-11T19:03:00","date_gmt":"2008-04-11T19:03:00","guid":{"rendered":"https:\/\/www.oidossucios.com\/site\/2008\/04\/11\/the-ataris-y-terror-en-caracas\/"},"modified":"2008-04-11T19:03:00","modified_gmt":"2008-04-11T19:03:00","slug":"the-ataris-y-terror-en-caracas","status":"publish","type":"post","link":"https:\/\/www.oidossucios.com\/site\/the-ataris-y-terror-en-caracas\/","title":{"rendered":"The Ataris y Terror en Caracas"},"content":{"rendered":"<p>The Ataris, representada por su l\u00edder vocalista y guitarrista Kris Roe ofrecer\u00e1 su show en formato ac\u00fastico en el marco de su gira mundial &#8220;Blue Skies &#8230; Broken Hearts 2008&#8243;y se presentar\u00e1 en el local ENVIVO el jueves 24 de abril a las 9 de la noche. Junto a \u00e9l se presentar\u00e1n tambi\u00e9n en ac\u00fastico las bandas venezolanas The Last April y Verona; esta \u00faltima promocionar\u00e1 su nuevo disco &#8220;Anywhere&#8221;. El costo de la entrada en preventa es de Bs 45. El d\u00eda del show estar\u00e1 en 65 Bs.<\/p>\n<p>Por otra parte, tambi\u00e9n en el mismo local ENVIVO se presentar\u00e1 el domingo 18 de Mayo la banda californiana de hardcore Terror, en el marco de su gira suramericana que pisar\u00e1 paises como Ecuador, Colombia, Brasil, Chile, Argentina y Venezuela.<\/p>\n<p>La representaci\u00f3n de Venezuela en esta ocasi\u00f3n estar\u00e1 en manos de las bandas Nods, Dischord y Puck; las entradas tienen una preventa limitada para 300 personas a un precio de 80 Bs. El evento para todas las edades, a partir de las 5pm.<\/p>\n<p>Los puntos de ventas de los tickets para ambos shows son los siguientes:<br \/>Comegato Store (C.C. Plaza Las Americas . Nivel Cristal .El Cafetal Tel 9850161)<br \/>Melomaniac Store (Torre Credicard . Chacaito)<br \/>Rockeadicto (C.C. City Market \/ Oasis Center de Guatire)<br \/>Pitbull Tattoo (C.C 3H . Sabana Grande)<br \/>Clinic Tattoo (Centro San Ignacio)<br \/>Street team (0412 9644712)<\/p>\n","protected":false},"excerpt":{"rendered":"<p>La empresa productora Comegato Producciones, anuncia la venta de entradas para los conciertos del 24 de Abril y 18 de Mayo de las bandas estadounidenses The Ataris y Terror respectivamente.<\/p>\n","protected":false},"author":4,"featured_media":100001405,"comment_status":"open","ping_status":"open","sticky":false,"template":"","format":"standard","meta":{"_jetpack_memberships_contains_paid_content":false,"footnotes":""},"categories":[250],"tags":[542],"class_list":["post-1409","post","type-post","status-publish","format-standard","has-post-thumbnail","hentry","category-noticias","tag-the-ataris"],"jetpack_featured_media_url":"https:\/\/www.oidossucios.com\/site\/wp-content\/uploads\/2008\/04\/1405.jpg","yoast_head":"<!-- This site is optimized with the Yoast SEO plugin v14.0.4 - https:\/\/yoast.com\/wordpress\/plugins\/seo\/ -->\n<title>The Ataris y Terror en Caracas - OidosSucios.Com<\/title>\n<meta name=\"description\" content=\"Vuelve a los escenarios la reconocida agrupaci\u00f3n argentina, tras 6 a\u00f1os ausente del mundo de la m\u00fasica. La gira los llevar\u00e1 por oda Am\u00e9rica Latina, Espa\u00f1a y los Estados Unidos a partir de noviembre.\" \/>\n<meta name=\"robots\" content=\"index, follow\" \/>\n<meta name=\"googlebot\" content=\"index, follow, max-snippet:-1, max-image-preview:large, max-video-preview:-1\" \/>\n<meta name=\"bingbot\" content=\"index, follow, max-snippet:-1, max-image-preview:large, max-video-preview:-1\" \/>\n<link rel=\"canonical\" href=\"https:\/\/www.oidossucios.com\/site\/the-ataris-y-terror-en-caracas\/\" \/>\n<meta property=\"og:locale\" content=\"es_ES\" \/>\n<meta property=\"og:type\" content=\"article\" \/>\n<meta property=\"og:title\" content=\"The Ataris y Terror en Caracas - OidosSucios.Com\" \/>\n<meta property=\"og:description\" content=\"Vuelve a los escenarios la reconocida agrupaci\u00f3n argentina, tras 6 a\u00f1os ausente del mundo de la m\u00fasica. La gira los llevar\u00e1 por oda Am\u00e9rica Latina, Espa\u00f1a y los Estados Unidos a partir de noviembre.\" \/>\n<meta property=\"og:url\" content=\"https:\/\/www.oidossucios.com\/site\/the-ataris-y-terror-en-caracas\/\" \/>\n<meta property=\"og:site_name\" content=\"OidosSucios.Com\" \/>\n<meta property=\"article:published_time\" content=\"2008-04-11T19:03:00+00:00\" \/>\n<meta property=\"og:image\" content=\"https:\/\/www.oidossucios.com\/site\/wp-content\/uploads\/2008\/04\/1405.jpg\" \/>\n\t<meta property=\"og:image:width\" content=\"290\" \/>\n\t<meta property=\"og:image:height\" content=\"100\" \/>\n<meta name=\"twitter:card\" content=\"summary_large_image\" \/>\n<meta name=\"twitter:creator\" content=\"@oidossucios\" \/>\n<script type=\"application\/ld+json\" class=\"yoast-schema-graph\">{\"@context\":\"https:\/\/schema.org\",\"@graph\":[{\"@type\":\"WebSite\",\"@id\":\"https:\/\/www.oidossucios.com\/site\/#website\",\"url\":\"https:\/\/www.oidossucios.com\/site\/\",\"name\":\"OidosSucios.Com\",\"description\":\"M\\u00fasica, conciertos, discos\",\"potentialAction\":[{\"@type\":\"SearchAction\",\"target\":\"https:\/\/www.oidossucios.com\/site\/?s={search_term_string}\",\"query-input\":\"required name=search_term_string\"}],\"inLanguage\":\"es\"},{\"@type\":\"ImageObject\",\"@id\":\"https:\/\/www.oidossucios.com\/site\/the-ataris-y-terror-en-caracas\/#primaryimage\",\"inLanguage\":\"es\",\"url\":\"https:\/\/www.oidossucios.com\/site\/wp-content\/uploads\/2008\/04\/1405.jpg\",\"width\":290,\"height\":100},{\"@type\":\"WebPage\",\"@id\":\"https:\/\/www.oidossucios.com\/site\/the-ataris-y-terror-en-caracas\/#webpage\",\"url\":\"https:\/\/www.oidossucios.com\/site\/the-ataris-y-terror-en-caracas\/\",\"name\":\"The Ataris y Terror en Caracas - OidosSucios.Com\",\"isPartOf\":{\"@id\":\"https:\/\/www.oidossucios.com\/site\/#website\"},\"primaryImageOfPage\":{\"@id\":\"https:\/\/www.oidossucios.com\/site\/the-ataris-y-terror-en-caracas\/#primaryimage\"},\"datePublished\":\"2008-04-11T19:03:00+00:00\",\"dateModified\":\"2008-04-11T19:03:00+00:00\",\"author\":{\"@id\":\"https:\/\/www.oidossucios.com\/site\/#\/schema\/person\/24559eeb76bf83a63296fb072393a688\"},\"description\":\"Vuelve a los escenarios la reconocida agrupaci\\u00f3n argentina, tras 6 a\\u00f1os ausente del mundo de la m\\u00fasica. La gira los llevar\\u00e1 por oda Am\\u00e9rica Latina, Espa\\u00f1a y los Estados Unidos a partir de noviembre.\",\"inLanguage\":\"es\",\"potentialAction\":[{\"@type\":\"ReadAction\",\"target\":[\"https:\/\/www.oidossucios.com\/site\/the-ataris-y-terror-en-caracas\/\"]}]},{\"@type\":[\"Person\"],\"@id\":\"https:\/\/www.oidossucios.com\/site\/#\/schema\/person\/24559eeb76bf83a63296fb072393a688\",\"name\":\"Oidossucios\",\"image\":{\"@type\":\"ImageObject\",\"@id\":\"https:\/\/www.oidossucios.com\/site\/#personlogo\",\"inLanguage\":\"es\",\"url\":\"https:\/\/secure.gravatar.com\/avatar\/74fcb480f42f1a33e50a0b6e6369a3f907be2e43dc84fa5f76c66e9c22b4a5ab?s=96&d=mm&r=g\",\"caption\":\"Oidossucios\"},\"sameAs\":[\"https:\/\/twitter.com\/oidossucios\"]}]}<\/script>\n<!-- \/ Yoast SEO plugin. -->","jetpack_sharing_enabled":true,"_links":{"self":[{"href":"https:\/\/www.oidossucios.com\/site\/wp-json\/wp\/v2\/posts\/1409","targetHints":{"allow":["GET"]}}],"collection":[{"href":"https:\/\/www.oidossucios.com\/site\/wp-json\/wp\/v2\/posts"}],"about":[{"href":"https:\/\/www.oidossucios.com\/site\/wp-json\/wp\/v2\/types\/post"}],"author":[{"embeddable":true,"href":"https:\/\/www.oidossucios.com\/site\/wp-json\/wp\/v2\/users\/4"}],"replies":[{"embeddable":true,"href":"https:\/\/www.oidossucios.com\/site\/wp-json\/wp\/v2\/comments?post=1409"}],"version-history":[{"count":0,"href":"https:\/\/www.oidossucios.com\/site\/wp-json\/wp\/v2\/posts\/1409\/revisions"}],"wp:featuredmedia":[{"embeddable":true,"href":"https:\/\/www.oidossucios.com\/site\/wp-json\/wp\/v2\/media\/100001405"}],"wp:attachment":[{"href":"https:\/\/www.oidossucios.com\/site\/wp-json\/wp\/v2\/media?parent=1409"}],"wp:term":[{"taxonomy":"category","embeddable":true,"href":"https:\/\/www.oidossucios.com\/site\/wp-json\/wp\/v2\/categories?post=1409"},{"taxonomy":"post_tag","embeddable":true,"href":"https:\/\/www.oidossucios.com\/site\/wp-json\/wp\/v2\/tags?post=1409"}],"curies":[{"name":"wp","href":"https:\/\/api.w.org\/{rel}","templated":true}]}}