{"id":1411,"date":"2008-04-13T06:32:00","date_gmt":"2008-04-13T06:32:00","guid":{"rendered":"https:\/\/www.oidossucios.com\/site\/2008\/04\/13\/oidossucios-com-y-evenpro-te-invitan-a-conocer-a-incubus\/"},"modified":"2008-04-13T06:32:00","modified_gmt":"2008-04-13T06:32:00","slug":"oidossucios-com-y-evenpro-te-invitan-a-conocer-a-incubus","status":"publish","type":"post","link":"https:\/\/www.oidossucios.com\/site\/oidossucios-com-y-evenpro-te-invitan-a-conocer-a-incubus\/","title":{"rendered":"OidosSucios.Com y Evenpro te invitan a conocer a Incubus"},"content":{"rendered":"<p>Si ya compraste tu entrada para el concierto de Incubus de este mi\u00e9rcoles,  OidosSucios.Com y Evenpro te invitan a concursar para conocer a los integrantes de la agrupaci\u00f3n y poder tomarte una foto con ellos, minutos antes de su show.<\/p>\n<p>Lo \u00fanico que debes hacer es mandar un email a concursos@oidossucios.com indicando tu nombre completo, n\u00famero de c\u00e9dula, un tel\u00e9fono donde te podamos ubicar y el serial de tu entrada. Es muy importante  que cumplas todos los requisitos para poder concursar. No importa si eres menor de edad.<\/p>\n<p>Si aun no tienes tu entrada a\u00fan tienes chance de adquirirla en Hard Rock Cafe, Recordland (Sambil y CCCT) y Esperanto (CSI, Tolon y El Recreo). En Valencia se pueden comprar en el Fantasy CD Club (Urb. Prebo).<\/p>\n<p>El ganador del concurso ser\u00e1 anunciado en esta misma p\u00e1gina el d\u00eda martes.<\/p>\n","protected":false},"excerpt":{"rendered":"<p>Si ya tienes tu entrada para el concierto, tienes chance hasta el martes para conocer a los integrantes de la agrupaci\u00f3n antes de su concierto en Caracas.<\/p>\n","protected":false},"author":4,"featured_media":100001407,"comment_status":"open","ping_status":"open","sticky":false,"template":"","format":"standard","meta":{"_jetpack_memberships_contains_paid_content":false,"footnotes":""},"categories":[250],"tags":[544],"class_list":["post-1411","post","type-post","status-publish","format-standard","has-post-thumbnail","hentry","category-noticias","tag-brandon-boyd"],"jetpack_featured_media_url":"https:\/\/www.oidossucios.com\/site\/wp-content\/uploads\/2008\/04\/1407.jpg","yoast_head":"<!-- This site is optimized with the Yoast SEO plugin v14.0.4 - https:\/\/yoast.com\/wordpress\/plugins\/seo\/ -->\n<title>OidosSucios.Com y Evenpro te invitan a conocer a Incubus - OidosSucios.Com<\/title>\n<meta name=\"description\" content=\"El canadiense de 48 a\u00f1os de edad realizar\u00e1 una corta y exclusiva presentaci\u00f3n este jueves 10 de Abril en el Local En Vivo. Ser\u00e1 un show privado en la que algunas entradas se estar\u00e1n regalando en algunas emisoras radiales.\" \/>\n<meta name=\"robots\" content=\"index, follow\" \/>\n<meta name=\"googlebot\" content=\"index, follow, max-snippet:-1, max-image-preview:large, max-video-preview:-1\" \/>\n<meta name=\"bingbot\" content=\"index, follow, max-snippet:-1, max-image-preview:large, max-video-preview:-1\" \/>\n<link rel=\"canonical\" href=\"https:\/\/www.oidossucios.com\/site\/oidossucios-com-y-evenpro-te-invitan-a-conocer-a-incubus\/\" \/>\n<meta property=\"og:locale\" content=\"es_ES\" \/>\n<meta property=\"og:type\" content=\"article\" \/>\n<meta property=\"og:title\" content=\"OidosSucios.Com y Evenpro te invitan a conocer a Incubus - OidosSucios.Com\" \/>\n<meta property=\"og:description\" content=\"El canadiense de 48 a\u00f1os de edad realizar\u00e1 una corta y exclusiva presentaci\u00f3n este jueves 10 de Abril en el Local En Vivo. Ser\u00e1 un show privado en la que algunas entradas se estar\u00e1n regalando en algunas emisoras radiales.\" \/>\n<meta property=\"og:url\" content=\"https:\/\/www.oidossucios.com\/site\/oidossucios-com-y-evenpro-te-invitan-a-conocer-a-incubus\/\" \/>\n<meta property=\"og:site_name\" content=\"OidosSucios.Com\" \/>\n<meta property=\"article:published_time\" content=\"2008-04-13T06:32:00+00:00\" \/>\n<meta property=\"og:image\" content=\"https:\/\/www.oidossucios.com\/site\/wp-content\/uploads\/2008\/04\/1407.jpg\" \/>\n\t<meta property=\"og:image:width\" content=\"290\" \/>\n\t<meta property=\"og:image:height\" content=\"100\" \/>\n<meta name=\"twitter:card\" content=\"summary_large_image\" \/>\n<meta name=\"twitter:creator\" content=\"@oidossucios\" \/>\n<script type=\"application\/ld+json\" class=\"yoast-schema-graph\">{\"@context\":\"https:\/\/schema.org\",\"@graph\":[{\"@type\":\"WebSite\",\"@id\":\"https:\/\/www.oidossucios.com\/site\/#website\",\"url\":\"https:\/\/www.oidossucios.com\/site\/\",\"name\":\"OidosSucios.Com\",\"description\":\"M\\u00fasica, conciertos, discos\",\"potentialAction\":[{\"@type\":\"SearchAction\",\"target\":\"https:\/\/www.oidossucios.com\/site\/?s={search_term_string}\",\"query-input\":\"required name=search_term_string\"}],\"inLanguage\":\"es\"},{\"@type\":\"ImageObject\",\"@id\":\"https:\/\/www.oidossucios.com\/site\/oidossucios-com-y-evenpro-te-invitan-a-conocer-a-incubus\/#primaryimage\",\"inLanguage\":\"es\",\"url\":\"https:\/\/www.oidossucios.com\/site\/wp-content\/uploads\/2008\/04\/1407.jpg\",\"width\":290,\"height\":100},{\"@type\":\"WebPage\",\"@id\":\"https:\/\/www.oidossucios.com\/site\/oidossucios-com-y-evenpro-te-invitan-a-conocer-a-incubus\/#webpage\",\"url\":\"https:\/\/www.oidossucios.com\/site\/oidossucios-com-y-evenpro-te-invitan-a-conocer-a-incubus\/\",\"name\":\"OidosSucios.Com y Evenpro te invitan a conocer a Incubus - OidosSucios.Com\",\"isPartOf\":{\"@id\":\"https:\/\/www.oidossucios.com\/site\/#website\"},\"primaryImageOfPage\":{\"@id\":\"https:\/\/www.oidossucios.com\/site\/oidossucios-com-y-evenpro-te-invitan-a-conocer-a-incubus\/#primaryimage\"},\"datePublished\":\"2008-04-13T06:32:00+00:00\",\"dateModified\":\"2008-04-13T06:32:00+00:00\",\"author\":{\"@id\":\"https:\/\/www.oidossucios.com\/site\/#\/schema\/person\/24559eeb76bf83a63296fb072393a688\"},\"description\":\"El canadiense de 48 a\\u00f1os de edad realizar\\u00e1 una corta y exclusiva presentaci\\u00f3n este jueves 10 de Abril en el Local En Vivo. Ser\\u00e1 un show privado en la que algunas entradas se estar\\u00e1n regalando en algunas emisoras radiales.\",\"inLanguage\":\"es\",\"potentialAction\":[{\"@type\":\"ReadAction\",\"target\":[\"https:\/\/www.oidossucios.com\/site\/oidossucios-com-y-evenpro-te-invitan-a-conocer-a-incubus\/\"]}]},{\"@type\":[\"Person\"],\"@id\":\"https:\/\/www.oidossucios.com\/site\/#\/schema\/person\/24559eeb76bf83a63296fb072393a688\",\"name\":\"Oidossucios\",\"image\":{\"@type\":\"ImageObject\",\"@id\":\"https:\/\/www.oidossucios.com\/site\/#personlogo\",\"inLanguage\":\"es\",\"url\":\"https:\/\/secure.gravatar.com\/avatar\/74fcb480f42f1a33e50a0b6e6369a3f907be2e43dc84fa5f76c66e9c22b4a5ab?s=96&d=mm&r=g\",\"caption\":\"Oidossucios\"},\"sameAs\":[\"https:\/\/twitter.com\/oidossucios\"]}]}<\/script>\n<!-- \/ Yoast SEO plugin. -->","jetpack_sharing_enabled":true,"_links":{"self":[{"href":"https:\/\/www.oidossucios.com\/site\/wp-json\/wp\/v2\/posts\/1411","targetHints":{"allow":["GET"]}}],"collection":[{"href":"https:\/\/www.oidossucios.com\/site\/wp-json\/wp\/v2\/posts"}],"about":[{"href":"https:\/\/www.oidossucios.com\/site\/wp-json\/wp\/v2\/types\/post"}],"author":[{"embeddable":true,"href":"https:\/\/www.oidossucios.com\/site\/wp-json\/wp\/v2\/users\/4"}],"replies":[{"embeddable":true,"href":"https:\/\/www.oidossucios.com\/site\/wp-json\/wp\/v2\/comments?post=1411"}],"version-history":[{"count":0,"href":"https:\/\/www.oidossucios.com\/site\/wp-json\/wp\/v2\/posts\/1411\/revisions"}],"wp:featuredmedia":[{"embeddable":true,"href":"https:\/\/www.oidossucios.com\/site\/wp-json\/wp\/v2\/media\/100001407"}],"wp:attachment":[{"href":"https:\/\/www.oidossucios.com\/site\/wp-json\/wp\/v2\/media?parent=1411"}],"wp:term":[{"taxonomy":"category","embeddable":true,"href":"https:\/\/www.oidossucios.com\/site\/wp-json\/wp\/v2\/categories?post=1411"},{"taxonomy":"post_tag","embeddable":true,"href":"https:\/\/www.oidossucios.com\/site\/wp-json\/wp\/v2\/tags?post=1411"}],"curies":[{"name":"wp","href":"https:\/\/api.w.org\/{rel}","templated":true}]}}