{"id":1446,"date":"2008-06-09T00:10:00","date_gmt":"2008-06-09T00:10:00","guid":{"rendered":"https:\/\/www.oidossucios.com\/site\/2008\/06\/09\/el-regreso-de-los-fabulosos-cadillacs-tiene-fecha\/"},"modified":"2008-06-09T00:10:00","modified_gmt":"2008-06-09T00:10:00","slug":"el-regreso-de-los-fabulosos-cadillacs-tiene-fecha","status":"publish","type":"post","link":"https:\/\/www.oidossucios.com\/site\/el-regreso-de-los-fabulosos-cadillacs-tiene-fecha\/","title":{"rendered":"El regreso de los Fabulosos Cadillacs tiene fecha"},"content":{"rendered":"<p>La cuenta regresiva ha comenzando, literalmente hablando. Una campa\u00f1a en diversos medios argentinos, as\u00ed como afiches y vallas en la capital argentina hacen clara referencia a la fecha en que Los Fabulosos Cadillacs volver\u00e1n a los escenarios: el 1 de julio.<\/p>\n<p>El logo utilizado para ilustrar esta vuelta incluye dos signos de exclamaci\u00f3n opuestos en negro sobre un fondo blanco, un motivo gr\u00e1fico que sol\u00edan usar en sus primeros a\u00f1os de carrera. <\/p>\n<p>Se espera que esta primera presentaci\u00f3n se realice en uno de los estadios m\u00e1s importantes de Buenos Aires.<\/p>\n<p>Adem\u00e1s de tocar en vivo y salir de gira por todo el continente, el grupo lanzar\u00e1 un disco con canciones nuevas y algunas versiones de sus temas cl\u00e1sicos.<\/p>\n","protected":false},"excerpt":{"rendered":"<p>Una intensa campa\u00f1a de intriga en Argentina le ha puesto fecha al reencuentro de una de las bandas m\u00e1s importantes en la historia musical del continente.<\/p>\n","protected":false},"author":4,"featured_media":100001442,"comment_status":"open","ping_status":"open","sticky":false,"template":"","format":"standard","meta":{"_jetpack_memberships_contains_paid_content":false,"footnotes":""},"categories":[250],"tags":[539],"class_list":["post-1446","post","type-post","status-publish","format-standard","has-post-thumbnail","hentry","category-noticias","tag-fabulosos-cadillacs"],"jetpack_featured_media_url":"https:\/\/www.oidossucios.com\/site\/wp-content\/uploads\/2008\/06\/1442.jpg","yoast_head":"<!-- This site is optimized with the Yoast SEO plugin v14.0.4 - https:\/\/yoast.com\/wordpress\/plugins\/seo\/ -->\n<title>El regreso de los Fabulosos Cadillacs tiene fecha - OidosSucios.Com<\/title>\n<meta name=\"description\" content=\"El rockero de larga trayectoria no obtuvo los votos necesarios para ser candidato a la Alcald\u00eda de Valencia por el PSUV.\" \/>\n<meta name=\"robots\" content=\"index, follow\" \/>\n<meta name=\"googlebot\" content=\"index, follow, max-snippet:-1, max-image-preview:large, max-video-preview:-1\" \/>\n<meta name=\"bingbot\" content=\"index, follow, max-snippet:-1, max-image-preview:large, max-video-preview:-1\" \/>\n<link rel=\"canonical\" href=\"https:\/\/www.oidossucios.com\/site\/el-regreso-de-los-fabulosos-cadillacs-tiene-fecha\/\" \/>\n<meta property=\"og:locale\" content=\"es_ES\" \/>\n<meta property=\"og:type\" content=\"article\" \/>\n<meta property=\"og:title\" content=\"El regreso de los Fabulosos Cadillacs tiene fecha - OidosSucios.Com\" \/>\n<meta property=\"og:description\" content=\"El rockero de larga trayectoria no obtuvo los votos necesarios para ser candidato a la Alcald\u00eda de Valencia por el PSUV.\" \/>\n<meta property=\"og:url\" content=\"https:\/\/www.oidossucios.com\/site\/el-regreso-de-los-fabulosos-cadillacs-tiene-fecha\/\" \/>\n<meta property=\"og:site_name\" content=\"OidosSucios.Com\" \/>\n<meta property=\"article:published_time\" content=\"2008-06-09T00:10:00+00:00\" \/>\n<meta property=\"og:image\" content=\"https:\/\/www.oidossucios.com\/site\/wp-content\/uploads\/2008\/06\/1442.jpg\" \/>\n\t<meta property=\"og:image:width\" content=\"290\" \/>\n\t<meta property=\"og:image:height\" content=\"100\" \/>\n<meta name=\"twitter:card\" content=\"summary_large_image\" \/>\n<meta name=\"twitter:creator\" content=\"@oidossucios\" \/>\n<script type=\"application\/ld+json\" class=\"yoast-schema-graph\">{\"@context\":\"https:\/\/schema.org\",\"@graph\":[{\"@type\":\"WebSite\",\"@id\":\"https:\/\/www.oidossucios.com\/site\/#website\",\"url\":\"https:\/\/www.oidossucios.com\/site\/\",\"name\":\"OidosSucios.Com\",\"description\":\"M\\u00fasica, conciertos, discos\",\"potentialAction\":[{\"@type\":\"SearchAction\",\"target\":\"https:\/\/www.oidossucios.com\/site\/?s={search_term_string}\",\"query-input\":\"required name=search_term_string\"}],\"inLanguage\":\"es\"},{\"@type\":\"ImageObject\",\"@id\":\"https:\/\/www.oidossucios.com\/site\/el-regreso-de-los-fabulosos-cadillacs-tiene-fecha\/#primaryimage\",\"inLanguage\":\"es\",\"url\":\"https:\/\/www.oidossucios.com\/site\/wp-content\/uploads\/2008\/06\/1442.jpg\",\"width\":290,\"height\":100},{\"@type\":\"WebPage\",\"@id\":\"https:\/\/www.oidossucios.com\/site\/el-regreso-de-los-fabulosos-cadillacs-tiene-fecha\/#webpage\",\"url\":\"https:\/\/www.oidossucios.com\/site\/el-regreso-de-los-fabulosos-cadillacs-tiene-fecha\/\",\"name\":\"El regreso de los Fabulosos Cadillacs tiene fecha - OidosSucios.Com\",\"isPartOf\":{\"@id\":\"https:\/\/www.oidossucios.com\/site\/#website\"},\"primaryImageOfPage\":{\"@id\":\"https:\/\/www.oidossucios.com\/site\/el-regreso-de-los-fabulosos-cadillacs-tiene-fecha\/#primaryimage\"},\"datePublished\":\"2008-06-09T00:10:00+00:00\",\"dateModified\":\"2008-06-09T00:10:00+00:00\",\"author\":{\"@id\":\"https:\/\/www.oidossucios.com\/site\/#\/schema\/person\/24559eeb76bf83a63296fb072393a688\"},\"description\":\"El rockero de larga trayectoria no obtuvo los votos necesarios para ser candidato a la Alcald\\u00eda de Valencia por el PSUV.\",\"inLanguage\":\"es\",\"potentialAction\":[{\"@type\":\"ReadAction\",\"target\":[\"https:\/\/www.oidossucios.com\/site\/el-regreso-de-los-fabulosos-cadillacs-tiene-fecha\/\"]}]},{\"@type\":[\"Person\"],\"@id\":\"https:\/\/www.oidossucios.com\/site\/#\/schema\/person\/24559eeb76bf83a63296fb072393a688\",\"name\":\"Oidossucios\",\"image\":{\"@type\":\"ImageObject\",\"@id\":\"https:\/\/www.oidossucios.com\/site\/#personlogo\",\"inLanguage\":\"es\",\"url\":\"https:\/\/secure.gravatar.com\/avatar\/74fcb480f42f1a33e50a0b6e6369a3f907be2e43dc84fa5f76c66e9c22b4a5ab?s=96&d=mm&r=g\",\"caption\":\"Oidossucios\"},\"sameAs\":[\"https:\/\/twitter.com\/oidossucios\"]}]}<\/script>\n<!-- \/ Yoast SEO plugin. -->","jetpack_sharing_enabled":true,"_links":{"self":[{"href":"https:\/\/www.oidossucios.com\/site\/wp-json\/wp\/v2\/posts\/1446","targetHints":{"allow":["GET"]}}],"collection":[{"href":"https:\/\/www.oidossucios.com\/site\/wp-json\/wp\/v2\/posts"}],"about":[{"href":"https:\/\/www.oidossucios.com\/site\/wp-json\/wp\/v2\/types\/post"}],"author":[{"embeddable":true,"href":"https:\/\/www.oidossucios.com\/site\/wp-json\/wp\/v2\/users\/4"}],"replies":[{"embeddable":true,"href":"https:\/\/www.oidossucios.com\/site\/wp-json\/wp\/v2\/comments?post=1446"}],"version-history":[{"count":0,"href":"https:\/\/www.oidossucios.com\/site\/wp-json\/wp\/v2\/posts\/1446\/revisions"}],"wp:featuredmedia":[{"embeddable":true,"href":"https:\/\/www.oidossucios.com\/site\/wp-json\/wp\/v2\/media\/100001442"}],"wp:attachment":[{"href":"https:\/\/www.oidossucios.com\/site\/wp-json\/wp\/v2\/media?parent=1446"}],"wp:term":[{"taxonomy":"category","embeddable":true,"href":"https:\/\/www.oidossucios.com\/site\/wp-json\/wp\/v2\/categories?post=1446"},{"taxonomy":"post_tag","embeddable":true,"href":"https:\/\/www.oidossucios.com\/site\/wp-json\/wp\/v2\/tags?post=1446"}],"curies":[{"name":"wp","href":"https:\/\/api.w.org\/{rel}","templated":true}]}}