{"id":1464,"date":"2008-07-02T22:08:00","date_gmt":"2008-07-02T22:08:00","guid":{"rendered":"https:\/\/www.oidossucios.com\/site\/2008\/07\/02\/zack-de-la-rocha-tiene-nueva-banda\/"},"modified":"2008-07-02T22:08:00","modified_gmt":"2008-07-02T22:08:00","slug":"zack-de-la-rocha-tiene-nueva-banda","status":"publish","type":"post","link":"https:\/\/www.oidossucios.com\/site\/zack-de-la-rocha-tiene-nueva-banda\/","title":{"rendered":"Zack de la Rocha tiene nueva banda"},"content":{"rendered":"<p>El cantante y l\u00edder de Rage Against the Machine, Zack de la Rocha ha formado una nueva banda (en la cual canta y toca teclados) junto a Jon Theodore, baterista de The Mars Volta.<\/p>\n<p>El grupo, que lleva por nombre &#8220;One Day as a Lion&#8221;, tiene listo un EP-debut de 5 temas que saldr\u00e1 a la luz p\u00fablica el pr\u00f3ximo 21 de julio.<\/p>\n<p>Las canciones de este EP, que lleva por nombre tambi\u00e9n &#8220;One Day as a Lion&#8221;, son:<\/p>\n<p>1-Wild International<br \/>2-Ocean View<br \/>3-Last Letter<br \/>4-If You Fear Dying<br \/>5-One Day As A Lion<\/p>\n<p> El myspace oficial de la banda es http:\/\/www.myspace.com\/onedayasalion<\/p>\n","protected":false},"excerpt":{"rendered":"<p>El vocalista de Rage Against the Machine se ha embarcado en un nuevo proyecto musical con Jon Theodore baterista de The Mars Volta. Su primer EP est\u00e1 listo para salir a la calle.<\/p>\n","protected":false},"author":4,"featured_media":100001460,"comment_status":"open","ping_status":"open","sticky":false,"template":"","format":"standard","meta":{"_jetpack_memberships_contains_paid_content":false,"footnotes":""},"categories":[250],"tags":[199],"class_list":["post-1464","post","type-post","status-publish","format-standard","has-post-thumbnail","hentry","category-noticias","tag-one-day-as-a-lion"],"jetpack_featured_media_url":"https:\/\/www.oidossucios.com\/site\/wp-content\/uploads\/2008\/06\/1460.jpg","yoast_head":"<!-- This site is optimized with the Yoast SEO plugin v14.0.4 - https:\/\/yoast.com\/wordpress\/plugins\/seo\/ -->\n<title>Zack de la Rocha tiene nueva banda - OidosSucios.Com<\/title>\n<meta name=\"description\" content=\"Gran receptividad recibi\u00f3 la semana pasada la muestra efectuada en el Anfiteatro de la Plaza Altamira. Esta semana le toca el turno a Jekyl Hydes, Fuse, Blackout y los valencianos de Electr\u00f3metro. La entrada es totalmente gratis.\" \/>\n<meta name=\"robots\" content=\"index, follow\" \/>\n<meta name=\"googlebot\" content=\"index, follow, max-snippet:-1, max-image-preview:large, max-video-preview:-1\" \/>\n<meta name=\"bingbot\" content=\"index, follow, max-snippet:-1, max-image-preview:large, max-video-preview:-1\" \/>\n<link rel=\"canonical\" href=\"https:\/\/www.oidossucios.com\/site\/zack-de-la-rocha-tiene-nueva-banda\/\" \/>\n<meta property=\"og:locale\" content=\"es_ES\" \/>\n<meta property=\"og:type\" content=\"article\" \/>\n<meta property=\"og:title\" content=\"Zack de la Rocha tiene nueva banda - OidosSucios.Com\" \/>\n<meta property=\"og:description\" content=\"Gran receptividad recibi\u00f3 la semana pasada la muestra efectuada en el Anfiteatro de la Plaza Altamira. Esta semana le toca el turno a Jekyl Hydes, Fuse, Blackout y los valencianos de Electr\u00f3metro. La entrada es totalmente gratis.\" \/>\n<meta property=\"og:url\" content=\"https:\/\/www.oidossucios.com\/site\/zack-de-la-rocha-tiene-nueva-banda\/\" \/>\n<meta property=\"og:site_name\" content=\"OidosSucios.Com\" \/>\n<meta property=\"article:published_time\" content=\"2008-07-02T22:08:00+00:00\" \/>\n<meta property=\"og:image\" content=\"https:\/\/www.oidossucios.com\/site\/wp-content\/uploads\/2008\/06\/1460.jpg\" \/>\n\t<meta property=\"og:image:width\" content=\"290\" \/>\n\t<meta property=\"og:image:height\" content=\"100\" \/>\n<meta name=\"twitter:card\" content=\"summary_large_image\" \/>\n<meta name=\"twitter:creator\" content=\"@oidossucios\" \/>\n<script type=\"application\/ld+json\" class=\"yoast-schema-graph\">{\"@context\":\"https:\/\/schema.org\",\"@graph\":[{\"@type\":\"WebSite\",\"@id\":\"https:\/\/www.oidossucios.com\/site\/#website\",\"url\":\"https:\/\/www.oidossucios.com\/site\/\",\"name\":\"OidosSucios.Com\",\"description\":\"M\\u00fasica, conciertos, discos\",\"potentialAction\":[{\"@type\":\"SearchAction\",\"target\":\"https:\/\/www.oidossucios.com\/site\/?s={search_term_string}\",\"query-input\":\"required name=search_term_string\"}],\"inLanguage\":\"es\"},{\"@type\":\"ImageObject\",\"@id\":\"https:\/\/www.oidossucios.com\/site\/zack-de-la-rocha-tiene-nueva-banda\/#primaryimage\",\"inLanguage\":\"es\",\"url\":\"https:\/\/www.oidossucios.com\/site\/wp-content\/uploads\/2008\/06\/1460.jpg\",\"width\":290,\"height\":100},{\"@type\":\"WebPage\",\"@id\":\"https:\/\/www.oidossucios.com\/site\/zack-de-la-rocha-tiene-nueva-banda\/#webpage\",\"url\":\"https:\/\/www.oidossucios.com\/site\/zack-de-la-rocha-tiene-nueva-banda\/\",\"name\":\"Zack de la Rocha tiene nueva banda - OidosSucios.Com\",\"isPartOf\":{\"@id\":\"https:\/\/www.oidossucios.com\/site\/#website\"},\"primaryImageOfPage\":{\"@id\":\"https:\/\/www.oidossucios.com\/site\/zack-de-la-rocha-tiene-nueva-banda\/#primaryimage\"},\"datePublished\":\"2008-07-02T22:08:00+00:00\",\"dateModified\":\"2008-07-02T22:08:00+00:00\",\"author\":{\"@id\":\"https:\/\/www.oidossucios.com\/site\/#\/schema\/person\/24559eeb76bf83a63296fb072393a688\"},\"description\":\"Gran receptividad recibi\\u00f3 la semana pasada la muestra efectuada en el Anfiteatro de la Plaza Altamira. Esta semana le toca el turno a Jekyl Hydes, Fuse, Blackout y los valencianos de Electr\\u00f3metro. La entrada es totalmente gratis.\",\"inLanguage\":\"es\",\"potentialAction\":[{\"@type\":\"ReadAction\",\"target\":[\"https:\/\/www.oidossucios.com\/site\/zack-de-la-rocha-tiene-nueva-banda\/\"]}]},{\"@type\":[\"Person\"],\"@id\":\"https:\/\/www.oidossucios.com\/site\/#\/schema\/person\/24559eeb76bf83a63296fb072393a688\",\"name\":\"Oidossucios\",\"image\":{\"@type\":\"ImageObject\",\"@id\":\"https:\/\/www.oidossucios.com\/site\/#personlogo\",\"inLanguage\":\"es\",\"url\":\"https:\/\/secure.gravatar.com\/avatar\/74fcb480f42f1a33e50a0b6e6369a3f907be2e43dc84fa5f76c66e9c22b4a5ab?s=96&d=mm&r=g\",\"caption\":\"Oidossucios\"},\"sameAs\":[\"https:\/\/twitter.com\/oidossucios\"]}]}<\/script>\n<!-- \/ Yoast SEO plugin. -->","jetpack_sharing_enabled":true,"_links":{"self":[{"href":"https:\/\/www.oidossucios.com\/site\/wp-json\/wp\/v2\/posts\/1464","targetHints":{"allow":["GET"]}}],"collection":[{"href":"https:\/\/www.oidossucios.com\/site\/wp-json\/wp\/v2\/posts"}],"about":[{"href":"https:\/\/www.oidossucios.com\/site\/wp-json\/wp\/v2\/types\/post"}],"author":[{"embeddable":true,"href":"https:\/\/www.oidossucios.com\/site\/wp-json\/wp\/v2\/users\/4"}],"replies":[{"embeddable":true,"href":"https:\/\/www.oidossucios.com\/site\/wp-json\/wp\/v2\/comments?post=1464"}],"version-history":[{"count":0,"href":"https:\/\/www.oidossucios.com\/site\/wp-json\/wp\/v2\/posts\/1464\/revisions"}],"wp:featuredmedia":[{"embeddable":true,"href":"https:\/\/www.oidossucios.com\/site\/wp-json\/wp\/v2\/media\/100001460"}],"wp:attachment":[{"href":"https:\/\/www.oidossucios.com\/site\/wp-json\/wp\/v2\/media?parent=1464"}],"wp:term":[{"taxonomy":"category","embeddable":true,"href":"https:\/\/www.oidossucios.com\/site\/wp-json\/wp\/v2\/categories?post=1464"},{"taxonomy":"post_tag","embeddable":true,"href":"https:\/\/www.oidossucios.com\/site\/wp-json\/wp\/v2\/tags?post=1464"}],"curies":[{"name":"wp","href":"https:\/\/api.w.org\/{rel}","templated":true}]}}