{"id":1470,"date":"2008-07-16T03:52:00","date_gmt":"2008-07-16T03:52:00","guid":{"rendered":"https:\/\/www.oidossucios.com\/site\/2008\/07\/16\/death-magnetic-en-edicion-especial-y-en-guitar-hero-iii\/"},"modified":"2008-07-16T03:52:00","modified_gmt":"2008-07-16T03:52:00","slug":"death-magnetic-en-edicion-especial-y-en-guitar-hero-iii","status":"publish","type":"post","link":"https:\/\/www.oidossucios.com\/site\/death-magnetic-en-edicion-especial-y-en-guitar-hero-iii\/","title":{"rendered":"Death Magnetic en edici\u00f3n especial y en Guitar Hero III"},"content":{"rendered":"<p>&#8220;Es emocionante ver que llevas 27 a\u00f1os de carrera y est\u00e1s haciendo algo primero que nadie. En 10 a\u00f1os va a ser normal editar un \u00e1lbum para Guitar Hero el mismo d\u00eda que se pone a la venta en las tiendas&#8221;, dijo el baterista Lars Ulrich al momento de anunciar que su nueva producci\u00f3n discogr\u00e1fica, Death Magnetic, se podr\u00e1 descargar en versi\u00f3n Guitar Hero III el mismo d\u00eda que salga a la venta el \u00e1lbum a nivel mundial.<\/p>\n<p>Esta noticia se suma al anunciado lanzamiento de una edici\u00f3n especial del mencionado disco en formato box set y que llevar\u00e1 el nombre de &#8220;Deathly&#8221;.<\/p>\n<p>Seg\u00fan lo informaron los integrantes en su p\u00e1gina oficial, &#8220;Deathly&#8221; contendr\u00e1 CD+DVD con algunos demos de las canciones incluidas en lo que ser\u00e1 su reciente producci\u00f3n.<\/p>\n<p>Adem\u00e1s ofrecer\u00e1n algunos regalos para sus seguidores, como una bandera del grupo, fotos de su guitarra, un poster de colecci\u00f3n y una tarjeta con un c\u00f3digo especial para que descarguen un concierto en vivo, en su portal de internet, de maneragratuita.<\/p>\n<p>Death Magnetic saldr\u00e1 a la venta a nivel mundial en septiembre.<\/p>\n","protected":false},"excerpt":{"rendered":"<p>Metallica lanzar\u00e1 su nuevo disco por todo lo alto. Adem\u00e1s de editar un boxset especial con cd+dvd, los fan\u00e1ticos podr\u00e1n descargar las canciones para tocarlas en Guitar Hero el mismo d\u00eda que sale a la venta el \u00e1lbum a nivel mundial.<\/p>\n","protected":false},"author":4,"featured_media":100001466,"comment_status":"open","ping_status":"open","sticky":false,"template":"","format":"standard","meta":{"_jetpack_memberships_contains_paid_content":false,"footnotes":""},"categories":[250],"tags":[149],"class_list":["post-1470","post","type-post","status-publish","format-standard","has-post-thumbnail","hentry","category-noticias","tag-metallica"],"jetpack_featured_media_url":"https:\/\/www.oidossucios.com\/site\/wp-content\/uploads\/2008\/07\/1466.jpg","yoast_head":"<!-- This site is optimized with the Yoast SEO plugin v14.0.4 - https:\/\/yoast.com\/wordpress\/plugins\/seo\/ -->\n<title>Death Magnetic en edici\u00f3n especial y en Guitar Hero III - OidosSucios.Com<\/title>\n<meta name=\"description\" content=\"A partir del martes 8 de julio, se inicia la pre-venta especial para este evento en los distintos puntos asignados para adquirirlas.\" \/>\n<meta name=\"robots\" content=\"index, follow\" \/>\n<meta name=\"googlebot\" content=\"index, follow, max-snippet:-1, max-image-preview:large, max-video-preview:-1\" \/>\n<meta name=\"bingbot\" content=\"index, follow, max-snippet:-1, max-image-preview:large, max-video-preview:-1\" \/>\n<link rel=\"canonical\" href=\"https:\/\/www.oidossucios.com\/site\/death-magnetic-en-edicion-especial-y-en-guitar-hero-iii\/\" \/>\n<meta property=\"og:locale\" content=\"es_ES\" \/>\n<meta property=\"og:type\" content=\"article\" \/>\n<meta property=\"og:title\" content=\"Death Magnetic en edici\u00f3n especial y en Guitar Hero III - OidosSucios.Com\" \/>\n<meta property=\"og:description\" content=\"A partir del martes 8 de julio, se inicia la pre-venta especial para este evento en los distintos puntos asignados para adquirirlas.\" \/>\n<meta property=\"og:url\" content=\"https:\/\/www.oidossucios.com\/site\/death-magnetic-en-edicion-especial-y-en-guitar-hero-iii\/\" \/>\n<meta property=\"og:site_name\" content=\"OidosSucios.Com\" \/>\n<meta property=\"article:published_time\" content=\"2008-07-16T03:52:00+00:00\" \/>\n<meta property=\"og:image\" content=\"https:\/\/www.oidossucios.com\/site\/wp-content\/uploads\/2008\/07\/1466.jpg\" \/>\n\t<meta property=\"og:image:width\" content=\"290\" \/>\n\t<meta property=\"og:image:height\" content=\"100\" \/>\n<meta name=\"twitter:card\" content=\"summary_large_image\" \/>\n<meta name=\"twitter:creator\" content=\"@oidossucios\" \/>\n<script type=\"application\/ld+json\" class=\"yoast-schema-graph\">{\"@context\":\"https:\/\/schema.org\",\"@graph\":[{\"@type\":\"WebSite\",\"@id\":\"https:\/\/www.oidossucios.com\/site\/#website\",\"url\":\"https:\/\/www.oidossucios.com\/site\/\",\"name\":\"OidosSucios.Com\",\"description\":\"M\\u00fasica, conciertos, discos\",\"potentialAction\":[{\"@type\":\"SearchAction\",\"target\":\"https:\/\/www.oidossucios.com\/site\/?s={search_term_string}\",\"query-input\":\"required name=search_term_string\"}],\"inLanguage\":\"es\"},{\"@type\":\"ImageObject\",\"@id\":\"https:\/\/www.oidossucios.com\/site\/death-magnetic-en-edicion-especial-y-en-guitar-hero-iii\/#primaryimage\",\"inLanguage\":\"es\",\"url\":\"https:\/\/www.oidossucios.com\/site\/wp-content\/uploads\/2008\/07\/1466.jpg\",\"width\":290,\"height\":100},{\"@type\":\"WebPage\",\"@id\":\"https:\/\/www.oidossucios.com\/site\/death-magnetic-en-edicion-especial-y-en-guitar-hero-iii\/#webpage\",\"url\":\"https:\/\/www.oidossucios.com\/site\/death-magnetic-en-edicion-especial-y-en-guitar-hero-iii\/\",\"name\":\"Death Magnetic en edici\\u00f3n especial y en Guitar Hero III - OidosSucios.Com\",\"isPartOf\":{\"@id\":\"https:\/\/www.oidossucios.com\/site\/#website\"},\"primaryImageOfPage\":{\"@id\":\"https:\/\/www.oidossucios.com\/site\/death-magnetic-en-edicion-especial-y-en-guitar-hero-iii\/#primaryimage\"},\"datePublished\":\"2008-07-16T03:52:00+00:00\",\"dateModified\":\"2008-07-16T03:52:00+00:00\",\"author\":{\"@id\":\"https:\/\/www.oidossucios.com\/site\/#\/schema\/person\/24559eeb76bf83a63296fb072393a688\"},\"description\":\"A partir del martes 8 de julio, se inicia la pre-venta especial para este evento en los distintos puntos asignados para adquirirlas.\",\"inLanguage\":\"es\",\"potentialAction\":[{\"@type\":\"ReadAction\",\"target\":[\"https:\/\/www.oidossucios.com\/site\/death-magnetic-en-edicion-especial-y-en-guitar-hero-iii\/\"]}]},{\"@type\":[\"Person\"],\"@id\":\"https:\/\/www.oidossucios.com\/site\/#\/schema\/person\/24559eeb76bf83a63296fb072393a688\",\"name\":\"Oidossucios\",\"image\":{\"@type\":\"ImageObject\",\"@id\":\"https:\/\/www.oidossucios.com\/site\/#personlogo\",\"inLanguage\":\"es\",\"url\":\"https:\/\/secure.gravatar.com\/avatar\/74fcb480f42f1a33e50a0b6e6369a3f907be2e43dc84fa5f76c66e9c22b4a5ab?s=96&d=mm&r=g\",\"caption\":\"Oidossucios\"},\"sameAs\":[\"https:\/\/twitter.com\/oidossucios\"]}]}<\/script>\n<!-- \/ Yoast SEO plugin. -->","jetpack_sharing_enabled":true,"_links":{"self":[{"href":"https:\/\/www.oidossucios.com\/site\/wp-json\/wp\/v2\/posts\/1470","targetHints":{"allow":["GET"]}}],"collection":[{"href":"https:\/\/www.oidossucios.com\/site\/wp-json\/wp\/v2\/posts"}],"about":[{"href":"https:\/\/www.oidossucios.com\/site\/wp-json\/wp\/v2\/types\/post"}],"author":[{"embeddable":true,"href":"https:\/\/www.oidossucios.com\/site\/wp-json\/wp\/v2\/users\/4"}],"replies":[{"embeddable":true,"href":"https:\/\/www.oidossucios.com\/site\/wp-json\/wp\/v2\/comments?post=1470"}],"version-history":[{"count":0,"href":"https:\/\/www.oidossucios.com\/site\/wp-json\/wp\/v2\/posts\/1470\/revisions"}],"wp:featuredmedia":[{"embeddable":true,"href":"https:\/\/www.oidossucios.com\/site\/wp-json\/wp\/v2\/media\/100001466"}],"wp:attachment":[{"href":"https:\/\/www.oidossucios.com\/site\/wp-json\/wp\/v2\/media?parent=1470"}],"wp:term":[{"taxonomy":"category","embeddable":true,"href":"https:\/\/www.oidossucios.com\/site\/wp-json\/wp\/v2\/categories?post=1470"},{"taxonomy":"post_tag","embeddable":true,"href":"https:\/\/www.oidossucios.com\/site\/wp-json\/wp\/v2\/tags?post=1470"}],"curies":[{"name":"wp","href":"https:\/\/api.w.org\/{rel}","templated":true}]}}