{"id":1472,"date":"2008-07-20T04:33:00","date_gmt":"2008-07-20T04:33:00","guid":{"rendered":"https:\/\/www.oidossucios.com\/site\/2008\/07\/20\/radiohead-esta-armando-gira-latinoamericana-para-2009\/"},"modified":"2008-07-20T04:33:00","modified_gmt":"2008-07-20T04:33:00","slug":"radiohead-esta-armando-gira-latinoamericana-para-2009","status":"publish","type":"post","link":"https:\/\/www.oidossucios.com\/site\/radiohead-esta-armando-gira-latinoamericana-para-2009\/","title":{"rendered":"Radiohead est\u00e1 armando gira latinoamericana para 2009"},"content":{"rendered":"<p>Finalmente los fans de Radiohead de Latinoam\u00e9rica podr\u00e1n ver a su banda en vivo en el 2009. <\/p>\n<p>Seg\u00fan Daniel Grinbank, uno de los m\u00e1s importantes productores de conciertos de la regi\u00f3n, ya es un hecho que Thom Yorke y asociados pisar\u00e1n suelo argentino y brasile\u00f1o entre marzo y abril del pr\u00f3ximo a\u00f1o. <\/p>\n<p>Los chilenos por su parte, est\u00e1n esperando la respectiva confirmaci\u00f3n de que esta gira pasar\u00e1 por pa\u00eds.<\/p>\n<p>Radiohead por su parte, ha grabado un video para su tema House Of Cards sin utilizar c\u00e1maras. Fueron utilizados 64 l\u00e1sers para capturar perormances de Thom Yorke y diversos extras a trav\u00e9s de una tecnolog\u00eda llamada &#8220;Velodyne Lidar&#8221;.<\/p>\n","protected":false},"excerpt":{"rendered":"<p>La banda inglesa est\u00e1 cuadrando lo que ser\u00eda su gira por sudam\u00e9rica para marzo del pr\u00f3ximo a\u00f1o. Brasil y Argentina ya est\u00e1n confirmados.<\/p>\n","protected":false},"author":4,"featured_media":100001468,"comment_status":"open","ping_status":"open","sticky":false,"template":"","format":"standard","meta":{"_jetpack_memberships_contains_paid_content":false,"footnotes":""},"categories":[250],"tags":[190],"class_list":["post-1472","post","type-post","status-publish","format-standard","has-post-thumbnail","hentry","category-noticias","tag-radiohead"],"jetpack_featured_media_url":"https:\/\/www.oidossucios.com\/site\/wp-content\/uploads\/2008\/07\/1468.jpg","yoast_head":"<!-- This site is optimized with the Yoast SEO plugin v14.0.4 - https:\/\/yoast.com\/wordpress\/plugins\/seo\/ -->\n<title>Radiohead est\u00e1 armando gira latinoamericana para 2009 - OidosSucios.Com<\/title>\n<meta name=\"description\" content=\"La agrupaci\u00f3n argentina di\u00f3 su primer show de regreso el pasado 1 de julio en Buenos Aires antes m\u00e1s de 10.000 personas. En noviembre arranca su gira de reencuentro.\" \/>\n<meta name=\"robots\" content=\"index, follow\" \/>\n<meta name=\"googlebot\" content=\"index, follow, max-snippet:-1, max-image-preview:large, max-video-preview:-1\" \/>\n<meta name=\"bingbot\" content=\"index, follow, max-snippet:-1, max-image-preview:large, max-video-preview:-1\" \/>\n<link rel=\"canonical\" href=\"https:\/\/www.oidossucios.com\/site\/radiohead-esta-armando-gira-latinoamericana-para-2009\/\" \/>\n<meta property=\"og:locale\" content=\"es_ES\" \/>\n<meta property=\"og:type\" content=\"article\" \/>\n<meta property=\"og:title\" content=\"Radiohead est\u00e1 armando gira latinoamericana para 2009 - OidosSucios.Com\" \/>\n<meta property=\"og:description\" content=\"La agrupaci\u00f3n argentina di\u00f3 su primer show de regreso el pasado 1 de julio en Buenos Aires antes m\u00e1s de 10.000 personas. En noviembre arranca su gira de reencuentro.\" \/>\n<meta property=\"og:url\" content=\"https:\/\/www.oidossucios.com\/site\/radiohead-esta-armando-gira-latinoamericana-para-2009\/\" \/>\n<meta property=\"og:site_name\" content=\"OidosSucios.Com\" \/>\n<meta property=\"article:published_time\" content=\"2008-07-20T04:33:00+00:00\" \/>\n<meta property=\"og:image\" content=\"https:\/\/www.oidossucios.com\/site\/wp-content\/uploads\/2008\/07\/1468.jpg\" \/>\n\t<meta property=\"og:image:width\" content=\"290\" \/>\n\t<meta property=\"og:image:height\" content=\"100\" \/>\n<meta name=\"twitter:card\" content=\"summary_large_image\" \/>\n<meta name=\"twitter:creator\" content=\"@oidossucios\" \/>\n<script type=\"application\/ld+json\" class=\"yoast-schema-graph\">{\"@context\":\"https:\/\/schema.org\",\"@graph\":[{\"@type\":\"WebSite\",\"@id\":\"https:\/\/www.oidossucios.com\/site\/#website\",\"url\":\"https:\/\/www.oidossucios.com\/site\/\",\"name\":\"OidosSucios.Com\",\"description\":\"M\\u00fasica, conciertos, discos\",\"potentialAction\":[{\"@type\":\"SearchAction\",\"target\":\"https:\/\/www.oidossucios.com\/site\/?s={search_term_string}\",\"query-input\":\"required name=search_term_string\"}],\"inLanguage\":\"es\"},{\"@type\":\"ImageObject\",\"@id\":\"https:\/\/www.oidossucios.com\/site\/radiohead-esta-armando-gira-latinoamericana-para-2009\/#primaryimage\",\"inLanguage\":\"es\",\"url\":\"https:\/\/www.oidossucios.com\/site\/wp-content\/uploads\/2008\/07\/1468.jpg\",\"width\":290,\"height\":100},{\"@type\":\"WebPage\",\"@id\":\"https:\/\/www.oidossucios.com\/site\/radiohead-esta-armando-gira-latinoamericana-para-2009\/#webpage\",\"url\":\"https:\/\/www.oidossucios.com\/site\/radiohead-esta-armando-gira-latinoamericana-para-2009\/\",\"name\":\"Radiohead est\\u00e1 armando gira latinoamericana para 2009 - OidosSucios.Com\",\"isPartOf\":{\"@id\":\"https:\/\/www.oidossucios.com\/site\/#website\"},\"primaryImageOfPage\":{\"@id\":\"https:\/\/www.oidossucios.com\/site\/radiohead-esta-armando-gira-latinoamericana-para-2009\/#primaryimage\"},\"datePublished\":\"2008-07-20T04:33:00+00:00\",\"dateModified\":\"2008-07-20T04:33:00+00:00\",\"author\":{\"@id\":\"https:\/\/www.oidossucios.com\/site\/#\/schema\/person\/24559eeb76bf83a63296fb072393a688\"},\"description\":\"La agrupaci\\u00f3n argentina di\\u00f3 su primer show de regreso el pasado 1 de julio en Buenos Aires antes m\\u00e1s de 10.000 personas. En noviembre arranca su gira de reencuentro.\",\"inLanguage\":\"es\",\"potentialAction\":[{\"@type\":\"ReadAction\",\"target\":[\"https:\/\/www.oidossucios.com\/site\/radiohead-esta-armando-gira-latinoamericana-para-2009\/\"]}]},{\"@type\":[\"Person\"],\"@id\":\"https:\/\/www.oidossucios.com\/site\/#\/schema\/person\/24559eeb76bf83a63296fb072393a688\",\"name\":\"Oidossucios\",\"image\":{\"@type\":\"ImageObject\",\"@id\":\"https:\/\/www.oidossucios.com\/site\/#personlogo\",\"inLanguage\":\"es\",\"url\":\"https:\/\/secure.gravatar.com\/avatar\/74fcb480f42f1a33e50a0b6e6369a3f907be2e43dc84fa5f76c66e9c22b4a5ab?s=96&d=mm&r=g\",\"caption\":\"Oidossucios\"},\"sameAs\":[\"https:\/\/twitter.com\/oidossucios\"]}]}<\/script>\n<!-- \/ Yoast SEO plugin. -->","jetpack_sharing_enabled":true,"_links":{"self":[{"href":"https:\/\/www.oidossucios.com\/site\/wp-json\/wp\/v2\/posts\/1472","targetHints":{"allow":["GET"]}}],"collection":[{"href":"https:\/\/www.oidossucios.com\/site\/wp-json\/wp\/v2\/posts"}],"about":[{"href":"https:\/\/www.oidossucios.com\/site\/wp-json\/wp\/v2\/types\/post"}],"author":[{"embeddable":true,"href":"https:\/\/www.oidossucios.com\/site\/wp-json\/wp\/v2\/users\/4"}],"replies":[{"embeddable":true,"href":"https:\/\/www.oidossucios.com\/site\/wp-json\/wp\/v2\/comments?post=1472"}],"version-history":[{"count":0,"href":"https:\/\/www.oidossucios.com\/site\/wp-json\/wp\/v2\/posts\/1472\/revisions"}],"wp:featuredmedia":[{"embeddable":true,"href":"https:\/\/www.oidossucios.com\/site\/wp-json\/wp\/v2\/media\/100001468"}],"wp:attachment":[{"href":"https:\/\/www.oidossucios.com\/site\/wp-json\/wp\/v2\/media?parent=1472"}],"wp:term":[{"taxonomy":"category","embeddable":true,"href":"https:\/\/www.oidossucios.com\/site\/wp-json\/wp\/v2\/categories?post=1472"},{"taxonomy":"post_tag","embeddable":true,"href":"https:\/\/www.oidossucios.com\/site\/wp-json\/wp\/v2\/tags?post=1472"}],"curies":[{"name":"wp","href":"https:\/\/api.w.org\/{rel}","templated":true}]}}