{"id":1502,"date":"2008-09-20T20:08:00","date_gmt":"2008-09-20T20:08:00","guid":{"rendered":"https:\/\/www.oidossucios.com\/site\/2008\/09\/20\/travis-barker-gravemente-herido-en-accidente-aereo\/"},"modified":"2008-09-20T20:08:00","modified_gmt":"2008-09-20T20:08:00","slug":"travis-barker-gravemente-herido-en-accidente-aereo","status":"publish","type":"post","link":"https:\/\/www.oidossucios.com\/site\/travis-barker-gravemente-herido-en-accidente-aereo\/","title":{"rendered":"Travis Barker gravemente herido en accidente a\u00e9reo"},"content":{"rendered":"<p>El ex baterista de Blink 182, Travis Barker, y el reconocido Dj AM, resultaron heridos de gravedad despu\u00e9s del choque de la avioneta en la que viajaban en la regi\u00f3n estadounidense de Carolina del Sur. Cuatro personas m\u00e1s murieron en el accidente.<\/p>\n<p>La avioneta que transportaba a las seis personas despeg\u00f3 poco despu\u00e9s de la medianoche el viernes. El aparato lleg\u00f3 hasta el final de una pista y se estrell\u00f3 contra varias antenas y una valla, quedando varado en el borde de una autopista de cinco carriles donde estall\u00f3 en llamas.<\/p>\n<p>Tanto Travis Barker como Dj AM se encuentran en un centro de quemaduras en estado cr\u00edtico de salud.<\/p>\n<div align='center'><object width='425' height='344'><param name='movie' value='http:\/\/www.youtube.com\/v\/AYCJGqoXSjg&#038;hl=en&#038;fs=1'><\/param><param name='allowFullScreen' value='true'><\/param><\/object><\/div><\/p>\n","protected":false},"excerpt":{"rendered":"<p>El baterista de Blink 182 sufri\u00f3 graves quemadoras luego de que se estrellase la avioneta en la que viajaba. 4 personas murieron en el accidente<\/p>\n","protected":false},"author":4,"featured_media":100001498,"comment_status":"open","ping_status":"open","sticky":false,"template":"","format":"standard","meta":{"_jetpack_memberships_contains_paid_content":false,"footnotes":""},"categories":[250],"tags":[567],"class_list":["post-1502","post","type-post","status-publish","format-standard","has-post-thumbnail","hentry","category-noticias","tag-blink-182"],"jetpack_featured_media_url":"https:\/\/www.oidossucios.com\/site\/wp-content\/uploads\/2008\/09\/1498.jpg","yoast_head":"<!-- This site is optimized with the Yoast SEO plugin v14.0.4 - https:\/\/yoast.com\/wordpress\/plugins\/seo\/ -->\n<title>Travis Barker gravemente herido en accidente a\u00e9reo - OidosSucios.Com<\/title>\n<meta name=\"description\" content=\"Diablitos Underwood en alianza con Cultura Chacao, La Mega y OidosSucios.Com, presentan a Candy 66 en concierto, el pr\u00f3ximo domingo 28 de Septiembre a partir de las 4:30 pm en el Centro Cultural Chacao del Rosal. La entrada ser\u00e1 totalmente gratis.\" \/>\n<meta name=\"robots\" content=\"index, follow\" \/>\n<meta name=\"googlebot\" content=\"index, follow, max-snippet:-1, max-image-preview:large, max-video-preview:-1\" \/>\n<meta name=\"bingbot\" content=\"index, follow, max-snippet:-1, max-image-preview:large, max-video-preview:-1\" \/>\n<link rel=\"canonical\" href=\"https:\/\/www.oidossucios.com\/site\/travis-barker-gravemente-herido-en-accidente-aereo\/\" \/>\n<meta property=\"og:locale\" content=\"es_ES\" \/>\n<meta property=\"og:type\" content=\"article\" \/>\n<meta property=\"og:title\" content=\"Travis Barker gravemente herido en accidente a\u00e9reo - OidosSucios.Com\" \/>\n<meta property=\"og:description\" content=\"Diablitos Underwood en alianza con Cultura Chacao, La Mega y OidosSucios.Com, presentan a Candy 66 en concierto, el pr\u00f3ximo domingo 28 de Septiembre a partir de las 4:30 pm en el Centro Cultural Chacao del Rosal. La entrada ser\u00e1 totalmente gratis.\" \/>\n<meta property=\"og:url\" content=\"https:\/\/www.oidossucios.com\/site\/travis-barker-gravemente-herido-en-accidente-aereo\/\" \/>\n<meta property=\"og:site_name\" content=\"OidosSucios.Com\" \/>\n<meta property=\"article:published_time\" content=\"2008-09-20T20:08:00+00:00\" \/>\n<meta property=\"og:image\" content=\"https:\/\/www.oidossucios.com\/site\/wp-content\/uploads\/2008\/09\/1498.jpg\" \/>\n\t<meta property=\"og:image:width\" content=\"290\" \/>\n\t<meta property=\"og:image:height\" content=\"100\" \/>\n<meta name=\"twitter:card\" content=\"summary_large_image\" \/>\n<meta name=\"twitter:creator\" content=\"@oidossucios\" \/>\n<script type=\"application\/ld+json\" class=\"yoast-schema-graph\">{\"@context\":\"https:\/\/schema.org\",\"@graph\":[{\"@type\":\"WebSite\",\"@id\":\"https:\/\/www.oidossucios.com\/site\/#website\",\"url\":\"https:\/\/www.oidossucios.com\/site\/\",\"name\":\"OidosSucios.Com\",\"description\":\"M\\u00fasica, conciertos, discos\",\"potentialAction\":[{\"@type\":\"SearchAction\",\"target\":\"https:\/\/www.oidossucios.com\/site\/?s={search_term_string}\",\"query-input\":\"required name=search_term_string\"}],\"inLanguage\":\"es\"},{\"@type\":\"ImageObject\",\"@id\":\"https:\/\/www.oidossucios.com\/site\/travis-barker-gravemente-herido-en-accidente-aereo\/#primaryimage\",\"inLanguage\":\"es\",\"url\":\"https:\/\/www.oidossucios.com\/site\/wp-content\/uploads\/2008\/09\/1498.jpg\",\"width\":290,\"height\":100},{\"@type\":\"WebPage\",\"@id\":\"https:\/\/www.oidossucios.com\/site\/travis-barker-gravemente-herido-en-accidente-aereo\/#webpage\",\"url\":\"https:\/\/www.oidossucios.com\/site\/travis-barker-gravemente-herido-en-accidente-aereo\/\",\"name\":\"Travis Barker gravemente herido en accidente a\\u00e9reo - OidosSucios.Com\",\"isPartOf\":{\"@id\":\"https:\/\/www.oidossucios.com\/site\/#website\"},\"primaryImageOfPage\":{\"@id\":\"https:\/\/www.oidossucios.com\/site\/travis-barker-gravemente-herido-en-accidente-aereo\/#primaryimage\"},\"datePublished\":\"2008-09-20T20:08:00+00:00\",\"dateModified\":\"2008-09-20T20:08:00+00:00\",\"author\":{\"@id\":\"https:\/\/www.oidossucios.com\/site\/#\/schema\/person\/24559eeb76bf83a63296fb072393a688\"},\"description\":\"Diablitos Underwood en alianza con Cultura Chacao, La Mega y OidosSucios.Com, presentan a Candy 66 en concierto, el pr\\u00f3ximo domingo 28 de Septiembre a partir de las 4:30 pm en el Centro Cultural Chacao del Rosal. La entrada ser\\u00e1 totalmente gratis.\",\"inLanguage\":\"es\",\"potentialAction\":[{\"@type\":\"ReadAction\",\"target\":[\"https:\/\/www.oidossucios.com\/site\/travis-barker-gravemente-herido-en-accidente-aereo\/\"]}]},{\"@type\":[\"Person\"],\"@id\":\"https:\/\/www.oidossucios.com\/site\/#\/schema\/person\/24559eeb76bf83a63296fb072393a688\",\"name\":\"Oidossucios\",\"image\":{\"@type\":\"ImageObject\",\"@id\":\"https:\/\/www.oidossucios.com\/site\/#personlogo\",\"inLanguage\":\"es\",\"url\":\"https:\/\/secure.gravatar.com\/avatar\/74fcb480f42f1a33e50a0b6e6369a3f907be2e43dc84fa5f76c66e9c22b4a5ab?s=96&d=mm&r=g\",\"caption\":\"Oidossucios\"},\"sameAs\":[\"https:\/\/twitter.com\/oidossucios\"]}]}<\/script>\n<!-- \/ Yoast SEO plugin. -->","jetpack_sharing_enabled":true,"_links":{"self":[{"href":"https:\/\/www.oidossucios.com\/site\/wp-json\/wp\/v2\/posts\/1502","targetHints":{"allow":["GET"]}}],"collection":[{"href":"https:\/\/www.oidossucios.com\/site\/wp-json\/wp\/v2\/posts"}],"about":[{"href":"https:\/\/www.oidossucios.com\/site\/wp-json\/wp\/v2\/types\/post"}],"author":[{"embeddable":true,"href":"https:\/\/www.oidossucios.com\/site\/wp-json\/wp\/v2\/users\/4"}],"replies":[{"embeddable":true,"href":"https:\/\/www.oidossucios.com\/site\/wp-json\/wp\/v2\/comments?post=1502"}],"version-history":[{"count":0,"href":"https:\/\/www.oidossucios.com\/site\/wp-json\/wp\/v2\/posts\/1502\/revisions"}],"wp:featuredmedia":[{"embeddable":true,"href":"https:\/\/www.oidossucios.com\/site\/wp-json\/wp\/v2\/media\/100001498"}],"wp:attachment":[{"href":"https:\/\/www.oidossucios.com\/site\/wp-json\/wp\/v2\/media?parent=1502"}],"wp:term":[{"taxonomy":"category","embeddable":true,"href":"https:\/\/www.oidossucios.com\/site\/wp-json\/wp\/v2\/categories?post=1502"},{"taxonomy":"post_tag","embeddable":true,"href":"https:\/\/www.oidossucios.com\/site\/wp-json\/wp\/v2\/tags?post=1502"}],"curies":[{"name":"wp","href":"https:\/\/api.w.org\/{rel}","templated":true}]}}