{"id":1515,"date":"2008-10-09T00:41:00","date_gmt":"2008-10-09T00:41:00","guid":{"rendered":"https:\/\/www.oidossucios.com\/site\/2008\/10\/09\/travis-acompanara-a-rem-en-su-concierto-en-caracas\/"},"modified":"2008-10-09T00:41:00","modified_gmt":"2008-10-09T00:41:00","slug":"travis-acompanara-a-rem-en-su-concierto-en-caracas","status":"publish","type":"post","link":"https:\/\/www.oidossucios.com\/site\/travis-acompanara-a-rem-en-su-concierto-en-caracas\/","title":{"rendered":"Travis acompa\u00f1ar\u00e1 a REM en su concierto en Caracas"},"content":{"rendered":"<p>La agrupaci\u00f3n escocesa Travis ser\u00e1 el acompa\u00f1ante de REM en el festival que prepara Evenpro para los pr\u00f3ximos 15 y 16 de noviembre, seg\u00fan pudo conocer OidosSucios.Com.<\/p>\n<p>Como hab\u00edamos informado en d\u00edas anteriores, Evenpro negociaba la inclusi\u00f3n de una cuarta banda internacional. A las que se hab\u00edan ofrecido (Oasis, The Offspring, Queen y Mars Volta) se hab\u00edan sumado en los \u00faltimos d\u00edas los nombres de 30 Seconds to Mars y Travis, siendo est\u00e1 finalmente la agrupaci\u00f3n elegida.<\/p>\n<p>Travis visitar\u00e1 Venezuela y Per\u00fa para promocionar su \u00e1lbum &#8220;Ode to J Smith&#8221;, el cual sali\u00f3 al mercado ayer. Su concierto en nuestro pa\u00eds estar\u00e1 pautado para el d\u00eda 16, junto a REM. El d\u00eda anterior estar\u00e1n present\u00e1ndose  Maroon 5 y Duran Duran.<\/p>\n<p>Las entradas para ambos shows se encuentran desde hace varios d\u00edas a la venta en las tiendas Esperanto y el Hard Rock Caf\u00e9 del Sambil.<\/p>\n","protected":false},"excerpt":{"rendered":"<p>La banda escocesa completa el cartel del festival que Evenpro presentar\u00e1 los pr\u00f3ximos 15 y 16 de noviembre en el estadio de futbol de la USB.<\/p>\n","protected":false},"author":4,"featured_media":100001511,"comment_status":"open","ping_status":"open","sticky":false,"template":"","format":"standard","meta":{"_jetpack_memberships_contains_paid_content":false,"footnotes":""},"categories":[250],"tags":[566],"class_list":["post-1515","post","type-post","status-publish","format-standard","has-post-thumbnail","hentry","category-noticias","tag-evenpro"],"jetpack_featured_media_url":"https:\/\/www.oidossucios.com\/site\/wp-content\/uploads\/2008\/10\/1511.jpg","yoast_head":"<!-- This site is optimized with the Yoast SEO plugin v14.0.4 - https:\/\/yoast.com\/wordpress\/plugins\/seo\/ -->\n<title>Travis acompa\u00f1ar\u00e1 a REM en su concierto en Caracas - OidosSucios.Com<\/title>\n<meta name=\"description\" content=\"El cuarteto caraque\u00f1o de punk, Piso 23, acaba de lanzar su primer \u00e1lbum Cuban Democracy, distribuido de forma gratuita por OidosSucios.Com.\" \/>\n<meta name=\"robots\" content=\"index, follow\" \/>\n<meta name=\"googlebot\" content=\"index, follow, max-snippet:-1, max-image-preview:large, max-video-preview:-1\" \/>\n<meta name=\"bingbot\" content=\"index, follow, max-snippet:-1, max-image-preview:large, max-video-preview:-1\" \/>\n<link rel=\"canonical\" href=\"https:\/\/www.oidossucios.com\/site\/travis-acompanara-a-rem-en-su-concierto-en-caracas\/\" \/>\n<meta property=\"og:locale\" content=\"es_ES\" \/>\n<meta property=\"og:type\" content=\"article\" \/>\n<meta property=\"og:title\" content=\"Travis acompa\u00f1ar\u00e1 a REM en su concierto en Caracas - OidosSucios.Com\" \/>\n<meta property=\"og:description\" content=\"El cuarteto caraque\u00f1o de punk, Piso 23, acaba de lanzar su primer \u00e1lbum Cuban Democracy, distribuido de forma gratuita por OidosSucios.Com.\" \/>\n<meta property=\"og:url\" content=\"https:\/\/www.oidossucios.com\/site\/travis-acompanara-a-rem-en-su-concierto-en-caracas\/\" \/>\n<meta property=\"og:site_name\" content=\"OidosSucios.Com\" \/>\n<meta property=\"article:published_time\" content=\"2008-10-09T00:41:00+00:00\" \/>\n<meta property=\"og:image\" content=\"https:\/\/www.oidossucios.com\/site\/wp-content\/uploads\/2008\/10\/1511.jpg\" \/>\n\t<meta property=\"og:image:width\" content=\"290\" \/>\n\t<meta property=\"og:image:height\" content=\"100\" \/>\n<meta name=\"twitter:card\" content=\"summary_large_image\" \/>\n<meta name=\"twitter:creator\" content=\"@oidossucios\" \/>\n<script type=\"application\/ld+json\" class=\"yoast-schema-graph\">{\"@context\":\"https:\/\/schema.org\",\"@graph\":[{\"@type\":\"WebSite\",\"@id\":\"https:\/\/www.oidossucios.com\/site\/#website\",\"url\":\"https:\/\/www.oidossucios.com\/site\/\",\"name\":\"OidosSucios.Com\",\"description\":\"M\\u00fasica, conciertos, discos\",\"potentialAction\":[{\"@type\":\"SearchAction\",\"target\":\"https:\/\/www.oidossucios.com\/site\/?s={search_term_string}\",\"query-input\":\"required name=search_term_string\"}],\"inLanguage\":\"es\"},{\"@type\":\"ImageObject\",\"@id\":\"https:\/\/www.oidossucios.com\/site\/travis-acompanara-a-rem-en-su-concierto-en-caracas\/#primaryimage\",\"inLanguage\":\"es\",\"url\":\"https:\/\/www.oidossucios.com\/site\/wp-content\/uploads\/2008\/10\/1511.jpg\",\"width\":290,\"height\":100},{\"@type\":\"WebPage\",\"@id\":\"https:\/\/www.oidossucios.com\/site\/travis-acompanara-a-rem-en-su-concierto-en-caracas\/#webpage\",\"url\":\"https:\/\/www.oidossucios.com\/site\/travis-acompanara-a-rem-en-su-concierto-en-caracas\/\",\"name\":\"Travis acompa\\u00f1ar\\u00e1 a REM en su concierto en Caracas - OidosSucios.Com\",\"isPartOf\":{\"@id\":\"https:\/\/www.oidossucios.com\/site\/#website\"},\"primaryImageOfPage\":{\"@id\":\"https:\/\/www.oidossucios.com\/site\/travis-acompanara-a-rem-en-su-concierto-en-caracas\/#primaryimage\"},\"datePublished\":\"2008-10-09T00:41:00+00:00\",\"dateModified\":\"2008-10-09T00:41:00+00:00\",\"author\":{\"@id\":\"https:\/\/www.oidossucios.com\/site\/#\/schema\/person\/24559eeb76bf83a63296fb072393a688\"},\"description\":\"El cuarteto caraque\\u00f1o de punk, Piso 23, acaba de lanzar su primer \\u00e1lbum Cuban Democracy, distribuido de forma gratuita por OidosSucios.Com.\",\"inLanguage\":\"es\",\"potentialAction\":[{\"@type\":\"ReadAction\",\"target\":[\"https:\/\/www.oidossucios.com\/site\/travis-acompanara-a-rem-en-su-concierto-en-caracas\/\"]}]},{\"@type\":[\"Person\"],\"@id\":\"https:\/\/www.oidossucios.com\/site\/#\/schema\/person\/24559eeb76bf83a63296fb072393a688\",\"name\":\"Oidossucios\",\"image\":{\"@type\":\"ImageObject\",\"@id\":\"https:\/\/www.oidossucios.com\/site\/#personlogo\",\"inLanguage\":\"es\",\"url\":\"https:\/\/secure.gravatar.com\/avatar\/74fcb480f42f1a33e50a0b6e6369a3f907be2e43dc84fa5f76c66e9c22b4a5ab?s=96&d=mm&r=g\",\"caption\":\"Oidossucios\"},\"sameAs\":[\"https:\/\/twitter.com\/oidossucios\"]}]}<\/script>\n<!-- \/ Yoast SEO plugin. -->","jetpack_sharing_enabled":true,"_links":{"self":[{"href":"https:\/\/www.oidossucios.com\/site\/wp-json\/wp\/v2\/posts\/1515","targetHints":{"allow":["GET"]}}],"collection":[{"href":"https:\/\/www.oidossucios.com\/site\/wp-json\/wp\/v2\/posts"}],"about":[{"href":"https:\/\/www.oidossucios.com\/site\/wp-json\/wp\/v2\/types\/post"}],"author":[{"embeddable":true,"href":"https:\/\/www.oidossucios.com\/site\/wp-json\/wp\/v2\/users\/4"}],"replies":[{"embeddable":true,"href":"https:\/\/www.oidossucios.com\/site\/wp-json\/wp\/v2\/comments?post=1515"}],"version-history":[{"count":0,"href":"https:\/\/www.oidossucios.com\/site\/wp-json\/wp\/v2\/posts\/1515\/revisions"}],"wp:featuredmedia":[{"embeddable":true,"href":"https:\/\/www.oidossucios.com\/site\/wp-json\/wp\/v2\/media\/100001511"}],"wp:attachment":[{"href":"https:\/\/www.oidossucios.com\/site\/wp-json\/wp\/v2\/media?parent=1515"}],"wp:term":[{"taxonomy":"category","embeddable":true,"href":"https:\/\/www.oidossucios.com\/site\/wp-json\/wp\/v2\/categories?post=1515"},{"taxonomy":"post_tag","embeddable":true,"href":"https:\/\/www.oidossucios.com\/site\/wp-json\/wp\/v2\/tags?post=1515"}],"curies":[{"name":"wp","href":"https:\/\/api.w.org\/{rel}","templated":true}]}}