{"id":1549,"date":"2008-11-18T00:46:00","date_gmt":"2008-11-18T00:46:00","guid":{"rendered":"https:\/\/www.oidossucios.com\/site\/2008\/11\/18\/los-mentas-de-gira-por-mexico\/"},"modified":"2008-11-18T00:46:00","modified_gmt":"2008-11-18T00:46:00","slug":"los-mentas-de-gira-por-mexico","status":"publish","type":"post","link":"https:\/\/www.oidossucios.com\/site\/los-mentas-de-gira-por-mexico\/","title":{"rendered":"Los Mentas de gira por M\u00e9xico"},"content":{"rendered":"<p>La agrupaci\u00f3n de rockabilly venezolana conformada por Juan Olmedillo, Carlos Aray, H\u00e9ctor &#8220;Lucas&#8221; Paredes y Richard Blanco partir\u00e1 esta semana a M\u00e9xico donde realizar\u00e1n una serie de conciertos desde el pr\u00f3ximo 19 hasta el 22 de noviembre de 2008, destacando su participaci\u00f3n en el Festival Internacional de Puebla, junto a Julieta Venegas, Bela Fleck, Celso Pi\u00f1a Kinky, Plastilina Mosh, entre otros artistas.<\/p>\n<p>Los Mentas, quienes viajan por segunda vez en este a\u00f1o a tierras mexicanas, tambi\u00e9n representar\u00e1n a Venezuela en el Rock en \u00d1 M\u00e9xico edici\u00f3n 2008, que se llevar\u00e1 a cabo el 21 de noviembre, ocasi\u00f3n en la cual compartir\u00e1n tarima con las bandas Los Santisimo Snorkels y Lost Acapulco. <\/p>\n<p>En la gira anterior por M\u00e9xico, en el mes de mayo, la agrupaci\u00f3n particip\u00f3 en el marco del Vive Latino 2008 y present\u00f3 su m\u00e1s reciente \u00e1lbum titulado &#8220;Sopa, seco y jugo&#8221;. <\/p>\n<p>Las fechas de la gira mexicana de Los Mentas son las siguientes:<\/p>\n<p>19 nov 2008 Festival Internacional de Puebla &#8211; Puebla, Puebla<br \/>20 nov 2008 Area Chica, Toluca, Estado de M\u00e9xico Toluca, M\u00e9xico<br \/>21 nov 2008 Rock en \u00d1 M\u00e9xico &#8211; Sede Sgae, DF, Distrito Federal<br \/>22 nov 2008 Casa Hilvana &#8211; DF DF, Distrito Federal<\/p>\n","protected":false},"excerpt":{"rendered":"<p>Por segunda vez en el a\u00f1o, la agrupaci\u00f3n venezolana Los Mentas viajar\u00e1 a M\u00e9xico para participar en varios conciertos a lo largo del pa\u00eds azteca<\/p>\n","protected":false},"author":4,"featured_media":100001545,"comment_status":"open","ping_status":"open","sticky":false,"template":"","format":"standard","meta":{"_jetpack_memberships_contains_paid_content":false,"footnotes":""},"categories":[250],"tags":[],"class_list":["post-1549","post","type-post","status-publish","format-standard","has-post-thumbnail","hentry","category-noticias"],"jetpack_featured_media_url":"https:\/\/www.oidossucios.com\/site\/wp-content\/uploads\/2008\/11\/1545.jpg","yoast_head":"<!-- This site is optimized with the Yoast SEO plugin v14.0.4 - https:\/\/yoast.com\/wordpress\/plugins\/seo\/ -->\n<title>Los Mentas de gira por M\u00e9xico - OidosSucios.Com<\/title>\n<meta name=\"description\" content=\"La reconocida agrupaci\u00f3n se presentar\u00e1 por primera vez en el mes de febrero del 2009, como parte de su gira latinoamericana\" \/>\n<meta name=\"robots\" content=\"index, follow\" \/>\n<meta name=\"googlebot\" content=\"index, follow, max-snippet:-1, max-image-preview:large, max-video-preview:-1\" \/>\n<meta name=\"bingbot\" content=\"index, follow, max-snippet:-1, max-image-preview:large, max-video-preview:-1\" \/>\n<link rel=\"canonical\" href=\"https:\/\/www.oidossucios.com\/site\/los-mentas-de-gira-por-mexico\/\" \/>\n<meta property=\"og:locale\" content=\"es_ES\" \/>\n<meta property=\"og:type\" content=\"article\" \/>\n<meta property=\"og:title\" content=\"Los Mentas de gira por M\u00e9xico - OidosSucios.Com\" \/>\n<meta property=\"og:description\" content=\"La reconocida agrupaci\u00f3n se presentar\u00e1 por primera vez en el mes de febrero del 2009, como parte de su gira latinoamericana\" \/>\n<meta property=\"og:url\" content=\"https:\/\/www.oidossucios.com\/site\/los-mentas-de-gira-por-mexico\/\" \/>\n<meta property=\"og:site_name\" content=\"OidosSucios.Com\" \/>\n<meta property=\"article:published_time\" content=\"2008-11-18T00:46:00+00:00\" \/>\n<meta property=\"og:image\" content=\"https:\/\/www.oidossucios.com\/site\/wp-content\/uploads\/2008\/11\/1545.jpg\" \/>\n\t<meta property=\"og:image:width\" content=\"290\" \/>\n\t<meta property=\"og:image:height\" content=\"100\" \/>\n<meta name=\"twitter:card\" content=\"summary_large_image\" \/>\n<meta name=\"twitter:creator\" content=\"@oidossucios\" \/>\n<script type=\"application\/ld+json\" class=\"yoast-schema-graph\">{\"@context\":\"https:\/\/schema.org\",\"@graph\":[{\"@type\":\"WebSite\",\"@id\":\"https:\/\/www.oidossucios.com\/site\/#website\",\"url\":\"https:\/\/www.oidossucios.com\/site\/\",\"name\":\"OidosSucios.Com\",\"description\":\"M\\u00fasica, conciertos, discos\",\"potentialAction\":[{\"@type\":\"SearchAction\",\"target\":\"https:\/\/www.oidossucios.com\/site\/?s={search_term_string}\",\"query-input\":\"required name=search_term_string\"}],\"inLanguage\":\"es\"},{\"@type\":\"ImageObject\",\"@id\":\"https:\/\/www.oidossucios.com\/site\/los-mentas-de-gira-por-mexico\/#primaryimage\",\"inLanguage\":\"es\",\"url\":\"https:\/\/www.oidossucios.com\/site\/wp-content\/uploads\/2008\/11\/1545.jpg\",\"width\":290,\"height\":100},{\"@type\":\"WebPage\",\"@id\":\"https:\/\/www.oidossucios.com\/site\/los-mentas-de-gira-por-mexico\/#webpage\",\"url\":\"https:\/\/www.oidossucios.com\/site\/los-mentas-de-gira-por-mexico\/\",\"name\":\"Los Mentas de gira por M\\u00e9xico - OidosSucios.Com\",\"isPartOf\":{\"@id\":\"https:\/\/www.oidossucios.com\/site\/#website\"},\"primaryImageOfPage\":{\"@id\":\"https:\/\/www.oidossucios.com\/site\/los-mentas-de-gira-por-mexico\/#primaryimage\"},\"datePublished\":\"2008-11-18T00:46:00+00:00\",\"dateModified\":\"2008-11-18T00:46:00+00:00\",\"author\":{\"@id\":\"https:\/\/www.oidossucios.com\/site\/#\/schema\/person\/24559eeb76bf83a63296fb072393a688\"},\"description\":\"La reconocida agrupaci\\u00f3n se presentar\\u00e1 por primera vez en el mes de febrero del 2009, como parte de su gira latinoamericana\",\"inLanguage\":\"es\",\"potentialAction\":[{\"@type\":\"ReadAction\",\"target\":[\"https:\/\/www.oidossucios.com\/site\/los-mentas-de-gira-por-mexico\/\"]}]},{\"@type\":[\"Person\"],\"@id\":\"https:\/\/www.oidossucios.com\/site\/#\/schema\/person\/24559eeb76bf83a63296fb072393a688\",\"name\":\"Oidossucios\",\"image\":{\"@type\":\"ImageObject\",\"@id\":\"https:\/\/www.oidossucios.com\/site\/#personlogo\",\"inLanguage\":\"es\",\"url\":\"https:\/\/secure.gravatar.com\/avatar\/74fcb480f42f1a33e50a0b6e6369a3f907be2e43dc84fa5f76c66e9c22b4a5ab?s=96&d=mm&r=g\",\"caption\":\"Oidossucios\"},\"sameAs\":[\"https:\/\/twitter.com\/oidossucios\"]}]}<\/script>\n<!-- \/ Yoast SEO plugin. -->","jetpack_sharing_enabled":true,"_links":{"self":[{"href":"https:\/\/www.oidossucios.com\/site\/wp-json\/wp\/v2\/posts\/1549","targetHints":{"allow":["GET"]}}],"collection":[{"href":"https:\/\/www.oidossucios.com\/site\/wp-json\/wp\/v2\/posts"}],"about":[{"href":"https:\/\/www.oidossucios.com\/site\/wp-json\/wp\/v2\/types\/post"}],"author":[{"embeddable":true,"href":"https:\/\/www.oidossucios.com\/site\/wp-json\/wp\/v2\/users\/4"}],"replies":[{"embeddable":true,"href":"https:\/\/www.oidossucios.com\/site\/wp-json\/wp\/v2\/comments?post=1549"}],"version-history":[{"count":0,"href":"https:\/\/www.oidossucios.com\/site\/wp-json\/wp\/v2\/posts\/1549\/revisions"}],"wp:featuredmedia":[{"embeddable":true,"href":"https:\/\/www.oidossucios.com\/site\/wp-json\/wp\/v2\/media\/100001545"}],"wp:attachment":[{"href":"https:\/\/www.oidossucios.com\/site\/wp-json\/wp\/v2\/media?parent=1549"}],"wp:term":[{"taxonomy":"category","embeddable":true,"href":"https:\/\/www.oidossucios.com\/site\/wp-json\/wp\/v2\/categories?post=1549"},{"taxonomy":"post_tag","embeddable":true,"href":"https:\/\/www.oidossucios.com\/site\/wp-json\/wp\/v2\/tags?post=1549"}],"curies":[{"name":"wp","href":"https:\/\/api.w.org\/{rel}","templated":true}]}}