{"id":1552,"date":"2008-11-19T14:58:00","date_gmt":"2008-11-19T14:58:00","guid":{"rendered":"https:\/\/www.oidossucios.com\/site\/2008\/11\/19\/aplazados-conciertos-de-fabulosos-cadillacs\/"},"modified":"2008-11-19T14:58:00","modified_gmt":"2008-11-19T14:58:00","slug":"aplazados-conciertos-de-fabulosos-cadillacs","status":"publish","type":"post","link":"https:\/\/www.oidossucios.com\/site\/aplazados-conciertos-de-fabulosos-cadillacs\/","title":{"rendered":"Aplazados conciertos de Fabulosos Cadillacs"},"content":{"rendered":"<p>La  empresa responsable de la gira latinoamericana de Los Fabulosos Cadillacs, Shows Business &#038;\u00a0Entertainment, y que se encarga principalmente de la organizaci\u00f3n de su pr\u00f3xima presentaci\u00f3n en Colombia, ha informado que los conciertos a realizar los d\u00edas 19 de noviembre en Medell\u00edn y 22 de noviembre en Bogot\u00e1 se postergan para el 26 de febrero del pr\u00f3ximo a\u00f1o, en Medell\u00edn, y el 28 de febrero, en Bogot\u00e1. <\/p>\n<p>El aplazamiento se debe a las malas condiciones clim\u00e1ticas que presenta Bogot\u00e1 \u00faltimamente, en donde hay fuertes lluvias continuas. Los malos pron\u00f3sticos del tiempo har\u00e1n imposible armar y montar este gran evento, ya que las principales alternativas de escenarios son al aire libre. <\/p>\n<p>Hasta ahora, se han buscado otras opciones de escenarios cubiertos en Bogot\u00e1, pero el Coliseo Cubierto El Camp\u00edn no est\u00e1 disponible. La productora y la banda no consideran pertinente cancelar los shows en el momento debido al clima, por lo cual toman la decisi\u00f3n de realizar el concierto en febrero. Esta decisi\u00f3n puede abrir la posibilidad de que la banda agende nuevas fechas\u00a0de su gira,\u00a0donde\u00a0podr\u00eda incluirse a Venezuela.<\/p>\n<p>Las personas que adquirieron entradas para las fechas canceladas, podr\u00e1n utilizar las mismas para asistir a los shows de Los Fabulosos Cadillacs en febrero. Igualmente, la venta continuar\u00e1 en los puntos &#8220;Tu Boleta&#8221;\u00a0de Medell\u00edn y Bogot\u00e1.<\/p>\n","protected":false},"excerpt":{"rendered":"<p>La presentaci\u00f3n en Colombia de Los Fabulosos Cadillacs se posterga para febrero del a\u00f1o que viene<\/p>\n","protected":false},"author":4,"featured_media":100001548,"comment_status":"open","ping_status":"open","sticky":false,"template":"","format":"standard","meta":{"_jetpack_memberships_contains_paid_content":false,"footnotes":""},"categories":[250],"tags":[],"class_list":["post-1552","post","type-post","status-publish","format-standard","has-post-thumbnail","hentry","category-noticias"],"jetpack_featured_media_url":"https:\/\/www.oidossucios.com\/site\/wp-content\/uploads\/2008\/11\/1548.jpg","yoast_head":"<!-- This site is optimized with the Yoast SEO plugin v14.0.4 - https:\/\/yoast.com\/wordpress\/plugins\/seo\/ -->\n<title>Aplazados conciertos de Fabulosos Cadillacs - OidosSucios.Com<\/title>\n<meta name=\"description\" content=\"El evento realizado en Caracas, como parte de la Caravana de la Alegr\u00eda, iniciar\u00e1 ahora el motivo de un proceso legal\" \/>\n<meta name=\"robots\" content=\"index, follow\" \/>\n<meta name=\"googlebot\" content=\"index, follow, max-snippet:-1, max-image-preview:large, max-video-preview:-1\" \/>\n<meta name=\"bingbot\" content=\"index, follow, max-snippet:-1, max-image-preview:large, max-video-preview:-1\" \/>\n<link rel=\"canonical\" href=\"https:\/\/www.oidossucios.com\/site\/aplazados-conciertos-de-fabulosos-cadillacs\/\" \/>\n<meta property=\"og:locale\" content=\"es_ES\" \/>\n<meta property=\"og:type\" content=\"article\" \/>\n<meta property=\"og:title\" content=\"Aplazados conciertos de Fabulosos Cadillacs - OidosSucios.Com\" \/>\n<meta property=\"og:description\" content=\"El evento realizado en Caracas, como parte de la Caravana de la Alegr\u00eda, iniciar\u00e1 ahora el motivo de un proceso legal\" \/>\n<meta property=\"og:url\" content=\"https:\/\/www.oidossucios.com\/site\/aplazados-conciertos-de-fabulosos-cadillacs\/\" \/>\n<meta property=\"og:site_name\" content=\"OidosSucios.Com\" \/>\n<meta property=\"article:published_time\" content=\"2008-11-19T14:58:00+00:00\" \/>\n<meta property=\"og:image\" content=\"https:\/\/www.oidossucios.com\/site\/wp-content\/uploads\/2008\/11\/1548.jpg\" \/>\n\t<meta property=\"og:image:width\" content=\"290\" \/>\n\t<meta property=\"og:image:height\" content=\"100\" \/>\n<meta name=\"twitter:card\" content=\"summary_large_image\" \/>\n<meta name=\"twitter:creator\" content=\"@oidossucios\" \/>\n<script type=\"application\/ld+json\" class=\"yoast-schema-graph\">{\"@context\":\"https:\/\/schema.org\",\"@graph\":[{\"@type\":\"WebSite\",\"@id\":\"https:\/\/www.oidossucios.com\/site\/#website\",\"url\":\"https:\/\/www.oidossucios.com\/site\/\",\"name\":\"OidosSucios.Com\",\"description\":\"M\\u00fasica, conciertos, discos\",\"potentialAction\":[{\"@type\":\"SearchAction\",\"target\":\"https:\/\/www.oidossucios.com\/site\/?s={search_term_string}\",\"query-input\":\"required name=search_term_string\"}],\"inLanguage\":\"es\"},{\"@type\":\"ImageObject\",\"@id\":\"https:\/\/www.oidossucios.com\/site\/aplazados-conciertos-de-fabulosos-cadillacs\/#primaryimage\",\"inLanguage\":\"es\",\"url\":\"https:\/\/www.oidossucios.com\/site\/wp-content\/uploads\/2008\/11\/1548.jpg\",\"width\":290,\"height\":100},{\"@type\":\"WebPage\",\"@id\":\"https:\/\/www.oidossucios.com\/site\/aplazados-conciertos-de-fabulosos-cadillacs\/#webpage\",\"url\":\"https:\/\/www.oidossucios.com\/site\/aplazados-conciertos-de-fabulosos-cadillacs\/\",\"name\":\"Aplazados conciertos de Fabulosos Cadillacs - OidosSucios.Com\",\"isPartOf\":{\"@id\":\"https:\/\/www.oidossucios.com\/site\/#website\"},\"primaryImageOfPage\":{\"@id\":\"https:\/\/www.oidossucios.com\/site\/aplazados-conciertos-de-fabulosos-cadillacs\/#primaryimage\"},\"datePublished\":\"2008-11-19T14:58:00+00:00\",\"dateModified\":\"2008-11-19T14:58:00+00:00\",\"author\":{\"@id\":\"https:\/\/www.oidossucios.com\/site\/#\/schema\/person\/24559eeb76bf83a63296fb072393a688\"},\"description\":\"El evento realizado en Caracas, como parte de la Caravana de la Alegr\\u00eda, iniciar\\u00e1 ahora el motivo de un proceso legal\",\"inLanguage\":\"es\",\"potentialAction\":[{\"@type\":\"ReadAction\",\"target\":[\"https:\/\/www.oidossucios.com\/site\/aplazados-conciertos-de-fabulosos-cadillacs\/\"]}]},{\"@type\":[\"Person\"],\"@id\":\"https:\/\/www.oidossucios.com\/site\/#\/schema\/person\/24559eeb76bf83a63296fb072393a688\",\"name\":\"Oidossucios\",\"image\":{\"@type\":\"ImageObject\",\"@id\":\"https:\/\/www.oidossucios.com\/site\/#personlogo\",\"inLanguage\":\"es\",\"url\":\"https:\/\/secure.gravatar.com\/avatar\/74fcb480f42f1a33e50a0b6e6369a3f907be2e43dc84fa5f76c66e9c22b4a5ab?s=96&d=mm&r=g\",\"caption\":\"Oidossucios\"},\"sameAs\":[\"https:\/\/twitter.com\/oidossucios\"]}]}<\/script>\n<!-- \/ Yoast SEO plugin. -->","jetpack_sharing_enabled":true,"_links":{"self":[{"href":"https:\/\/www.oidossucios.com\/site\/wp-json\/wp\/v2\/posts\/1552","targetHints":{"allow":["GET"]}}],"collection":[{"href":"https:\/\/www.oidossucios.com\/site\/wp-json\/wp\/v2\/posts"}],"about":[{"href":"https:\/\/www.oidossucios.com\/site\/wp-json\/wp\/v2\/types\/post"}],"author":[{"embeddable":true,"href":"https:\/\/www.oidossucios.com\/site\/wp-json\/wp\/v2\/users\/4"}],"replies":[{"embeddable":true,"href":"https:\/\/www.oidossucios.com\/site\/wp-json\/wp\/v2\/comments?post=1552"}],"version-history":[{"count":0,"href":"https:\/\/www.oidossucios.com\/site\/wp-json\/wp\/v2\/posts\/1552\/revisions"}],"wp:featuredmedia":[{"embeddable":true,"href":"https:\/\/www.oidossucios.com\/site\/wp-json\/wp\/v2\/media\/100001548"}],"wp:attachment":[{"href":"https:\/\/www.oidossucios.com\/site\/wp-json\/wp\/v2\/media?parent=1552"}],"wp:term":[{"taxonomy":"category","embeddable":true,"href":"https:\/\/www.oidossucios.com\/site\/wp-json\/wp\/v2\/categories?post=1552"},{"taxonomy":"post_tag","embeddable":true,"href":"https:\/\/www.oidossucios.com\/site\/wp-json\/wp\/v2\/tags?post=1552"}],"curies":[{"name":"wp","href":"https:\/\/api.w.org\/{rel}","templated":true}]}}