{"id":1630,"date":"2009-01-19T23:49:00","date_gmt":"2009-01-19T23:49:00","guid":{"rendered":"https:\/\/www.oidossucios.com\/site\/2009\/01\/19\/u2-lanza-nuevo-sencillo\/"},"modified":"2009-01-19T23:49:00","modified_gmt":"2009-01-19T23:49:00","slug":"u2-lanza-nuevo-sencillo","status":"publish","type":"post","link":"https:\/\/www.oidossucios.com\/site\/u2-lanza-nuevo-sencillo\/","title":{"rendered":"U2 lanza nuevo sencillo"},"content":{"rendered":"<p>La banda de Bono lanzar\u00e1 el primer sencillo de su nuevo disco &#8220;No Line On The Horizon&#8221;el pr\u00f3ximo 15 de febrero en formato digital. El tema, que lleva por nombre Get on Yout Boots, puede escucharse desde ya en streaming a trav\u00e9s de la direcci\u00f3n http:\/\/goyb.u2.com\/ <\/p>\n<p>&#8220;No Line On The Horizon&#8221;fue producido por Brian Eno, Danny Lanois y Steve Lillywhite.<\/p>\n<p>La grabaci\u00f3n se realiz\u00f3 en varios estudios, empezando en Marruecos, y en los estudios de U2 en Dublin, el Platinum Recording Studios de Nueva York y el Olympic Studios de Londres. La salida oficial ser\u00e1 el 2 de marzo en Reino Unido y 3 de marzo en el resto del mundo. <\/p>\n<p>El \u00e1lbum saldr\u00e1 en cinco formatos: el disco est\u00e1ndar, digipack edici\u00f3n limitada,  digipack con una revista de 64 p\u00e1ginas, la edici\u00f3n limitada en caja (con un DVD, revista y afiche) y un vinilo LP.<\/p>\n","protected":false},"excerpt":{"rendered":"<p>La banda irlandesa ha colocado en su sitio web el tema Get on Your Boots, perteneciente a su nueva producci\u00f3n discogr\u00e1fica.<\/p>\n","protected":false},"author":4,"featured_media":100001626,"comment_status":"open","ping_status":"open","sticky":false,"template":"","format":"standard","meta":{"_jetpack_memberships_contains_paid_content":false,"footnotes":""},"categories":[250],"tags":[378],"class_list":["post-1630","post","type-post","status-publish","format-standard","has-post-thumbnail","hentry","category-noticias","tag-u2"],"jetpack_featured_media_url":"https:\/\/www.oidossucios.com\/site\/wp-content\/uploads\/2009\/01\/1626.jpg","yoast_head":"<!-- This site is optimized with the Yoast SEO plugin v14.0.4 - https:\/\/yoast.com\/wordpress\/plugins\/seo\/ -->\n<title>U2 lanza nuevo sencillo - OidosSucios.Com<\/title>\n<meta name=\"description\" content=\"El cantante de Aerosmith emiti\u00f3 su opini\u00f3n sobre la imposibilidad de la banda de tocar en Venezuela en febrero\" \/>\n<meta name=\"robots\" content=\"index, follow\" \/>\n<meta name=\"googlebot\" content=\"index, follow, max-snippet:-1, max-image-preview:large, max-video-preview:-1\" \/>\n<meta name=\"bingbot\" content=\"index, follow, max-snippet:-1, max-image-preview:large, max-video-preview:-1\" \/>\n<link rel=\"canonical\" href=\"https:\/\/www.oidossucios.com\/site\/u2-lanza-nuevo-sencillo\/\" \/>\n<meta property=\"og:locale\" content=\"es_ES\" \/>\n<meta property=\"og:type\" content=\"article\" \/>\n<meta property=\"og:title\" content=\"U2 lanza nuevo sencillo - OidosSucios.Com\" \/>\n<meta property=\"og:description\" content=\"El cantante de Aerosmith emiti\u00f3 su opini\u00f3n sobre la imposibilidad de la banda de tocar en Venezuela en febrero\" \/>\n<meta property=\"og:url\" content=\"https:\/\/www.oidossucios.com\/site\/u2-lanza-nuevo-sencillo\/\" \/>\n<meta property=\"og:site_name\" content=\"OidosSucios.Com\" \/>\n<meta property=\"article:published_time\" content=\"2009-01-19T23:49:00+00:00\" \/>\n<meta property=\"og:image\" content=\"https:\/\/www.oidossucios.com\/site\/wp-content\/uploads\/2009\/01\/1626.jpg\" \/>\n\t<meta property=\"og:image:width\" content=\"290\" \/>\n\t<meta property=\"og:image:height\" content=\"100\" \/>\n<meta name=\"twitter:card\" content=\"summary_large_image\" \/>\n<meta name=\"twitter:creator\" content=\"@oidossucios\" \/>\n<script type=\"application\/ld+json\" class=\"yoast-schema-graph\">{\"@context\":\"https:\/\/schema.org\",\"@graph\":[{\"@type\":\"WebSite\",\"@id\":\"https:\/\/www.oidossucios.com\/site\/#website\",\"url\":\"https:\/\/www.oidossucios.com\/site\/\",\"name\":\"OidosSucios.Com\",\"description\":\"M\\u00fasica, conciertos, discos\",\"potentialAction\":[{\"@type\":\"SearchAction\",\"target\":\"https:\/\/www.oidossucios.com\/site\/?s={search_term_string}\",\"query-input\":\"required name=search_term_string\"}],\"inLanguage\":\"es\"},{\"@type\":\"ImageObject\",\"@id\":\"https:\/\/www.oidossucios.com\/site\/u2-lanza-nuevo-sencillo\/#primaryimage\",\"inLanguage\":\"es\",\"url\":\"https:\/\/www.oidossucios.com\/site\/wp-content\/uploads\/2009\/01\/1626.jpg\",\"width\":290,\"height\":100},{\"@type\":\"WebPage\",\"@id\":\"https:\/\/www.oidossucios.com\/site\/u2-lanza-nuevo-sencillo\/#webpage\",\"url\":\"https:\/\/www.oidossucios.com\/site\/u2-lanza-nuevo-sencillo\/\",\"name\":\"U2 lanza nuevo sencillo - OidosSucios.Com\",\"isPartOf\":{\"@id\":\"https:\/\/www.oidossucios.com\/site\/#website\"},\"primaryImageOfPage\":{\"@id\":\"https:\/\/www.oidossucios.com\/site\/u2-lanza-nuevo-sencillo\/#primaryimage\"},\"datePublished\":\"2009-01-19T23:49:00+00:00\",\"dateModified\":\"2009-01-19T23:49:00+00:00\",\"author\":{\"@id\":\"https:\/\/www.oidossucios.com\/site\/#\/schema\/person\/24559eeb76bf83a63296fb072393a688\"},\"description\":\"El cantante de Aerosmith emiti\\u00f3 su opini\\u00f3n sobre la imposibilidad de la banda de tocar en Venezuela en febrero\",\"inLanguage\":\"es\",\"potentialAction\":[{\"@type\":\"ReadAction\",\"target\":[\"https:\/\/www.oidossucios.com\/site\/u2-lanza-nuevo-sencillo\/\"]}]},{\"@type\":[\"Person\"],\"@id\":\"https:\/\/www.oidossucios.com\/site\/#\/schema\/person\/24559eeb76bf83a63296fb072393a688\",\"name\":\"Oidossucios\",\"image\":{\"@type\":\"ImageObject\",\"@id\":\"https:\/\/www.oidossucios.com\/site\/#personlogo\",\"inLanguage\":\"es\",\"url\":\"https:\/\/secure.gravatar.com\/avatar\/74fcb480f42f1a33e50a0b6e6369a3f907be2e43dc84fa5f76c66e9c22b4a5ab?s=96&d=mm&r=g\",\"caption\":\"Oidossucios\"},\"sameAs\":[\"https:\/\/twitter.com\/oidossucios\"]}]}<\/script>\n<!-- \/ Yoast SEO plugin. -->","jetpack_sharing_enabled":true,"_links":{"self":[{"href":"https:\/\/www.oidossucios.com\/site\/wp-json\/wp\/v2\/posts\/1630","targetHints":{"allow":["GET"]}}],"collection":[{"href":"https:\/\/www.oidossucios.com\/site\/wp-json\/wp\/v2\/posts"}],"about":[{"href":"https:\/\/www.oidossucios.com\/site\/wp-json\/wp\/v2\/types\/post"}],"author":[{"embeddable":true,"href":"https:\/\/www.oidossucios.com\/site\/wp-json\/wp\/v2\/users\/4"}],"replies":[{"embeddable":true,"href":"https:\/\/www.oidossucios.com\/site\/wp-json\/wp\/v2\/comments?post=1630"}],"version-history":[{"count":0,"href":"https:\/\/www.oidossucios.com\/site\/wp-json\/wp\/v2\/posts\/1630\/revisions"}],"wp:featuredmedia":[{"embeddable":true,"href":"https:\/\/www.oidossucios.com\/site\/wp-json\/wp\/v2\/media\/100001626"}],"wp:attachment":[{"href":"https:\/\/www.oidossucios.com\/site\/wp-json\/wp\/v2\/media?parent=1630"}],"wp:term":[{"taxonomy":"category","embeddable":true,"href":"https:\/\/www.oidossucios.com\/site\/wp-json\/wp\/v2\/categories?post=1630"},{"taxonomy":"post_tag","embeddable":true,"href":"https:\/\/www.oidossucios.com\/site\/wp-json\/wp\/v2\/tags?post=1630"}],"curies":[{"name":"wp","href":"https:\/\/api.w.org\/{rel}","templated":true}]}}